{"id":88439,"date":"2019-02-20T13:10:23","date_gmt":"2019-02-20T16:10:23","guid":{"rendered":"http:\/\/www.hoymercedes.com.ar\/principal\/?p=88439"},"modified":"2019-02-20T12:47:50","modified_gmt":"2019-02-20T15:47:50","slug":"provincia-licita-la-repavimentacion-de-la-calle-10-entre-53-bis-y-91","status":"publish","type":"post","link":"https:\/\/www.hoymercedes.com.ar\/principal\/2019\/02\/20\/provincia-licita-la-repavimentacion-de-la-calle-10-entre-53-bis-y-91\/","title":{"rendered":"Provincia licita la repavimentaci\u00f3n de la calle 10 entre 53 bis y 91"},"content":{"rendered":"\n<p>El venidero 14 de marzo se abrir\u00e1n las propuestas de la licitaci\u00f3n p\u00fablica N\u00b0 3 de la provincia de Buenos Aires para la \u201cRehabilitaci\u00f3n y conservaci\u00f3n de calzada asf\u00e1ltica en calle 10 entre calle 53 bis. y calle 91, Log. Total 2.000 mts. en jurisdicci\u00f3n del partido de Mercedes\u201d. <\/p>\n\n\n\n<p>El Presupuesto oficial es de 30.600.811,36 pesos. Incluir\u00eda bacheo, ensanche, repavimentaci\u00f3n y se\u00f1al\u00e9tica. La licitaci\u00f3n fue publicada en el bolet\u00edn oficial de la provincia del d\u00eda 20 de febrero. <\/p>\n\n\n\n<figure class=\"wp-block-image\"><img loading=\"lazy\" decoding=\"async\" width=\"697\" height=\"465\" data-attachment-id=\"88443\" data-permalink=\"https:\/\/www.hoymercedes.com.ar\/principal\/2019\/02\/20\/provincia-licita-la-repavimentacion-de-la-calle-10-entre-53-bis-y-91\/20-calle-lciitacion\/#main\" data-orig-file=\"https:\/\/www.hoymercedes.com.ar\/principal\/wp-content\/uploads\/2019\/02\/20-calle-lciitacion.jpg\" data-orig-size=\"697,465\" data-comments-opened=\"0\" data-image-meta=\"{&quot;aperture&quot;:&quot;0&quot;,&quot;credit&quot;:&quot;&quot;,&quot;camera&quot;:&quot;&quot;,&quot;caption&quot;:&quot;&quot;,&quot;created_timestamp&quot;:&quot;0&quot;,&quot;copyright&quot;:&quot;&quot;,&quot;focal_length&quot;:&quot;0&quot;,&quot;iso&quot;:&quot;0&quot;,&quot;shutter_speed&quot;:&quot;0&quot;,&quot;title&quot;:&quot;&quot;,&quot;orientation&quot;:&quot;0&quot;}\" data-image-title=\"20 calle lciitacion\" data-image-description=\"\" data-image-caption=\"\" data-large-file=\"https:\/\/www.hoymercedes.com.ar\/principal\/wp-content\/uploads\/2019\/02\/20-calle-lciitacion.jpg\" src=\"https:\/\/www.hoymercedes.com.ar\/principal\/wp-content\/uploads\/2019\/02\/20-calle-lciitacion.jpg\" alt=\"\" class=\"wp-image-88443\" srcset=\"https:\/\/www.hoymercedes.com.ar\/principal\/wp-content\/uploads\/2019\/02\/20-calle-lciitacion.jpg 697w, https:\/\/www.hoymercedes.com.ar\/principal\/wp-content\/uploads\/2019\/02\/20-calle-lciitacion-150x100.jpg 150w, https:\/\/www.hoymercedes.com.ar\/principal\/wp-content\/uploads\/2019\/02\/20-calle-lciitacion-630x420.jpg 630w, https:\/\/www.hoymercedes.com.ar\/principal\/wp-content\/uploads\/2019\/02\/20-calle-lciitacion-360x240.jpg 360w\" sizes=\"auto, (max-width: 697px) 100vw, 697px\" \/><\/figure>\n","protected":false},"excerpt":{"rendered":"<p>El venidero 14 de marzo se abrir\u00e1n las propuestas de la licitaci\u00f3n p\u00fablica N\u00b0 3 de la provincia de Buenos &#8230; <a title=\"Provincia licita la repavimentaci\u00f3n de la calle 10 entre 53 bis y 91\" class=\"read-more\" href=\"https:\/\/www.hoymercedes.com.ar\/principal\/2019\/02\/20\/provincia-licita-la-repavimentacion-de-la-calle-10-entre-53-bis-y-91\/\" aria-label=\"Leer m\u00e1s sobre Provincia licita la repavimentaci\u00f3n de la calle 10 entre 53 bis y 91\">Leer m\u00e1s<\/a><\/p>\n","protected":false},"author":1,"featured_media":88440,"comment_status":"closed","ping_status":"open","sticky":false,"template":"","format":"standard","meta":{"_monsterinsights_skip_tracking":false,"_monsterinsights_sitenote_active":false,"_monsterinsights_sitenote_note":"","_monsterinsights_sitenote_category":0,"jetpack_post_was_ever_published":false,"_jetpack_newsletter_access":"","_jetpack_dont_email_post_to_subs":false,"_jetpack_newsletter_tier_id":0,"_jetpack_memberships_contains_paywalled_content":false,"_jetpack_memberships_contains_paid_content":false,"footnotes":"","jetpack_publicize_message":"","jetpack_publicize_feature_enabled":true,"jetpack_social_post_already_shared":true,"jetpack_social_options":{"image_generator_settings":{"template":"highway","default_image_id":0,"font":"","enabled":false},"version":2},"_wpas_customize_per_network":false},"categories":[8881],"tags":[8619,1014,1803,10433,5311],"class_list":["post-88439","post","type-post","status-publish","format-standard","has-post-thumbnail","hentry","category-provincia","tag-licitacion","tag-obras","tag-provincia","tag-repavimentacion","tag-vialidad-provincial","generate-columns","tablet-grid-50","mobile-grid-100","grid-parent","grid-50"],"jetpack_publicize_connections":[],"jetpack_featured_media_url":"https:\/\/www.hoymercedes.com.ar\/principal\/wp-content\/uploads\/2019\/02\/20-calle10-1.jpg","wps_subtitle":"Bacheo y ensanche","jetpack_sharing_enabled":true,"_links":{"self":[{"href":"https:\/\/www.hoymercedes.com.ar\/principal\/wp-json\/wp\/v2\/posts\/88439","targetHints":{"allow":["GET"]}}],"collection":[{"href":"https:\/\/www.hoymercedes.com.ar\/principal\/wp-json\/wp\/v2\/posts"}],"about":[{"href":"https:\/\/www.hoymercedes.com.ar\/principal\/wp-json\/wp\/v2\/types\/post"}],"author":[{"embeddable":true,"href":"https:\/\/www.hoymercedes.com.ar\/principal\/wp-json\/wp\/v2\/users\/1"}],"replies":[{"embeddable":true,"href":"https:\/\/www.hoymercedes.com.ar\/principal\/wp-json\/wp\/v2\/comments?post=88439"}],"version-history":[{"count":0,"href":"https:\/\/www.hoymercedes.com.ar\/principal\/wp-json\/wp\/v2\/posts\/88439\/revisions"}],"wp:featuredmedia":[{"embeddable":true,"href":"https:\/\/www.hoymercedes.com.ar\/principal\/wp-json\/wp\/v2\/media\/88440"}],"wp:attachment":[{"href":"https:\/\/www.hoymercedes.com.ar\/principal\/wp-json\/wp\/v2\/media?parent=88439"}],"wp:term":[{"taxonomy":"category","embeddable":true,"href":"https:\/\/www.hoymercedes.com.ar\/principal\/wp-json\/wp\/v2\/categories?post=88439"},{"taxonomy":"post_tag","embeddable":true,"href":"https:\/\/www.hoymercedes.com.ar\/principal\/wp-json\/wp\/v2\/tags?post=88439"}],"curies":[{"name":"wp","href":"https:\/\/api.w.org\/{rel}","templated":true}]}}