{"id":88449,"date":"2019-02-21T18:45:06","date_gmt":"2019-02-21T21:45:06","guid":{"rendered":"http:\/\/www.hoymercedes.com.ar\/principal\/?p=88449"},"modified":"2019-02-21T16:51:14","modified_gmt":"2019-02-21T19:51:14","slug":"primera-campana-anual-de-vacunacion-contra-la-fiebre-aftosa","status":"publish","type":"post","link":"https:\/\/www.hoymercedes.com.ar\/principal\/2019\/02\/21\/primera-campana-anual-de-vacunacion-contra-la-fiebre-aftosa\/","title":{"rendered":"Primera campa\u00f1a anual de vacunaci\u00f3n contra la fiebre aftosa"},"content":{"rendered":"\n<p><strong><em>En la mayor\u00eda de las provincias, la campa\u00f1a comenzar\u00e1 entre el 6 y el 11 de marzo. Se trata de una acci\u00f3n sanitaria indispensable para resguardar la inmunidad de la ganader\u00eda argentina.<\/em><\/strong><\/p>\n\n\n\n<figure class=\"wp-block-image\"><img loading=\"lazy\" decoding=\"async\" width=\"750\" height=\"374\" data-attachment-id=\"88450\" data-permalink=\"https:\/\/www.hoymercedes.com.ar\/principal\/2019\/02\/21\/primera-campana-anual-de-vacunacion-contra-la-fiebre-aftosa\/20-aftosa\/#main\" data-orig-file=\"https:\/\/www.hoymercedes.com.ar\/principal\/wp-content\/uploads\/2019\/02\/20-aftosa.jpg\" data-orig-size=\"750,374\" data-comments-opened=\"0\" data-image-meta=\"{&quot;aperture&quot;:&quot;0&quot;,&quot;credit&quot;:&quot;&quot;,&quot;camera&quot;:&quot;&quot;,&quot;caption&quot;:&quot;&quot;,&quot;created_timestamp&quot;:&quot;0&quot;,&quot;copyright&quot;:&quot;&quot;,&quot;focal_length&quot;:&quot;0&quot;,&quot;iso&quot;:&quot;0&quot;,&quot;shutter_speed&quot;:&quot;0&quot;,&quot;title&quot;:&quot;&quot;,&quot;orientation&quot;:&quot;1&quot;}\" data-image-title=\"20 aftosa\" data-image-description=\"\" data-image-caption=\"\" data-large-file=\"https:\/\/www.hoymercedes.com.ar\/principal\/wp-content\/uploads\/2019\/02\/20-aftosa.jpg\" src=\"https:\/\/www.hoymercedes.com.ar\/principal\/wp-content\/uploads\/2019\/02\/20-aftosa.jpg\" alt=\"\" class=\"wp-image-88450\" srcset=\"https:\/\/www.hoymercedes.com.ar\/principal\/wp-content\/uploads\/2019\/02\/20-aftosa.jpg 750w, https:\/\/www.hoymercedes.com.ar\/principal\/wp-content\/uploads\/2019\/02\/20-aftosa-150x75.jpg 150w, https:\/\/www.hoymercedes.com.ar\/principal\/wp-content\/uploads\/2019\/02\/20-aftosa-630x314.jpg 630w\" sizes=\"auto, (max-width: 750px) 100vw, 750px\" \/><\/figure>\n\n\n\n<p>El\nServicio Nacional de Sanidad y Calidad Agroalimentaria (Senasa) informa las\nfechas de inicio de la primera campa\u00f1a de vacunaci\u00f3n anual contra la fiebre\naftosa del 2019, en todas aquellas provincias en las que se aplica en forma\nsistem\u00e1tica.<\/p>\n\n\n\n<p>Simult\u00e1neamente\nse inocular\u00e1 a las terneras de entre tres y ocho meses de edad contra la\nbrucelosis, a excepci\u00f3n de la provincia de Tierra del Fuego, reconocida como\nlibre de la enfermedad.<\/p>\n\n\n\n<p>A\nexcepci\u00f3n de algunos planes especiales pertenecientes a las provincias de\nSalta, Catamarca, Mendoza y Jujuy, que dieron inicio a la campa\u00f1a en los meses\nde enero y febrero, en el resto de las provincias de la zona central y norte\ndel pa\u00eds, la campa\u00f1a comenzar\u00e1 entre los d\u00edas 6 y 11 de marzo.<\/p>\n\n\n\n<p>La\nvacunaci\u00f3n contra la fiebre aftosa es una de las principales estrategias de\nprevenci\u00f3n que permite mantener una situaci\u00f3n epidemiol\u00f3gica estable de esa\nenfermedad en la Rep\u00fablica Argentina.<\/p>\n","protected":false},"excerpt":{"rendered":"<p>En la mayor\u00eda de las provincias, la campa\u00f1a comenzar\u00e1 entre el 6 y el 11 de marzo. Se trata de &#8230; <a title=\"Primera campa\u00f1a anual de vacunaci\u00f3n contra la fiebre aftosa\" class=\"read-more\" href=\"https:\/\/www.hoymercedes.com.ar\/principal\/2019\/02\/21\/primera-campana-anual-de-vacunacion-contra-la-fiebre-aftosa\/\" aria-label=\"Leer m\u00e1s sobre Primera campa\u00f1a anual de vacunaci\u00f3n contra la fiebre aftosa\">Leer m\u00e1s<\/a><\/p>\n","protected":false},"author":1,"featured_media":88450,"comment_status":"closed","ping_status":"open","sticky":false,"template":"","format":"standard","meta":{"_monsterinsights_skip_tracking":false,"_monsterinsights_sitenote_active":false,"_monsterinsights_sitenote_note":"","_monsterinsights_sitenote_category":0,"jetpack_post_was_ever_published":false,"_jetpack_newsletter_access":"","_jetpack_dont_email_post_to_subs":false,"_jetpack_newsletter_tier_id":0,"_jetpack_memberships_contains_paywalled_content":false,"_jetpack_memberships_contains_paid_content":false,"footnotes":"","jetpack_publicize_message":"","jetpack_publicize_feature_enabled":true,"jetpack_social_post_already_shared":true,"jetpack_social_options":{"image_generator_settings":{"template":"highway","default_image_id":0,"font":"","enabled":false},"version":2},"_wpas_customize_per_network":false},"categories":[5501],"tags":[14536,14537,8450],"class_list":["post-88449","post","type-post","status-publish","format-standard","has-post-thumbnail","hentry","category-region","tag-aftosa","tag-sanidad-animal","tag-senasa","generate-columns","tablet-grid-50","mobile-grid-100","grid-parent","grid-50"],"jetpack_publicize_connections":[],"jetpack_featured_media_url":"https:\/\/www.hoymercedes.com.ar\/principal\/wp-content\/uploads\/2019\/02\/20-aftosa.jpg","wps_subtitle":"Sanidad animal","jetpack_sharing_enabled":true,"_links":{"self":[{"href":"https:\/\/www.hoymercedes.com.ar\/principal\/wp-json\/wp\/v2\/posts\/88449","targetHints":{"allow":["GET"]}}],"collection":[{"href":"https:\/\/www.hoymercedes.com.ar\/principal\/wp-json\/wp\/v2\/posts"}],"about":[{"href":"https:\/\/www.hoymercedes.com.ar\/principal\/wp-json\/wp\/v2\/types\/post"}],"author":[{"embeddable":true,"href":"https:\/\/www.hoymercedes.com.ar\/principal\/wp-json\/wp\/v2\/users\/1"}],"replies":[{"embeddable":true,"href":"https:\/\/www.hoymercedes.com.ar\/principal\/wp-json\/wp\/v2\/comments?post=88449"}],"version-history":[{"count":0,"href":"https:\/\/www.hoymercedes.com.ar\/principal\/wp-json\/wp\/v2\/posts\/88449\/revisions"}],"wp:featuredmedia":[{"embeddable":true,"href":"https:\/\/www.hoymercedes.com.ar\/principal\/wp-json\/wp\/v2\/media\/88450"}],"wp:attachment":[{"href":"https:\/\/www.hoymercedes.com.ar\/principal\/wp-json\/wp\/v2\/media?parent=88449"}],"wp:term":[{"taxonomy":"category","embeddable":true,"href":"https:\/\/www.hoymercedes.com.ar\/principal\/wp-json\/wp\/v2\/categories?post=88449"},{"taxonomy":"post_tag","embeddable":true,"href":"https:\/\/www.hoymercedes.com.ar\/principal\/wp-json\/wp\/v2\/tags?post=88449"}],"curies":[{"name":"wp","href":"https:\/\/api.w.org\/{rel}","templated":true}]}}