{"id":8845,"date":"2011-11-03T14:10:33","date_gmt":"2011-11-03T14:10:33","guid":{"rendered":"http:\/\/www.hoymercedes.com.ar\/principal\/?p=8845"},"modified":"2011-11-03T17:53:11","modified_gmt":"2011-11-03T17:53:11","slug":"un-grupo-de-vecino-debatio-sobre-instalacion-de-antenas-de-onda-corta","status":"publish","type":"post","link":"https:\/\/www.hoymercedes.com.ar\/principal\/2011\/11\/03\/un-grupo-de-vecino-debatio-sobre-instalacion-de-antenas-de-onda-corta\/","title":{"rendered":"Un grupo de vecinos debati\u00f3 sobre instalaci\u00f3n de antenas de onda corta"},"content":{"rendered":"<p>Durante el encuentro desarrollado en la C\u00e1mara Econ\u00f3mica tambi\u00e9n se hablo del sistema WI FI y de los transformadores ubicados especialmente en sectores densamente poblados<\/p>\n<p>Se concret\u00f3 anoche en las instalaciones de la c\u00e1mara Econ\u00f3mica de nuestra ciudad el anunciado encuentro impulsado por vecinos de diferentes sector del radio urbano y suburbano para debatir el tema relacionado con la instalaci\u00f3n de m\u00e1stiles para soportes de antes que irradia ondas magn\u00e9ticas especialmente las de telefon\u00eda celular buscando la forma de evitar que se contin\u00fae con la pr\u00e1ctica utilizadas por varias empresas de instalar dichos elementos sin previo aviso para luego argumentar ciertos derechos adquiridos para no retirarlas por las cuales en los \u00faltimos meses mediante la movilizaci\u00f3n grupos de vecinos lograron detener la instalaci\u00f3n de dos unidades.<\/p>\n<p>El encargado de dar la charla principal fue Claudio Guevara qui\u00e9n sostuvo \u201cen realidad esta es una iniciativa de los vecinos que preocupados por este avance descontrolado de empresas de telefon\u00eda celular, para WI FI y hasta transformadores que se encuentran dentro de sectores muy pobladas y en todos esos casos existe la fuerte sospecha que producen elementos altamente contaminante que terminan afectado la salud de los habitantes de nuestra ciudad que viven en las proximidades del lugar donde se ha instalado uno delos elementos ya mencionados y me pidieron que me encargara de dar una charla informativa debido a que eleg\u00ed este tema para un estudio, concretamente para mi tesis universitaria, por lo tanto me dedique a estudiar el tema en profundidad, incluso hoy traje un video justamente relacionado con esta problem\u00e1tica que hace pocos meses emiti\u00f3 la televisi\u00f3n espa\u00f1ola.<\/p>\n<p>Lamentablemente estamos viendo como para poder cubrir las necesidades que por ejemplo las empresas telef\u00f3nicas tienen con la prestaci\u00f3n del servicio a los aparatos m\u00f3viles de \u00faltima generaci\u00f3n, los llamados G3 se hace necesario la colocaci\u00f3n de antenas cada vez m\u00e1s potentes que generan una emisi\u00f3n de micro ondas que debido a la gran cantidad de pantallas colocadas forman un campo magn\u00e9tico muy perjudicial y lamentablemente no contamos con una legislaci\u00f3n clara que pueda determinar en que sector de la ciudad se las puede instalar y cuales son los directamente prohibidos.<\/p>\n<p>Desde ya que las empresas prestatarias de dichos servicios niegan de manera total y enf\u00e1tica que la irradiaci\u00f3n de las ondas provoque cierto tipo de enfermedades entre aquellos vecinos que residen en los lugares m\u00e1s pr\u00f3ximos al que se encuentra asentada la torre con las antenas, pero ya por lo menos el cincuenta por ciento de la doctrina m\u00e9dica en el mundo dan a conocer los trastornos que provocan y como son los casos de enfermedades muchas veces impensadas como el stress, la somnolencia permanente, desvelo y falta de sue\u00f1o, desconcentraci\u00f3n, y muchas otras que lamentablemente suelen padecer estas personas.<\/p>\n<p>Esta es una primera charla en la que el objetivo principal del grupo de vecinos que se hicieron presentes es intentar alg\u00fan tipo de medida que impida la instalaci\u00f3n de dichos sistema en cualquiera de las \u00e1reas de nuestro partido con una determinada concentraci\u00f3n de poblaci\u00f3n y seguramente si las reuniones contin\u00faan y se van sumando nuevas voluntades es muy posible que de estos encuentros pueda salir una propuesta concreta que bien podr\u00eda ser presentada en el Concejo Deliberante, de hecho hoy contamos con la presencia de algunos concejales muy interesados en el tema como por ejemplo Jos\u00e9 Luis Ramos que ya en una de las \u00faltimas sesiones present\u00f3 una propuesta relacionada con este tema, pero en definitiva a eso lo deben decidir \u00fanicamente los vecinos que se sienten afectados\u201d.<\/p>\n","protected":false},"excerpt":{"rendered":"<p>Durante el encuentro desarrollado en la C\u00e1mara Econ\u00f3mica tambi\u00e9n se hablo del sistema WI FI y de los transformadores ubicados &#8230; <a title=\"Un grupo de vecinos debati\u00f3 sobre instalaci\u00f3n de antenas de onda corta\" class=\"read-more\" href=\"https:\/\/www.hoymercedes.com.ar\/principal\/2011\/11\/03\/un-grupo-de-vecino-debatio-sobre-instalacion-de-antenas-de-onda-corta\/\" aria-label=\"Leer m\u00e1s sobre Un grupo de vecinos debati\u00f3 sobre instalaci\u00f3n de antenas de onda corta\">Leer m\u00e1s<\/a><\/p>\n","protected":false},"author":1,"featured_media":0,"comment_status":"open","ping_status":"open","sticky":false,"template":"","format":"standard","meta":{"_monsterinsights_skip_tracking":false,"_monsterinsights_sitenote_active":false,"_monsterinsights_sitenote_note":"","_monsterinsights_sitenote_category":0,"jetpack_post_was_ever_published":false,"_jetpack_newsletter_access":"","_jetpack_dont_email_post_to_subs":false,"_jetpack_newsletter_tier_id":0,"_jetpack_memberships_contains_paywalled_content":false,"_jetpack_memberships_contains_paid_content":false,"footnotes":"","jetpack_publicize_message":"","jetpack_publicize_feature_enabled":true,"jetpack_social_post_already_shared":false,"jetpack_social_options":{"image_generator_settings":{"template":"highway","default_image_id":0,"font":"","enabled":false},"version":2},"_wpas_customize_per_network":false},"categories":[8],"tags":[1545],"class_list":["post-8845","post","type-post","status-publish","format-standard","hentry","category-sociedad","tag-antenas-de-onda-corta","generate-columns","tablet-grid-50","mobile-grid-100","grid-parent","grid-50"],"jetpack_publicize_connections":[],"jetpack_featured_media_url":"","wps_subtitle":"","jetpack_sharing_enabled":true,"_links":{"self":[{"href":"https:\/\/www.hoymercedes.com.ar\/principal\/wp-json\/wp\/v2\/posts\/8845","targetHints":{"allow":["GET"]}}],"collection":[{"href":"https:\/\/www.hoymercedes.com.ar\/principal\/wp-json\/wp\/v2\/posts"}],"about":[{"href":"https:\/\/www.hoymercedes.com.ar\/principal\/wp-json\/wp\/v2\/types\/post"}],"author":[{"embeddable":true,"href":"https:\/\/www.hoymercedes.com.ar\/principal\/wp-json\/wp\/v2\/users\/1"}],"replies":[{"embeddable":true,"href":"https:\/\/www.hoymercedes.com.ar\/principal\/wp-json\/wp\/v2\/comments?post=8845"}],"version-history":[{"count":0,"href":"https:\/\/www.hoymercedes.com.ar\/principal\/wp-json\/wp\/v2\/posts\/8845\/revisions"}],"wp:attachment":[{"href":"https:\/\/www.hoymercedes.com.ar\/principal\/wp-json\/wp\/v2\/media?parent=8845"}],"wp:term":[{"taxonomy":"category","embeddable":true,"href":"https:\/\/www.hoymercedes.com.ar\/principal\/wp-json\/wp\/v2\/categories?post=8845"},{"taxonomy":"post_tag","embeddable":true,"href":"https:\/\/www.hoymercedes.com.ar\/principal\/wp-json\/wp\/v2\/tags?post=8845"}],"curies":[{"name":"wp","href":"https:\/\/api.w.org\/{rel}","templated":true}]}}