{"id":88464,"date":"2019-02-20T16:45:39","date_gmt":"2019-02-20T19:45:39","guid":{"rendered":"http:\/\/www.hoymercedes.com.ar\/principal\/?p=88464"},"modified":"2019-02-20T16:53:38","modified_gmt":"2019-02-20T19:53:38","slug":"selva-pide-fortalecer-autonomias-municipales","status":"publish","type":"post","link":"https:\/\/www.hoymercedes.com.ar\/principal\/2019\/02\/20\/selva-pide-fortalecer-autonomias-municipales\/","title":{"rendered":"Selva pide fortalecer autonom\u00edas municipales"},"content":{"rendered":"\n<p>El \u00faltimo martes, el diputado nacional del Frente Renovador, Carlos Selva, acompa\u00f1\u00f3 al intendente de Chivilcoy, Guillermo Britos, en el inicio de obras de asfalto de esa localidad.<\/p>\n\n\n\n<figure class=\"wp-block-embed-facebook wp-block-embed is-type-video is-provider-facebook\"><div class=\"wp-block-embed__wrapper\">\n<div class=\"fb-video\" data-allowfullscreen=\"true\" data-href=\"https:\/\/www.facebook.com\/CarlosSelvaOK\/videos\/413890815846654\/\" style=\"background-color: #fff; display: inline-block;\"><\/div>\n<\/div><\/figure>\n\n\n\n<p>\u201cEn un escenario inflacionario como el que tenemos, el esfuerzo de los municipios es cada vez mayor y este tipo de obras con recursos municipales reavivan el compromiso de quienes tenemos responsabilidades\u201d, dijo Selva, y remarc\u00f3 que \u201ces necesario avanzar en el fortalecimiento y autonom\u00eda de los municipios para que este tipo de obras que hoy se ven en Chivilcoy y que se deducen en mejor calidad de vida para los vecinos se hagan extensivas en toda la provincia de Buenos Aires\u201d.<\/p>\n\n\n\n<figure class=\"wp-block-image\"><img loading=\"lazy\" decoding=\"async\" width=\"750\" height=\"500\" data-attachment-id=\"88465\" data-permalink=\"https:\/\/www.hoymercedes.com.ar\/principal\/2019\/02\/20\/selva-pide-fortalecer-autonomias-municipales\/20-selva-chivilcoy\/#main\" data-orig-file=\"https:\/\/www.hoymercedes.com.ar\/principal\/wp-content\/uploads\/2019\/02\/20-selva-chivilcoy.jpg\" data-orig-size=\"750,500\" data-comments-opened=\"0\" data-image-meta=\"{&quot;aperture&quot;:&quot;0&quot;,&quot;credit&quot;:&quot;&quot;,&quot;camera&quot;:&quot;&quot;,&quot;caption&quot;:&quot;&quot;,&quot;created_timestamp&quot;:&quot;0&quot;,&quot;copyright&quot;:&quot;&quot;,&quot;focal_length&quot;:&quot;0&quot;,&quot;iso&quot;:&quot;0&quot;,&quot;shutter_speed&quot;:&quot;0&quot;,&quot;title&quot;:&quot;&quot;,&quot;orientation&quot;:&quot;0&quot;}\" data-image-title=\"20 selva chivilcoy\" data-image-description=\"\" data-image-caption=\"\" data-large-file=\"https:\/\/www.hoymercedes.com.ar\/principal\/wp-content\/uploads\/2019\/02\/20-selva-chivilcoy.jpg\" src=\"https:\/\/www.hoymercedes.com.ar\/principal\/wp-content\/uploads\/2019\/02\/20-selva-chivilcoy.jpg\" alt=\"\" class=\"wp-image-88465\" srcset=\"https:\/\/www.hoymercedes.com.ar\/principal\/wp-content\/uploads\/2019\/02\/20-selva-chivilcoy.jpg 750w, https:\/\/www.hoymercedes.com.ar\/principal\/wp-content\/uploads\/2019\/02\/20-selva-chivilcoy-150x100.jpg 150w, https:\/\/www.hoymercedes.com.ar\/principal\/wp-content\/uploads\/2019\/02\/20-selva-chivilcoy-630x420.jpg 630w, https:\/\/www.hoymercedes.com.ar\/principal\/wp-content\/uploads\/2019\/02\/20-selva-chivilcoy-720x480.jpg 720w, https:\/\/www.hoymercedes.com.ar\/principal\/wp-content\/uploads\/2019\/02\/20-selva-chivilcoy-360x240.jpg 360w\" sizes=\"auto, (max-width: 750px) 100vw, 750px\" \/><\/figure>\n\n\n\n<p>El intendente Britos remarc\u00f3 que Selva \u201cconoce bastante de esto\u201d en cuanto a gesti\u00f3n, y el diputado remarco la \u201cbuena administraci\u00f3n en un momento muy complejo\u201d: \u201cHay un intendente que se puso las cosas al hombro\u201d, dijo Selva sobre la responsabilidad asumida por Guillermo Britos.<\/p>\n\n\n\n<p>\u201cEl tiene muy en claro su definici\u00f3n en el justicialismo y sabemos que cuando asumimos responsabilidades el compromiso mayor es con el ciudadano\u201d, sostuvo Selva y llam\u00f3 a defender la autonom\u00eda de los municipios en la provincia.<\/p>\n\n\n\n<figure class=\"wp-block-image\"><img loading=\"lazy\" decoding=\"async\" width=\"750\" height=\"500\" data-attachment-id=\"88466\" data-permalink=\"https:\/\/www.hoymercedes.com.ar\/principal\/2019\/02\/20\/selva-pide-fortalecer-autonomias-municipales\/20-selva-chivilcoy2\/#main\" data-orig-file=\"https:\/\/www.hoymercedes.com.ar\/principal\/wp-content\/uploads\/2019\/02\/20-selva-chivilcoy2.jpg\" data-orig-size=\"750,500\" data-comments-opened=\"0\" data-image-meta=\"{&quot;aperture&quot;:&quot;0&quot;,&quot;credit&quot;:&quot;&quot;,&quot;camera&quot;:&quot;&quot;,&quot;caption&quot;:&quot;&quot;,&quot;created_timestamp&quot;:&quot;0&quot;,&quot;copyright&quot;:&quot;&quot;,&quot;focal_length&quot;:&quot;0&quot;,&quot;iso&quot;:&quot;0&quot;,&quot;shutter_speed&quot;:&quot;0&quot;,&quot;title&quot;:&quot;&quot;,&quot;orientation&quot;:&quot;0&quot;}\" data-image-title=\"20 selva chivilcoy2\" data-image-description=\"\" data-image-caption=\"\" data-large-file=\"https:\/\/www.hoymercedes.com.ar\/principal\/wp-content\/uploads\/2019\/02\/20-selva-chivilcoy2.jpg\" src=\"https:\/\/www.hoymercedes.com.ar\/principal\/wp-content\/uploads\/2019\/02\/20-selva-chivilcoy2.jpg\" alt=\"\" class=\"wp-image-88466\" srcset=\"https:\/\/www.hoymercedes.com.ar\/principal\/wp-content\/uploads\/2019\/02\/20-selva-chivilcoy2.jpg 750w, https:\/\/www.hoymercedes.com.ar\/principal\/wp-content\/uploads\/2019\/02\/20-selva-chivilcoy2-150x100.jpg 150w, https:\/\/www.hoymercedes.com.ar\/principal\/wp-content\/uploads\/2019\/02\/20-selva-chivilcoy2-630x420.jpg 630w, https:\/\/www.hoymercedes.com.ar\/principal\/wp-content\/uploads\/2019\/02\/20-selva-chivilcoy2-720x480.jpg 720w, https:\/\/www.hoymercedes.com.ar\/principal\/wp-content\/uploads\/2019\/02\/20-selva-chivilcoy2-360x240.jpg 360w\" sizes=\"auto, (max-width: 750px) 100vw, 750px\" \/><\/figure>\n","protected":false},"excerpt":{"rendered":"<p>El \u00faltimo martes, el diputado nacional del Frente Renovador, Carlos Selva, acompa\u00f1\u00f3 al intendente de Chivilcoy, Guillermo Britos, en el &#8230; <a title=\"Selva pide fortalecer autonom\u00edas municipales\" class=\"read-more\" href=\"https:\/\/www.hoymercedes.com.ar\/principal\/2019\/02\/20\/selva-pide-fortalecer-autonomias-municipales\/\" aria-label=\"Leer m\u00e1s sobre Selva pide fortalecer autonom\u00edas municipales\">Leer m\u00e1s<\/a><\/p>\n","protected":false},"author":1,"featured_media":88466,"comment_status":"closed","ping_status":"open","sticky":false,"template":"","format":"standard","meta":{"_monsterinsights_skip_tracking":false,"_monsterinsights_sitenote_active":false,"_monsterinsights_sitenote_note":"","_monsterinsights_sitenote_category":0,"jetpack_post_was_ever_published":false,"_jetpack_newsletter_access":"","_jetpack_dont_email_post_to_subs":false,"_jetpack_newsletter_tier_id":0,"_jetpack_memberships_contains_paywalled_content":false,"_jetpack_memberships_contains_paid_content":false,"footnotes":"","jetpack_publicize_message":"","jetpack_publicize_feature_enabled":true,"jetpack_social_post_already_shared":true,"jetpack_social_options":{"image_generator_settings":{"template":"highway","default_image_id":0,"font":"","enabled":false},"version":2},"_wpas_customize_per_network":false},"categories":[5210],"tags":[39,62,5319],"class_list":["post-88464","post","type-post","status-publish","format-standard","has-post-thumbnail","hentry","category-politica-nacional","tag-carlos-selva","tag-chivilcoy","tag-politica-2","generate-columns","tablet-grid-50","mobile-grid-100","grid-parent","grid-50"],"jetpack_publicize_connections":[],"jetpack_featured_media_url":"https:\/\/www.hoymercedes.com.ar\/principal\/wp-content\/uploads\/2019\/02\/20-selva-chivilcoy2.jpg","wps_subtitle":"De visita por Chivilcoy","jetpack_sharing_enabled":true,"_links":{"self":[{"href":"https:\/\/www.hoymercedes.com.ar\/principal\/wp-json\/wp\/v2\/posts\/88464","targetHints":{"allow":["GET"]}}],"collection":[{"href":"https:\/\/www.hoymercedes.com.ar\/principal\/wp-json\/wp\/v2\/posts"}],"about":[{"href":"https:\/\/www.hoymercedes.com.ar\/principal\/wp-json\/wp\/v2\/types\/post"}],"author":[{"embeddable":true,"href":"https:\/\/www.hoymercedes.com.ar\/principal\/wp-json\/wp\/v2\/users\/1"}],"replies":[{"embeddable":true,"href":"https:\/\/www.hoymercedes.com.ar\/principal\/wp-json\/wp\/v2\/comments?post=88464"}],"version-history":[{"count":0,"href":"https:\/\/www.hoymercedes.com.ar\/principal\/wp-json\/wp\/v2\/posts\/88464\/revisions"}],"wp:featuredmedia":[{"embeddable":true,"href":"https:\/\/www.hoymercedes.com.ar\/principal\/wp-json\/wp\/v2\/media\/88466"}],"wp:attachment":[{"href":"https:\/\/www.hoymercedes.com.ar\/principal\/wp-json\/wp\/v2\/media?parent=88464"}],"wp:term":[{"taxonomy":"category","embeddable":true,"href":"https:\/\/www.hoymercedes.com.ar\/principal\/wp-json\/wp\/v2\/categories?post=88464"},{"taxonomy":"post_tag","embeddable":true,"href":"https:\/\/www.hoymercedes.com.ar\/principal\/wp-json\/wp\/v2\/tags?post=88464"}],"curies":[{"name":"wp","href":"https:\/\/api.w.org\/{rel}","templated":true}]}}