{"id":88481,"date":"2019-02-20T18:08:51","date_gmt":"2019-02-20T21:08:51","guid":{"rendered":"http:\/\/www.hoymercedes.com.ar\/principal\/?p=88481"},"modified":"2019-02-20T16:58:08","modified_gmt":"2019-02-20T19:58:08","slug":"exposicion-historica-de-carnavales-en-el-miguez","status":"publish","type":"post","link":"https:\/\/www.hoymercedes.com.ar\/principal\/2019\/02\/20\/exposicion-historica-de-carnavales-en-el-miguez\/","title":{"rendered":"Exposici\u00f3n hist\u00f3rica de Carnavales en el Miguez"},"content":{"rendered":"\n<p>Se palpitan las cuatro noches de carnaval no son en las calles con los sonidos de las murgas y los desfiles de la comparsa. Los \u201ccuatro d\u00edas locos\u201d se palpitan desde la historia de los corsos mercedinos. En las salas del Museo Hist\u00f3rico \u201cV\u00edctor Miguez\u201d. Hasta el 4 de marzo podr\u00e1 visitarse la\u00a0 muestra que re\u00fane trajes de murgas y comparsas, la bicicleta de Abelito y las fotograf\u00edas de las carrozas de C\u00e9sar Mariella. <\/p>\n\n\n\n<figure class=\"wp-block-image\"><img loading=\"lazy\" decoding=\"async\" width=\"720\" height=\"869\" data-attachment-id=\"88483\" data-permalink=\"https:\/\/www.hoymercedes.com.ar\/principal\/2019\/02\/20\/exposicion-historica-de-carnavales-en-el-miguez\/20-carnaval-miguez-2\/#main\" data-orig-file=\"https:\/\/www.hoymercedes.com.ar\/principal\/wp-content\/uploads\/2019\/02\/20-carnaval-miguez-2.jpg\" data-orig-size=\"720,869\" data-comments-opened=\"0\" data-image-meta=\"{&quot;aperture&quot;:&quot;0&quot;,&quot;credit&quot;:&quot;&quot;,&quot;camera&quot;:&quot;&quot;,&quot;caption&quot;:&quot;&quot;,&quot;created_timestamp&quot;:&quot;0&quot;,&quot;copyright&quot;:&quot;&quot;,&quot;focal_length&quot;:&quot;0&quot;,&quot;iso&quot;:&quot;0&quot;,&quot;shutter_speed&quot;:&quot;0&quot;,&quot;title&quot;:&quot;&quot;,&quot;orientation&quot;:&quot;0&quot;}\" data-image-title=\"20 carnaval miguez 2\" data-image-description=\"\" data-image-caption=\"\" data-large-file=\"https:\/\/www.hoymercedes.com.ar\/principal\/wp-content\/uploads\/2019\/02\/20-carnaval-miguez-2.jpg\" src=\"https:\/\/www.hoymercedes.com.ar\/principal\/wp-content\/uploads\/2019\/02\/20-carnaval-miguez-2.jpg\" alt=\"\" class=\"wp-image-88483\" srcset=\"https:\/\/www.hoymercedes.com.ar\/principal\/wp-content\/uploads\/2019\/02\/20-carnaval-miguez-2.jpg 720w, https:\/\/www.hoymercedes.com.ar\/principal\/wp-content\/uploads\/2019\/02\/20-carnaval-miguez-2-124x150.jpg 124w, https:\/\/www.hoymercedes.com.ar\/principal\/wp-content\/uploads\/2019\/02\/20-carnaval-miguez-2-514x620.jpg 514w\" sizes=\"auto, (max-width: 720px) 100vw, 720px\" \/><\/figure>\n\n\n\n<p>Abierta al p\u00fablico desde el fin de semana, Marcela Brown,\nCoordinadora de los Museos Municipales, cont\u00f3 que la exposici\u00f3n en el Miguez\nresume los corsos en la ciudad con objetos no vistos en muestra anteriores. \u201cLa\nmuestra tiene varios objetos, entre ellos la bicicleta que usaba Abelito cada\nnoche mezclado entre otras atracciones. Es la primera vez que se expone en el\nMuseo y est\u00e1 acompa\u00f1ada de fotos y referencias a la vida de Abelito\u201d, cont\u00f3 la\nfuncionaria. <\/p>\n\n\n\n<p>En exposici\u00f3n, parte de la muestra fija, est\u00e1 el estandarte\nde los Negro Unidos y fotograf\u00edas del Orfe\u00f3n de Plata. Tambi\u00e9n hay distintos\ntrajes, algunos de ellos del Museo y otros que fueron prestados &nbsp;por algunos de los vecinos que desfilaron en\nlos corsos. <\/p>\n\n\n\n<p>\u201cEntre las fotograf\u00edas que se exponen, se lo puede ver al\nYacar\u00e9 Sequeira haciendo zancos, por ejemplo. Pero las fotograf\u00edas m\u00e1s\nimportantes, para nosotros en esta muestra, son las im\u00e1genes de las fotograf\u00edas\ndise\u00f1adas por C\u00e9sar Mariella. \u00c9l no est\u00e1 bien de salud, pero su hija Papina y\nsu nieta Victoria, nos pasaron sus fotos que ampliamos. Recordamos que C\u00e9sar hizo\nmuchas carrozas representando a muchas instituciones como el Club Estudiantes o\nla Escuela Industrial. Adem\u00e1s de las fotos, hay un video que refleja la\nhistoria con los animadores. Un video que hizo Fernando Luna y est\u00e1 expuesto\u201d,\nagreg\u00f3 Marcela Brown. <\/p>\n\n\n\n<figure class=\"wp-block-image\"><img loading=\"lazy\" decoding=\"async\" width=\"720\" height=\"688\" data-attachment-id=\"88484\" data-permalink=\"https:\/\/www.hoymercedes.com.ar\/principal\/2019\/02\/20\/exposicion-historica-de-carnavales-en-el-miguez\/20-carnaval-miguez-3\/#main\" data-orig-file=\"https:\/\/www.hoymercedes.com.ar\/principal\/wp-content\/uploads\/2019\/02\/20-carnaval-miguez-3.jpg\" data-orig-size=\"720,688\" data-comments-opened=\"0\" data-image-meta=\"{&quot;aperture&quot;:&quot;0&quot;,&quot;credit&quot;:&quot;&quot;,&quot;camera&quot;:&quot;&quot;,&quot;caption&quot;:&quot;&quot;,&quot;created_timestamp&quot;:&quot;0&quot;,&quot;copyright&quot;:&quot;&quot;,&quot;focal_length&quot;:&quot;0&quot;,&quot;iso&quot;:&quot;0&quot;,&quot;shutter_speed&quot;:&quot;0&quot;,&quot;title&quot;:&quot;&quot;,&quot;orientation&quot;:&quot;0&quot;}\" data-image-title=\"20 carnaval miguez 3\" data-image-description=\"\" data-image-caption=\"\" data-large-file=\"https:\/\/www.hoymercedes.com.ar\/principal\/wp-content\/uploads\/2019\/02\/20-carnaval-miguez-3.jpg\" src=\"https:\/\/www.hoymercedes.com.ar\/principal\/wp-content\/uploads\/2019\/02\/20-carnaval-miguez-3.jpg\" alt=\"\" class=\"wp-image-88484\" srcset=\"https:\/\/www.hoymercedes.com.ar\/principal\/wp-content\/uploads\/2019\/02\/20-carnaval-miguez-3.jpg 720w, https:\/\/www.hoymercedes.com.ar\/principal\/wp-content\/uploads\/2019\/02\/20-carnaval-miguez-3-150x143.jpg 150w, https:\/\/www.hoymercedes.com.ar\/principal\/wp-content\/uploads\/2019\/02\/20-carnaval-miguez-3-630x602.jpg 630w\" sizes=\"auto, (max-width: 720px) 100vw, 720px\" \/><\/figure>\n\n\n\n<p>La muestra no tuvo una inauguraci\u00f3n formal, ya que ser\u00e1 a final de la exposici\u00f3n el acto. Est\u00e1 expuesta en el Museo M\u00edguez hasta el lunes 4 de marzo, d\u00eda en que cerrar\u00e1n las cuatro noches de carnavales. El Museo puede visitarse de martes a viernes de 8 a 16 horas y los s\u00e1bados, domingos y feriados de 10 a 14 horas. <\/p>\n\n\n\n<figure class=\"wp-block-image\"><img loading=\"lazy\" decoding=\"async\" width=\"750\" height=\"422\" data-attachment-id=\"88482\" data-permalink=\"https:\/\/www.hoymercedes.com.ar\/principal\/2019\/02\/20\/exposicion-historica-de-carnavales-en-el-miguez\/20-carnaval-miguez-1\/#main\" data-orig-file=\"https:\/\/www.hoymercedes.com.ar\/principal\/wp-content\/uploads\/2019\/02\/20-carnaval-miguez-1.jpg\" data-orig-size=\"750,422\" data-comments-opened=\"0\" data-image-meta=\"{&quot;aperture&quot;:&quot;0&quot;,&quot;credit&quot;:&quot;&quot;,&quot;camera&quot;:&quot;&quot;,&quot;caption&quot;:&quot;&quot;,&quot;created_timestamp&quot;:&quot;0&quot;,&quot;copyright&quot;:&quot;&quot;,&quot;focal_length&quot;:&quot;0&quot;,&quot;iso&quot;:&quot;0&quot;,&quot;shutter_speed&quot;:&quot;0&quot;,&quot;title&quot;:&quot;&quot;,&quot;orientation&quot;:&quot;0&quot;}\" data-image-title=\"20 carnaval miguez 1\" data-image-description=\"\" data-image-caption=\"\" data-large-file=\"https:\/\/www.hoymercedes.com.ar\/principal\/wp-content\/uploads\/2019\/02\/20-carnaval-miguez-1.jpg\" src=\"https:\/\/www.hoymercedes.com.ar\/principal\/wp-content\/uploads\/2019\/02\/20-carnaval-miguez-1.jpg\" alt=\"\" class=\"wp-image-88482\" srcset=\"https:\/\/www.hoymercedes.com.ar\/principal\/wp-content\/uploads\/2019\/02\/20-carnaval-miguez-1.jpg 750w, https:\/\/www.hoymercedes.com.ar\/principal\/wp-content\/uploads\/2019\/02\/20-carnaval-miguez-1-150x84.jpg 150w, https:\/\/www.hoymercedes.com.ar\/principal\/wp-content\/uploads\/2019\/02\/20-carnaval-miguez-1-630x354.jpg 630w\" sizes=\"auto, (max-width: 750px) 100vw, 750px\" \/><\/figure>\n","protected":false},"excerpt":{"rendered":"<p>Se palpitan las cuatro noches de carnaval no son en las calles con los sonidos de las murgas y los &#8230; <a title=\"Exposici\u00f3n hist\u00f3rica de Carnavales en el Miguez\" class=\"read-more\" href=\"https:\/\/www.hoymercedes.com.ar\/principal\/2019\/02\/20\/exposicion-historica-de-carnavales-en-el-miguez\/\" aria-label=\"Leer m\u00e1s sobre Exposici\u00f3n hist\u00f3rica de Carnavales en el Miguez\">Leer m\u00e1s<\/a><\/p>\n","protected":false},"author":1,"featured_media":88482,"comment_status":"closed","ping_status":"open","sticky":false,"template":"","format":"standard","meta":{"_monsterinsights_skip_tracking":false,"_monsterinsights_sitenote_active":false,"_monsterinsights_sitenote_note":"","_monsterinsights_sitenote_category":0,"jetpack_post_was_ever_published":false,"_jetpack_newsletter_access":"","_jetpack_dont_email_post_to_subs":false,"_jetpack_newsletter_tier_id":0,"_jetpack_memberships_contains_paywalled_content":false,"_jetpack_memberships_contains_paid_content":false,"footnotes":"","jetpack_publicize_message":"","jetpack_publicize_feature_enabled":true,"jetpack_social_post_already_shared":true,"jetpack_social_options":{"image_generator_settings":{"template":"highway","default_image_id":0,"font":"","enabled":false},"version":2},"_wpas_customize_per_network":false},"categories":[104],"tags":[93,7805,8673,8715,3766],"class_list":["post-88481","post","type-post","status-publish","format-standard","has-post-thumbnail","hentry","category-cultura","tag-carnavales","tag-cultura","tag-exposicion","tag-muestra","tag-museo-miguez","generate-columns","tablet-grid-50","mobile-grid-100","grid-parent","grid-50"],"jetpack_publicize_connections":[],"jetpack_featured_media_url":"https:\/\/www.hoymercedes.com.ar\/principal\/wp-content\/uploads\/2019\/02\/20-carnaval-miguez-1.jpg","wps_subtitle":"Anticipando los corsos 2019","jetpack_sharing_enabled":true,"_links":{"self":[{"href":"https:\/\/www.hoymercedes.com.ar\/principal\/wp-json\/wp\/v2\/posts\/88481","targetHints":{"allow":["GET"]}}],"collection":[{"href":"https:\/\/www.hoymercedes.com.ar\/principal\/wp-json\/wp\/v2\/posts"}],"about":[{"href":"https:\/\/www.hoymercedes.com.ar\/principal\/wp-json\/wp\/v2\/types\/post"}],"author":[{"embeddable":true,"href":"https:\/\/www.hoymercedes.com.ar\/principal\/wp-json\/wp\/v2\/users\/1"}],"replies":[{"embeddable":true,"href":"https:\/\/www.hoymercedes.com.ar\/principal\/wp-json\/wp\/v2\/comments?post=88481"}],"version-history":[{"count":0,"href":"https:\/\/www.hoymercedes.com.ar\/principal\/wp-json\/wp\/v2\/posts\/88481\/revisions"}],"wp:featuredmedia":[{"embeddable":true,"href":"https:\/\/www.hoymercedes.com.ar\/principal\/wp-json\/wp\/v2\/media\/88482"}],"wp:attachment":[{"href":"https:\/\/www.hoymercedes.com.ar\/principal\/wp-json\/wp\/v2\/media?parent=88481"}],"wp:term":[{"taxonomy":"category","embeddable":true,"href":"https:\/\/www.hoymercedes.com.ar\/principal\/wp-json\/wp\/v2\/categories?post=88481"},{"taxonomy":"post_tag","embeddable":true,"href":"https:\/\/www.hoymercedes.com.ar\/principal\/wp-json\/wp\/v2\/tags?post=88481"}],"curies":[{"name":"wp","href":"https:\/\/api.w.org\/{rel}","templated":true}]}}