{"id":88494,"date":"2019-02-21T09:53:41","date_gmt":"2019-02-21T12:53:41","guid":{"rendered":"http:\/\/www.hoymercedes.com.ar\/principal\/?p=88494"},"modified":"2019-02-21T09:29:27","modified_gmt":"2019-02-21T12:29:27","slug":"amplian-el-caps-del-bo-san-francisco-2","status":"publish","type":"post","link":"https:\/\/www.hoymercedes.com.ar\/principal\/2019\/02\/21\/amplian-el-caps-del-bo-san-francisco-2\/","title":{"rendered":"Ampl\u00edan el CAPS del Bo. San Francisco"},"content":{"rendered":"\n<p>Desde la Municipalidad de Mercedes confirmaron la remodelaci\u00f3n y ampliaci\u00f3n del Centro de Atenci\u00f3n Primarias de la Salud del Barrio San Francisco. El espacio se ampl\u00eda en 35 metros cuadrados sumando una nueva sala de atenci\u00f3n m\u00e9dica. <\/p>\n\n\n\n<figure class=\"wp-block-image\"><img loading=\"lazy\" decoding=\"async\" width=\"750\" height=\"365\" data-attachment-id=\"88495\" data-permalink=\"https:\/\/www.hoymercedes.com.ar\/principal\/2019\/02\/21\/amplian-el-caps-del-bo-san-francisco-2\/21-caps-san-francisco-2\/#main\" data-orig-file=\"https:\/\/www.hoymercedes.com.ar\/principal\/wp-content\/uploads\/2019\/02\/21-caps-san-francisco.jpg\" data-orig-size=\"750,365\" data-comments-opened=\"0\" data-image-meta=\"{&quot;aperture&quot;:&quot;2.4&quot;,&quot;credit&quot;:&quot;&quot;,&quot;camera&quot;:&quot;SM-G9650&quot;,&quot;caption&quot;:&quot;&quot;,&quot;created_timestamp&quot;:&quot;1550661721&quot;,&quot;copyright&quot;:&quot;&quot;,&quot;focal_length&quot;:&quot;4.3&quot;,&quot;iso&quot;:&quot;50&quot;,&quot;shutter_speed&quot;:&quot;0.00081833060556465&quot;,&quot;title&quot;:&quot;&quot;,&quot;orientation&quot;:&quot;1&quot;}\" data-image-title=\"21 caps san francisco\" data-image-description=\"\" data-image-caption=\"\" data-large-file=\"https:\/\/www.hoymercedes.com.ar\/principal\/wp-content\/uploads\/2019\/02\/21-caps-san-francisco.jpg\" src=\"https:\/\/www.hoymercedes.com.ar\/principal\/wp-content\/uploads\/2019\/02\/21-caps-san-francisco.jpg\" alt=\"\" class=\"wp-image-88495\" srcset=\"https:\/\/www.hoymercedes.com.ar\/principal\/wp-content\/uploads\/2019\/02\/21-caps-san-francisco.jpg 750w, https:\/\/www.hoymercedes.com.ar\/principal\/wp-content\/uploads\/2019\/02\/21-caps-san-francisco-150x73.jpg 150w, https:\/\/www.hoymercedes.com.ar\/principal\/wp-content\/uploads\/2019\/02\/21-caps-san-francisco-630x307.jpg 630w\" sizes=\"auto, (max-width: 750px) 100vw, 750px\" \/><\/figure>\n\n\n\n<p>El Intendente Juan Ignacio Ustarroz y el Secretario de Salud Pablo Cassiani recorrieron las obras del CAPS San Francisco que, al estar habilitada por la provincia, tiene un fondo de coparticipaci\u00f3n exclusivo para mejoras edilicias. <\/p>\n\n\n\n<p>\u201cEsta ampliaci\u00f3n permitir\u00e1 que los vecinos tengan una atenci\u00f3n m\u00e1s integral. Ser\u00e1n 35 metros cubiertos. El CAPS contaba con 3 consultorios, pero eran disfuncionales, cuyos pasillos eran chicos y dificultaba el ingreso a personas con discapacidades motrices\u201d, explicaron los funcionarios.\u00a0<\/p>\n","protected":false},"excerpt":{"rendered":"<p>Desde la Municipalidad de Mercedes confirmaron la remodelaci\u00f3n y ampliaci\u00f3n del Centro de Atenci\u00f3n Primarias de la Salud del Barrio &#8230; <a title=\"Ampl\u00edan el CAPS del Bo. San Francisco\" class=\"read-more\" href=\"https:\/\/www.hoymercedes.com.ar\/principal\/2019\/02\/21\/amplian-el-caps-del-bo-san-francisco-2\/\" aria-label=\"Leer m\u00e1s sobre Ampl\u00edan el CAPS del Bo. San Francisco\">Leer m\u00e1s<\/a><\/p>\n","protected":false},"author":1,"featured_media":88495,"comment_status":"closed","ping_status":"open","sticky":false,"template":"","format":"standard","meta":{"_monsterinsights_skip_tracking":false,"_monsterinsights_sitenote_active":false,"_monsterinsights_sitenote_note":"","_monsterinsights_sitenote_category":0,"jetpack_post_was_ever_published":false,"_jetpack_newsletter_access":"","_jetpack_dont_email_post_to_subs":false,"_jetpack_newsletter_tier_id":0,"_jetpack_memberships_contains_paywalled_content":false,"_jetpack_memberships_contains_paid_content":false,"footnotes":"","jetpack_publicize_message":"","jetpack_publicize_feature_enabled":true,"jetpack_social_post_already_shared":true,"jetpack_social_options":{"image_generator_settings":{"template":"highway","default_image_id":0,"font":"","enabled":false},"version":2},"_wpas_customize_per_network":false},"categories":[30],"tags":[14538,244,14539,134],"class_list":["post-88494","post","type-post","status-publish","format-standard","has-post-thumbnail","hentry","category-municipio","tag-caps-san-francisco","tag-municipio-2","tag-obras-de-ampliacion","tag-salud","generate-columns","tablet-grid-50","mobile-grid-100","grid-parent","grid-50"],"jetpack_publicize_connections":[],"jetpack_featured_media_url":"https:\/\/www.hoymercedes.com.ar\/principal\/wp-content\/uploads\/2019\/02\/21-caps-san-francisco.jpg","wps_subtitle":"Salud municipal","jetpack_sharing_enabled":true,"_links":{"self":[{"href":"https:\/\/www.hoymercedes.com.ar\/principal\/wp-json\/wp\/v2\/posts\/88494","targetHints":{"allow":["GET"]}}],"collection":[{"href":"https:\/\/www.hoymercedes.com.ar\/principal\/wp-json\/wp\/v2\/posts"}],"about":[{"href":"https:\/\/www.hoymercedes.com.ar\/principal\/wp-json\/wp\/v2\/types\/post"}],"author":[{"embeddable":true,"href":"https:\/\/www.hoymercedes.com.ar\/principal\/wp-json\/wp\/v2\/users\/1"}],"replies":[{"embeddable":true,"href":"https:\/\/www.hoymercedes.com.ar\/principal\/wp-json\/wp\/v2\/comments?post=88494"}],"version-history":[{"count":0,"href":"https:\/\/www.hoymercedes.com.ar\/principal\/wp-json\/wp\/v2\/posts\/88494\/revisions"}],"wp:featuredmedia":[{"embeddable":true,"href":"https:\/\/www.hoymercedes.com.ar\/principal\/wp-json\/wp\/v2\/media\/88495"}],"wp:attachment":[{"href":"https:\/\/www.hoymercedes.com.ar\/principal\/wp-json\/wp\/v2\/media?parent=88494"}],"wp:term":[{"taxonomy":"category","embeddable":true,"href":"https:\/\/www.hoymercedes.com.ar\/principal\/wp-json\/wp\/v2\/categories?post=88494"},{"taxonomy":"post_tag","embeddable":true,"href":"https:\/\/www.hoymercedes.com.ar\/principal\/wp-json\/wp\/v2\/tags?post=88494"}],"curies":[{"name":"wp","href":"https:\/\/api.w.org\/{rel}","templated":true}]}}