{"id":88498,"date":"2019-02-21T10:45:33","date_gmt":"2019-02-21T13:45:33","guid":{"rendered":"http:\/\/www.hoymercedes.com.ar\/principal\/?p=88498"},"modified":"2019-02-24T19:44:33","modified_gmt":"2019-02-24T22:44:33","slug":"orquesta-de-cuerdas-con-maxi-trusso-en-mercedes","status":"publish","type":"post","link":"https:\/\/www.hoymercedes.com.ar\/principal\/2019\/02\/21\/orquesta-de-cuerdas-con-maxi-trusso-en-mercedes\/","title":{"rendered":"Orquesta de Cuerdas con Maxi Trusso en Mercedes"},"content":{"rendered":"\n<p>Buenas Cuerdas, la Orquesta de Cuerdas de Fundecua Jaffe\/Argentina, visita Mercedes como clausura del Seminario de Verano y presentaci\u00f3n de la Gira a Europa nos acompa\u00f1ara el artista Internacional Maxi Trusso.  El concierto  ser\u00e1 el 22 de febrero, 19:30 hs, en la Plaza San Mart\u00edn. <\/p>\n\n\n\n<figure class=\"wp-block-image\"><img loading=\"lazy\" decoding=\"async\" width=\"750\" height=\"500\" data-attachment-id=\"88499\" data-permalink=\"https:\/\/www.hoymercedes.com.ar\/principal\/2019\/02\/21\/orquesta-de-cuerdas-con-maxi-trusso-en-mercedes\/21-fundecoa\/#main\" data-orig-file=\"https:\/\/www.hoymercedes.com.ar\/principal\/wp-content\/uploads\/2019\/02\/21-fundecoa.jpg\" data-orig-size=\"750,500\" data-comments-opened=\"0\" data-image-meta=\"{&quot;aperture&quot;:&quot;0&quot;,&quot;credit&quot;:&quot;&quot;,&quot;camera&quot;:&quot;&quot;,&quot;caption&quot;:&quot;&quot;,&quot;created_timestamp&quot;:&quot;0&quot;,&quot;copyright&quot;:&quot;&quot;,&quot;focal_length&quot;:&quot;0&quot;,&quot;iso&quot;:&quot;0&quot;,&quot;shutter_speed&quot;:&quot;0&quot;,&quot;title&quot;:&quot;&quot;,&quot;orientation&quot;:&quot;0&quot;}\" data-image-title=\"21 fundecoa\" data-image-description=\"\" data-image-caption=\"\" data-large-file=\"https:\/\/www.hoymercedes.com.ar\/principal\/wp-content\/uploads\/2019\/02\/21-fundecoa.jpg\" src=\"https:\/\/www.hoymercedes.com.ar\/principal\/wp-content\/uploads\/2019\/02\/21-fundecoa.jpg\" alt=\"\" class=\"wp-image-88499\" srcset=\"https:\/\/www.hoymercedes.com.ar\/principal\/wp-content\/uploads\/2019\/02\/21-fundecoa.jpg 750w, https:\/\/www.hoymercedes.com.ar\/principal\/wp-content\/uploads\/2019\/02\/21-fundecoa-150x100.jpg 150w, https:\/\/www.hoymercedes.com.ar\/principal\/wp-content\/uploads\/2019\/02\/21-fundecoa-630x420.jpg 630w, https:\/\/www.hoymercedes.com.ar\/principal\/wp-content\/uploads\/2019\/02\/21-fundecoa-720x480.jpg 720w, https:\/\/www.hoymercedes.com.ar\/principal\/wp-content\/uploads\/2019\/02\/21-fundecoa-360x240.jpg 360w\" sizes=\"auto, (max-width: 750px) 100vw, 750px\" \/><\/figure>\n\n\n\n<p>Desde la Direcci\u00f3n de Cultura Municipal hacen extensiva la invitaci\u00f3n a los vecinos a presenciar y ser parte del concierto. La Directora de Cultura, Lucia Capaccio destac\u00f3 que el concierto era gratis y cont\u00f3 que desde el martes est\u00e1n ensayando en Mercedes. <\/p>\n\n\n\n<p>Por su parte, Andrea Merenzon, coordinadora de Fundecua, invit\u00f3 a los interesados en participar en el coro pueden acercarse al Mart\u00edn Rodr\u00edguez este jueves de 20 a 21 horas, o el jueves y viernes de 10 a 12 horas en el ex. Instituto Unzu\u00e9. El requisito es tener entre 9 y 22 a\u00f1os. <\/p>\n\n\n\n<p>No se requiere experiencia previa, ya que ensayar\u00e1n canciones populares, tales como \u00abHavanna\u00bb, \u00abH\u00e9chame la culpa\u00bb, \u00abOda a la Alegr\u00eda\u00bb, y \u00abThe Lion King\u00bb<\/p>\n\n\n\n<p><\/p>\n","protected":false},"excerpt":{"rendered":"<p>Buenas Cuerdas, la Orquesta de Cuerdas de Fundecua Jaffe\/Argentina, visita Mercedes como clausura del Seminario de Verano y presentaci\u00f3n de &#8230; <a title=\"Orquesta de Cuerdas con Maxi Trusso en Mercedes\" class=\"read-more\" href=\"https:\/\/www.hoymercedes.com.ar\/principal\/2019\/02\/21\/orquesta-de-cuerdas-con-maxi-trusso-en-mercedes\/\" aria-label=\"Leer m\u00e1s sobre Orquesta de Cuerdas con Maxi Trusso en Mercedes\">Leer m\u00e1s<\/a><\/p>\n","protected":false},"author":1,"featured_media":88499,"comment_status":"closed","ping_status":"open","sticky":false,"template":"","format":"standard","meta":{"_monsterinsights_skip_tracking":false,"_monsterinsights_sitenote_active":false,"_monsterinsights_sitenote_note":"","_monsterinsights_sitenote_category":0,"jetpack_post_was_ever_published":false,"_jetpack_newsletter_access":"","_jetpack_dont_email_post_to_subs":false,"_jetpack_newsletter_tier_id":0,"_jetpack_memberships_contains_paywalled_content":false,"_jetpack_memberships_contains_paid_content":false,"footnotes":"","jetpack_publicize_message":"","jetpack_publicize_feature_enabled":true,"jetpack_social_post_already_shared":true,"jetpack_social_options":{"image_generator_settings":{"template":"highway","default_image_id":0,"font":"","enabled":false},"version":2},"_wpas_customize_per_network":false},"categories":[104],"tags":[7805,8539,14540],"class_list":["post-88498","post","type-post","status-publish","format-standard","has-post-thumbnail","hentry","category-cultura","tag-cultura","tag-musica","tag-orquesta-de-cuerdas","generate-columns","tablet-grid-50","mobile-grid-100","grid-parent","grid-50"],"jetpack_publicize_connections":[],"jetpack_featured_media_url":"https:\/\/www.hoymercedes.com.ar\/principal\/wp-content\/uploads\/2019\/02\/21-fundecoa.jpg","wps_subtitle":"Viernes a la tarde","jetpack_sharing_enabled":true,"_links":{"self":[{"href":"https:\/\/www.hoymercedes.com.ar\/principal\/wp-json\/wp\/v2\/posts\/88498","targetHints":{"allow":["GET"]}}],"collection":[{"href":"https:\/\/www.hoymercedes.com.ar\/principal\/wp-json\/wp\/v2\/posts"}],"about":[{"href":"https:\/\/www.hoymercedes.com.ar\/principal\/wp-json\/wp\/v2\/types\/post"}],"author":[{"embeddable":true,"href":"https:\/\/www.hoymercedes.com.ar\/principal\/wp-json\/wp\/v2\/users\/1"}],"replies":[{"embeddable":true,"href":"https:\/\/www.hoymercedes.com.ar\/principal\/wp-json\/wp\/v2\/comments?post=88498"}],"version-history":[{"count":0,"href":"https:\/\/www.hoymercedes.com.ar\/principal\/wp-json\/wp\/v2\/posts\/88498\/revisions"}],"wp:featuredmedia":[{"embeddable":true,"href":"https:\/\/www.hoymercedes.com.ar\/principal\/wp-json\/wp\/v2\/media\/88499"}],"wp:attachment":[{"href":"https:\/\/www.hoymercedes.com.ar\/principal\/wp-json\/wp\/v2\/media?parent=88498"}],"wp:term":[{"taxonomy":"category","embeddable":true,"href":"https:\/\/www.hoymercedes.com.ar\/principal\/wp-json\/wp\/v2\/categories?post=88498"},{"taxonomy":"post_tag","embeddable":true,"href":"https:\/\/www.hoymercedes.com.ar\/principal\/wp-json\/wp\/v2\/tags?post=88498"}],"curies":[{"name":"wp","href":"https:\/\/api.w.org\/{rel}","templated":true}]}}