{"id":88501,"date":"2019-02-21T12:56:25","date_gmt":"2019-02-21T15:56:25","guid":{"rendered":"http:\/\/www.hoymercedes.com.ar\/principal\/?p=88501"},"modified":"2019-02-21T15:52:09","modified_gmt":"2019-02-21T18:52:09","slug":"comienza-curso-de-introduccion-al-trabajo","status":"publish","type":"post","link":"https:\/\/www.hoymercedes.com.ar\/principal\/2019\/02\/21\/comienza-curso-de-introduccion-al-trabajo\/","title":{"rendered":"Comienza curso de introducci\u00f3n al trabajo"},"content":{"rendered":"\n<p>El programa \u201cJ\u00f3venes con m\u00e1s y mejor trabajo\u201d dar\u00e1 inicio en marzo a un nuevo curso de \u201cIntroducci\u00f3n al trabajo\u201d. Es para j\u00f3venes de entre 18 y 24 a\u00f1os que no hayan finalizado sus estudios secundarios o los est\u00e9n cursando y se encuentren desempleados. El curso dura tres meses. Es impulsado por la Coordinaci\u00f3n de Pol\u00edticas Juveniles y la Oficina de Empleo del Municipio.<\/p>\n\n\n\n<p>La responsable de la Oficina de Empleo Municipal, \u00a0Carolina Galeano explic\u00f3 que \u201cla inscripci\u00f3n a estos cursos se mantiene abierta durante todo el a\u00f1o y lo que trata es ofrecer los instrumentos necesarios para que los j\u00f3venes a la hora de salir a buscar un empleo est\u00e9n preparados. Aquellos que quieran participar se deben acercar a la oficina de empleo, sino tambi\u00e9n, al \u00e1rea de Coordinaci\u00f3n de Pol\u00edticas Juveniles\u201d.<\/p>\n\n\n\n<p>Este programa permite capacitarse y ense\u00f1a a confeccionar un curriculum, de qu\u00e9 manera desenvolverse en una entrevista Laboral, ofrece herramientas a nivel inform\u00e1tico, seguridad e higiene y leyes laborales. Asimismo existen charlas de cultura general (educaci\u00f3n vial, educaci\u00f3n sexual, violencia de g\u00e9nero, RCP). <\/p>\n","protected":false},"excerpt":{"rendered":"<p>El programa \u201cJ\u00f3venes con m\u00e1s y mejor trabajo\u201d dar\u00e1 inicio en marzo a un nuevo curso de \u201cIntroducci\u00f3n al trabajo\u201d. &#8230; <a title=\"Comienza curso de introducci\u00f3n al trabajo\" class=\"read-more\" href=\"https:\/\/www.hoymercedes.com.ar\/principal\/2019\/02\/21\/comienza-curso-de-introduccion-al-trabajo\/\" aria-label=\"Leer m\u00e1s sobre Comienza curso de introducci\u00f3n al trabajo\">Leer m\u00e1s<\/a><\/p>\n","protected":false},"author":1,"featured_media":88502,"comment_status":"closed","ping_status":"open","sticky":false,"template":"","format":"standard","meta":{"_monsterinsights_skip_tracking":false,"_monsterinsights_sitenote_active":false,"_monsterinsights_sitenote_note":"","_monsterinsights_sitenote_category":0,"jetpack_post_was_ever_published":false,"_jetpack_newsletter_access":"","_jetpack_dont_email_post_to_subs":false,"_jetpack_newsletter_tier_id":0,"_jetpack_memberships_contains_paywalled_content":false,"_jetpack_memberships_contains_paid_content":false,"footnotes":"","jetpack_publicize_message":"","jetpack_publicize_feature_enabled":true,"jetpack_social_post_already_shared":true,"jetpack_social_options":{"image_generator_settings":{"template":"highway","default_image_id":0,"font":"","enabled":false},"version":2},"_wpas_customize_per_network":false},"categories":[30],"tags":[8656,9125,244,8911],"class_list":["post-88501","post","type-post","status-publish","format-standard","has-post-thumbnail","hentry","category-municipio","tag-capacitacion","tag-empleo","tag-municipio-2","tag-trabajo","generate-columns","tablet-grid-50","mobile-grid-100","grid-parent","grid-50"],"jetpack_publicize_connections":[],"jetpack_featured_media_url":"https:\/\/www.hoymercedes.com.ar\/principal\/wp-content\/uploads\/2019\/02\/21-carolina-galeano.jpg","wps_subtitle":"En marzo","jetpack_sharing_enabled":true,"_links":{"self":[{"href":"https:\/\/www.hoymercedes.com.ar\/principal\/wp-json\/wp\/v2\/posts\/88501","targetHints":{"allow":["GET"]}}],"collection":[{"href":"https:\/\/www.hoymercedes.com.ar\/principal\/wp-json\/wp\/v2\/posts"}],"about":[{"href":"https:\/\/www.hoymercedes.com.ar\/principal\/wp-json\/wp\/v2\/types\/post"}],"author":[{"embeddable":true,"href":"https:\/\/www.hoymercedes.com.ar\/principal\/wp-json\/wp\/v2\/users\/1"}],"replies":[{"embeddable":true,"href":"https:\/\/www.hoymercedes.com.ar\/principal\/wp-json\/wp\/v2\/comments?post=88501"}],"version-history":[{"count":0,"href":"https:\/\/www.hoymercedes.com.ar\/principal\/wp-json\/wp\/v2\/posts\/88501\/revisions"}],"wp:featuredmedia":[{"embeddable":true,"href":"https:\/\/www.hoymercedes.com.ar\/principal\/wp-json\/wp\/v2\/media\/88502"}],"wp:attachment":[{"href":"https:\/\/www.hoymercedes.com.ar\/principal\/wp-json\/wp\/v2\/media?parent=88501"}],"wp:term":[{"taxonomy":"category","embeddable":true,"href":"https:\/\/www.hoymercedes.com.ar\/principal\/wp-json\/wp\/v2\/categories?post=88501"},{"taxonomy":"post_tag","embeddable":true,"href":"https:\/\/www.hoymercedes.com.ar\/principal\/wp-json\/wp\/v2\/tags?post=88501"}],"curies":[{"name":"wp","href":"https:\/\/api.w.org\/{rel}","templated":true}]}}