{"id":88513,"date":"2019-02-21T19:15:41","date_gmt":"2019-02-21T22:15:41","guid":{"rendered":"http:\/\/www.hoymercedes.com.ar\/principal\/?p=88513"},"modified":"2019-02-21T17:09:47","modified_gmt":"2019-02-21T20:09:47","slug":"iniciaron-obras-pluviales-en-calle-113-del-rio-hasta-la-40","status":"publish","type":"post","link":"https:\/\/www.hoymercedes.com.ar\/principal\/2019\/02\/21\/iniciaron-obras-pluviales-en-calle-113-del-rio-hasta-la-40\/","title":{"rendered":"Iniciaron obras pluviales en calle 113 del r\u00edo hasta la 40"},"content":{"rendered":"\n<p>La Municipalidad de Mercedes adquiri\u00f3 250 ca\u00f1os tras un proceso de licitaci\u00f3n para realizar una obra de desag\u00fce pluvial en la calle 113 desde ela Avenida 40 hasta el r\u00edo Luj\u00e1n. <\/p>\n\n\n\n<figure class=\"wp-block-image\"><img loading=\"lazy\" decoding=\"async\" width=\"760\" height=\"419\" data-attachment-id=\"88514\" data-permalink=\"https:\/\/www.hoymercedes.com.ar\/principal\/2019\/02\/21\/iniciaron-obras-pluviales-en-calle-113-del-rio-hasta-la-40\/21-canos-a\/#main\" data-orig-file=\"https:\/\/www.hoymercedes.com.ar\/principal\/wp-content\/uploads\/2019\/02\/21-ca\u00f1os-a.png\" data-orig-size=\"760,419\" data-comments-opened=\"0\" data-image-meta=\"{&quot;aperture&quot;:&quot;0&quot;,&quot;credit&quot;:&quot;&quot;,&quot;camera&quot;:&quot;&quot;,&quot;caption&quot;:&quot;&quot;,&quot;created_timestamp&quot;:&quot;0&quot;,&quot;copyright&quot;:&quot;&quot;,&quot;focal_length&quot;:&quot;0&quot;,&quot;iso&quot;:&quot;0&quot;,&quot;shutter_speed&quot;:&quot;0&quot;,&quot;title&quot;:&quot;&quot;,&quot;orientation&quot;:&quot;0&quot;}\" data-image-title=\"21 ca\u00f1os-a\" data-image-description=\"\" data-image-caption=\"\" data-large-file=\"https:\/\/www.hoymercedes.com.ar\/principal\/wp-content\/uploads\/2019\/02\/21-ca\u00f1os-a.png\" src=\"https:\/\/www.hoymercedes.com.ar\/principal\/wp-content\/uploads\/2019\/02\/21-ca\u00f1os-a.png\" alt=\"\" class=\"wp-image-88514\" srcset=\"https:\/\/www.hoymercedes.com.ar\/principal\/wp-content\/uploads\/2019\/02\/21-ca\u00f1os-a.png 760w, https:\/\/www.hoymercedes.com.ar\/principal\/wp-content\/uploads\/2019\/02\/21-ca\u00f1os-a-150x83.png 150w, https:\/\/www.hoymercedes.com.ar\/principal\/wp-content\/uploads\/2019\/02\/21-ca\u00f1os-a-630x347.png 630w\" sizes=\"auto, (max-width: 760px) 100vw, 760px\" \/><\/figure>\n\n\n\n<p>\u00abSeguimos trabajando incansablemente, la adquisici\u00f3n de los ca\u00f1os fue a trav\u00e9s de un gran trabajo de compras del Municipio en donde se licitaron los mismos,\u00a0 lo que hace que se mejoren los costos a trav\u00e9s de este proceso, son muchas las empresas que se presentan, al ser un municipio ordenado y saneado econ\u00f3micamente\u00bb, explic\u00f3 el Jefe de Gabinete a cargo tambi\u00e9n del \u00e1rea de Servicio y Obras P\u00fablicas, Mat\u00edas Dematei. <\/p>\n\n\n\n<p>Ser\u00e1 una obra de m\u00e1s de 5000 metros de canalizaci\u00f3n entre ambas manos. Dematei manifest\u00f3 que \u00ablos ca\u00f1os corresponden a una obra Pluvial que se realizar\u00e1 en calle 113, dicha obra va a arrancar desde el r\u00edo hasta la 40, ser\u00e1 una obra de gran magnitud\u201d<\/p>\n\n\n\n<p>\u00abEl agua se ir\u00e1 directamente al r\u00edo a gran velocidad porque tiene una pendiente muy buena, lo que no ten\u00eda es una canalizaci\u00f3n\u00bb, agreg\u00f3 el funcionario. \u00abEsta obra que va a dar una soluci\u00f3n h\u00eddrica a muchos barrios, como el barrio San Antonio, Santa Teresita, Jos\u00e9 Hern\u00e1ndez, Blandengues, Barrio Obrero, barrio Alma Fuerte, entre otros\u201d, coment\u00f3. <\/p>\n\n\n\n<p><br><\/p>\n","protected":false},"excerpt":{"rendered":"<p>La Municipalidad de Mercedes adquiri\u00f3 250 ca\u00f1os tras un proceso de licitaci\u00f3n para realizar una obra de desag\u00fce pluvial en &#8230; <a title=\"Iniciaron obras pluviales en calle 113 del r\u00edo hasta la 40\" class=\"read-more\" href=\"https:\/\/www.hoymercedes.com.ar\/principal\/2019\/02\/21\/iniciaron-obras-pluviales-en-calle-113-del-rio-hasta-la-40\/\" aria-label=\"Leer m\u00e1s sobre Iniciaron obras pluviales en calle 113 del r\u00edo hasta la 40\">Leer m\u00e1s<\/a><\/p>\n","protected":false},"author":1,"featured_media":88514,"comment_status":"closed","ping_status":"open","sticky":false,"template":"","format":"standard","meta":{"_monsterinsights_skip_tracking":false,"_monsterinsights_sitenote_active":false,"_monsterinsights_sitenote_note":"","_monsterinsights_sitenote_category":0,"jetpack_post_was_ever_published":false,"_jetpack_newsletter_access":"","_jetpack_dont_email_post_to_subs":false,"_jetpack_newsletter_tier_id":0,"_jetpack_memberships_contains_paywalled_content":false,"_jetpack_memberships_contains_paid_content":false,"footnotes":"","jetpack_publicize_message":"","jetpack_publicize_feature_enabled":true,"jetpack_social_post_already_shared":true,"jetpack_social_options":{"image_generator_settings":{"template":"highway","default_image_id":0,"font":"","enabled":false},"version":2},"_wpas_customize_per_network":false},"categories":[30],"tags":[244,5947,14541],"class_list":["post-88513","post","type-post","status-publish","format-standard","has-post-thumbnail","hentry","category-municipio","tag-municipio-2","tag-obras-publicas","tag-pluviales","generate-columns","tablet-grid-50","mobile-grid-100","grid-parent","grid-50"],"jetpack_publicize_connections":[],"jetpack_featured_media_url":"https:\/\/www.hoymercedes.com.ar\/principal\/wp-content\/uploads\/2019\/02\/21-ca\u00f1os-a.png","wps_subtitle":"Obrasp\u00fablicas","jetpack_sharing_enabled":true,"_links":{"self":[{"href":"https:\/\/www.hoymercedes.com.ar\/principal\/wp-json\/wp\/v2\/posts\/88513","targetHints":{"allow":["GET"]}}],"collection":[{"href":"https:\/\/www.hoymercedes.com.ar\/principal\/wp-json\/wp\/v2\/posts"}],"about":[{"href":"https:\/\/www.hoymercedes.com.ar\/principal\/wp-json\/wp\/v2\/types\/post"}],"author":[{"embeddable":true,"href":"https:\/\/www.hoymercedes.com.ar\/principal\/wp-json\/wp\/v2\/users\/1"}],"replies":[{"embeddable":true,"href":"https:\/\/www.hoymercedes.com.ar\/principal\/wp-json\/wp\/v2\/comments?post=88513"}],"version-history":[{"count":0,"href":"https:\/\/www.hoymercedes.com.ar\/principal\/wp-json\/wp\/v2\/posts\/88513\/revisions"}],"wp:featuredmedia":[{"embeddable":true,"href":"https:\/\/www.hoymercedes.com.ar\/principal\/wp-json\/wp\/v2\/media\/88514"}],"wp:attachment":[{"href":"https:\/\/www.hoymercedes.com.ar\/principal\/wp-json\/wp\/v2\/media?parent=88513"}],"wp:term":[{"taxonomy":"category","embeddable":true,"href":"https:\/\/www.hoymercedes.com.ar\/principal\/wp-json\/wp\/v2\/categories?post=88513"},{"taxonomy":"post_tag","embeddable":true,"href":"https:\/\/www.hoymercedes.com.ar\/principal\/wp-json\/wp\/v2\/tags?post=88513"}],"curies":[{"name":"wp","href":"https:\/\/api.w.org\/{rel}","templated":true}]}}