{"id":88540,"date":"2019-02-22T09:55:37","date_gmt":"2019-02-22T12:55:37","guid":{"rendered":"http:\/\/www.hoymercedes.com.ar\/principal\/?p=88540"},"modified":"2019-02-22T09:52:33","modified_gmt":"2019-02-22T12:52:33","slug":"anuncian-nueva-marcha-contra-el-tarifazo-para-el-5-de-marzo","status":"publish","type":"post","link":"https:\/\/www.hoymercedes.com.ar\/principal\/2019\/02\/22\/anuncian-nueva-marcha-contra-el-tarifazo-para-el-5-de-marzo\/","title":{"rendered":"Anuncian nueva marcha contra el tarifazo para el 5 de marzo"},"content":{"rendered":"\n<p>La uni\u00f3n de gremios, sindicatos y organizaciones sociales de la ciudad comunic\u00f3 una nueva movilizaci\u00f3n para el martes 5 de marzo, 20 horas, en la Plaza San Mart\u00edn. Convocan a todos los ciudadanos a participar de la misma en \u201creclamo y defensa de los derechos y el bolsillo de todos\u201d. <\/p>\n\n\n\n<p>La Mesa Sindical de Mercedes comunic\u00f3 su propuesta: \u201cla idea es visibilizar los hechos que afectan a cada uno de los ciudadanos.\u00a0 Como lo es la nueva ola de despidos que azot\u00f3 la ciudad y la situaci\u00f3n de muchas empresas que se encuentran en crisis por lo que peligra la seguridad de los trabajadores\u201d.<\/p>\n\n\n\n<p>Sobre varios de los focos de alerta, los representantes de la Mesa Sindical manifestaron que \u201cel panorama nunca fue bueno y puede ser peor si le sumamos a la inflaci\u00f3n, el abrupto aumento de las tarifas que realizan desde el gobierno como plan sistem\u00e1tico, siguiendo las l\u00edneas del FMI, en beneficio de las grandes sectores econ\u00f3micos y siempre en prejuicio del bolsillo de los trabajadores\u201d.<\/p>\n\n\n\n<p>Sobre el conflicto con la nueva concesi\u00f3n del peaje, que entre algunas de las modificaciones se dio de baja el beneficio en la tarifa, desde la organizaci\u00f3n sindical remarcaron que \u201clo que sucede con la nueva concesi\u00f3n del peaje es un claro ejemplo de lo que proponen desde el gobierno: m\u00e1s privilegios a los grandes grupos econ\u00f3micos arrasando los derechos constitucionales. Hoy el peaje es un impuesto a la circulaci\u00f3n\u201d<\/p>\n\n\n\n<p>Asimismo la organizaci\u00f3n sindical resalta su oposici\u00f3n \u201ca la reforma laboral, porque la misma pretende a\u00fan m\u00e1s la precarizaci\u00f3n y la consecuente p\u00e9rdida de puestos de trabajo; y exigimos que se retrotraiga a su anterior ordenamiento, la reforma previsional, habida cuenta que la misma y en su actual redacci\u00f3n, afecta derechos presentes y futuros, de los compa\u00f1eros activos y jubilados\u201d<\/p>\n\n\n\n<p><a href=\"https:\/\/mail.yahoo.com\/neo\/launch?action=contacts\" target=\"_blank\" rel=\"noopener\"><\/a><a href=\"https:\/\/calendar.yahoo.com\/\" target=\"_blank\" rel=\"noopener\"><\/a><a href=\"https:\/\/calendar.yahoo.com\/?view=notepad\" target=\"_blank\" rel=\"noopener\"><\/a>Fuente: Prensa Mesa Sindical<br><\/p>\n","protected":false},"excerpt":{"rendered":"<p>La uni\u00f3n de gremios, sindicatos y organizaciones sociales de la ciudad comunic\u00f3 una nueva movilizaci\u00f3n para el martes 5 de &#8230; <a title=\"Anuncian nueva marcha contra el tarifazo para el 5 de marzo\" class=\"read-more\" href=\"https:\/\/www.hoymercedes.com.ar\/principal\/2019\/02\/22\/anuncian-nueva-marcha-contra-el-tarifazo-para-el-5-de-marzo\/\" aria-label=\"Leer m\u00e1s sobre Anuncian nueva marcha contra el tarifazo para el 5 de marzo\">Leer m\u00e1s<\/a><\/p>\n","protected":false},"author":1,"featured_media":88542,"comment_status":"closed","ping_status":"open","sticky":false,"template":"","format":"standard","meta":{"_monsterinsights_skip_tracking":false,"_monsterinsights_sitenote_active":false,"_monsterinsights_sitenote_note":"","_monsterinsights_sitenote_category":0,"jetpack_post_was_ever_published":false,"_jetpack_newsletter_access":"","_jetpack_dont_email_post_to_subs":false,"_jetpack_newsletter_tier_id":0,"_jetpack_memberships_contains_paywalled_content":false,"_jetpack_memberships_contains_paid_content":false,"footnotes":"","jetpack_publicize_message":"","jetpack_publicize_feature_enabled":true,"jetpack_social_post_already_shared":true,"jetpack_social_options":{"image_generator_settings":{"template":"highway","default_image_id":0,"font":"","enabled":false},"version":2},"_wpas_customize_per_network":false},"categories":[10563],"tags":[8799,9180,100,1443,9490],"class_list":["post-88540","post","type-post","status-publish","format-standard","has-post-thumbnail","hentry","category-gremios-sindicatos","tag-gremios","tag-marcha","tag-reclamo","tag-sindicatos","tag-tarifazo","generate-columns","tablet-grid-50","mobile-grid-100","grid-parent","grid-50"],"jetpack_publicize_connections":[],"jetpack_featured_media_url":"https:\/\/www.hoymercedes.com.ar\/principal\/wp-content\/uploads\/2019\/02\/22-Mesa-Sindical-Mercedes.jpg","wps_subtitle":"Contra la pol\u00edtica econ\u00f3mica nacional","jetpack_sharing_enabled":true,"_links":{"self":[{"href":"https:\/\/www.hoymercedes.com.ar\/principal\/wp-json\/wp\/v2\/posts\/88540","targetHints":{"allow":["GET"]}}],"collection":[{"href":"https:\/\/www.hoymercedes.com.ar\/principal\/wp-json\/wp\/v2\/posts"}],"about":[{"href":"https:\/\/www.hoymercedes.com.ar\/principal\/wp-json\/wp\/v2\/types\/post"}],"author":[{"embeddable":true,"href":"https:\/\/www.hoymercedes.com.ar\/principal\/wp-json\/wp\/v2\/users\/1"}],"replies":[{"embeddable":true,"href":"https:\/\/www.hoymercedes.com.ar\/principal\/wp-json\/wp\/v2\/comments?post=88540"}],"version-history":[{"count":0,"href":"https:\/\/www.hoymercedes.com.ar\/principal\/wp-json\/wp\/v2\/posts\/88540\/revisions"}],"wp:featuredmedia":[{"embeddable":true,"href":"https:\/\/www.hoymercedes.com.ar\/principal\/wp-json\/wp\/v2\/media\/88542"}],"wp:attachment":[{"href":"https:\/\/www.hoymercedes.com.ar\/principal\/wp-json\/wp\/v2\/media?parent=88540"}],"wp:term":[{"taxonomy":"category","embeddable":true,"href":"https:\/\/www.hoymercedes.com.ar\/principal\/wp-json\/wp\/v2\/categories?post=88540"},{"taxonomy":"post_tag","embeddable":true,"href":"https:\/\/www.hoymercedes.com.ar\/principal\/wp-json\/wp\/v2\/tags?post=88540"}],"curies":[{"name":"wp","href":"https:\/\/api.w.org\/{rel}","templated":true}]}}