{"id":88545,"date":"2019-02-22T10:40:50","date_gmt":"2019-02-22T13:40:50","guid":{"rendered":"http:\/\/www.hoymercedes.com.ar\/principal\/?p=88545"},"modified":"2019-02-22T10:01:21","modified_gmt":"2019-02-22T13:01:21","slug":"el-liberalismo-no-es-perjudicial-al-entorno","status":"publish","type":"post","link":"https:\/\/www.hoymercedes.com.ar\/principal\/2019\/02\/22\/el-liberalismo-no-es-perjudicial-al-entorno\/","title":{"rendered":"El liberalismo no es perjudicial al entorno"},"content":{"rendered":"\n<p>Por Cristi\u00e1n Frers* &#8211; El liberalismo, m\u00e1s que una teor\u00eda o un programa pol\u00edtico, es una forma de vida; y s\u00f3lo porque lo es, puede convertirse en una teor\u00eda que sea persuasiva y un programa pol\u00edtico que sea factible.<\/p>\n\n\n\n<p>Los\nmercados abiertos que propone el mundo moderno, pueden y deben mejorar la\ndistribuci\u00f3n de los recursos y crear una mejor calidad de vida y eso pasa\nnecesariamente respetando el entorno. Para que eso sea posible, debemos tener la capacidad de invertir en\npolos de crecimiento m\u00e1s eficientes ecol\u00f3gicamente, con planificaciones claras\ny concretas, econ\u00f3micamente viables y no como lo que ocurre actualmente,\nsolo medios productivos que generan riqueza, pero sin ninguna base de\nsustentaci\u00f3n y sin los debidos est\u00e1ndares profesionales de calidad.<\/p>\n\n\n\n<p>Cuando\nse cruzan los datos de calidad ambiental con los datos de libertad econ\u00f3mica se\nobserva que la historia es muy diferente a la que nos quieren contar. Los\npa\u00edses m\u00e1s libres son aquellos con mayor calidad ambiental. No existe una\ncontradicci\u00f3n entre calidad ambiental y desarrollo econ\u00f3mico.<\/p>\n\n\n\n<p>En\nrealidad, la insensibilidad que algunos tienen hacia los problemas de\ncontaminaci\u00f3n que afectan la vida de las personas poco tienen que ver con&nbsp;\nla libertad econ\u00f3mica. En sentido estricto, si creemos que el libre mercado es\nel mejor sistema de cooperaci\u00f3n social&nbsp;posible,&nbsp;no\ndeber\u00edamos&nbsp;aceptar&nbsp;que exista&nbsp;ning\u00fan privilegio estatal que\npermita a unos violar los derechos de propiedad&nbsp;en nombre del\n\u201cdesarrollo\u201d. Esa es una actitud sumamente colectivista. De hecho, es la forma\nm\u00e1s vil de subsidio:&nbsp;en vez de entregarle el dinero de la gente a las\nempresas, el Estado les permite da\u00f1ar su propiedad y su salud para que no\ntengan que elevar sus costos.&nbsp;<\/p>\n\n\n\n<p>Una gesti\u00f3n sana hacia la problem\u00e1tica ambiental, es\nparte esencial del desarrollo sostenible que debemos buscar, los ejemplos a nivel mundial\nque deber\u00edan encaminarnos en este proceso es lo que han realizado los pa\u00edses\nN\u00f3rdicos, Europa occidental, Sud \u00c1frica, por nombrar algunos, transformando sus\nprocesos. Este es el \u00fanico fundamento de base que toda sociedad con\naspiraciones debe realizar. Esto solo se logra con respeto en si mismo y\nconscientes que el crecimiento puede y debe ir de la mano de la defensa de los\nrecursos naturales, controlando la p\u00e9rdida de la biodiversidad y\ncontrarrestando el uso ilimitado de fuentes de crecimiento contaminantes.<\/p>\n\n\n\n<p>Lo\nque debemos entender es que la esencia del libre mercado es el respeto por la\nautonom\u00eda de las personas.&nbsp;Para eso es que sirven los derechos de\npropiedad: para&nbsp;asegurar a cada quien la capacidad de llevar adelante sus\nplanes de vida sin que otros interfieran.&nbsp;Y la tarea del Estado es hacer\nque esos derechos se respeten. As\u00ed como est\u00e1 prohibido da\u00f1ar la casa de otro,\ntambi\u00e9n deber\u00eda estar prohibido asesinar a los animales de otros a trav\u00e9s de la\ncontaminaci\u00f3n ambiental. No hay ninguna diferencia entre uno y otro caso.&nbsp;<\/p>\n\n\n\n<p>\u00bfQu\u00e9\nproponen los liberales para la Argentina? En una Argentina donde ya no podemos\npensar la educaci\u00f3n, la salud, el cuidado del ambiente, el trabajo y la\nseguridad sin el ente gubernamental como principal regulador, los liberales en\nel pa\u00eds, deben proponer un debate necesario. Aspirar a que cada argentino pueda\npagar su propia educaci\u00f3n y la de sus hijos, que puedan cubrir sus costos, como\ndefender sus recursos naturales, que el trabajo no sea un subsidio estatal. M\u00e1s\nall\u00e1 del debate puro, hay un mensaje que debe ser \u00fatil para nuestro pa\u00eds y que\ndeber\u00edamos escuchar\u2026<\/p>\n\n\n\n<p>En\nArgentina, el liberalismo como forma de vida es una planta que conviene\ncultivar a escala reducida y en terreno propicio, protegida de la insidia, del\nesp\u00edritu pusil\u00e1nime que intenta conciliarse con los grandes o peque\u00f1os\ndespotismos y de otras malas yerbas, que deben extirparse con premura y\nnitidez. As\u00ed echar\u00e1 ra\u00edces, y luego podr\u00e1 servir de semilla y esparcirse en un\ncampo m\u00e1s extenso.<\/p>\n\n\n\n<p>La\nintenci\u00f3n de los liberales es crear un ambiente donde todos los integrantes de\nla sociedad tengan las mismas oportunidades para desarrollarse y poder generar\nen un <strong>ambiente\ncompetitivo<\/strong> el progreso de la sociedad.<\/p>\n\n\n\n<p>Hay\nmuchas formas posibles de alcanzar la sostenibilidad. \u00bfCu\u00e1l es la v\u00eda preferida\npor el liberalismo? Pues aquella que en menor medida comprometa la forma actual\nde nuestras sociedades. Se debe tomar conciencia que el medio ambiente influye\ndirectamente en nuestra realidad diaria y por ende en nuestra calidad de vida y\nen la sustentabilidad del desarrollo.<\/p>\n\n\n\n<p>*Cristi\u00e1n Frers \u2013 T\u00e9cnico Superior en Gesti\u00f3n Ambiental y T\u00e9cnico Superior en Comunicaci\u00f3n Social (Periodista).<\/p>\n","protected":false},"excerpt":{"rendered":"<p>Por Cristi\u00e1n Frers* &#8211; El liberalismo, m\u00e1s que una teor\u00eda o un programa pol\u00edtico, es una forma de vida; y &#8230; <a title=\"El liberalismo no es perjudicial al entorno\" class=\"read-more\" href=\"https:\/\/www.hoymercedes.com.ar\/principal\/2019\/02\/22\/el-liberalismo-no-es-perjudicial-al-entorno\/\" aria-label=\"Leer m\u00e1s sobre El liberalismo no es perjudicial al entorno\">Leer m\u00e1s<\/a><\/p>\n","protected":false},"author":1,"featured_media":85609,"comment_status":"closed","ping_status":"open","sticky":false,"template":"","format":"standard","meta":{"_monsterinsights_skip_tracking":false,"_monsterinsights_sitenote_active":false,"_monsterinsights_sitenote_note":"","_monsterinsights_sitenote_category":0,"jetpack_post_was_ever_published":false,"_jetpack_newsletter_access":"","_jetpack_dont_email_post_to_subs":false,"_jetpack_newsletter_tier_id":0,"_jetpack_memberships_contains_paywalled_content":false,"_jetpack_memberships_contains_paid_content":false,"footnotes":"","jetpack_publicize_message":"","jetpack_publicize_feature_enabled":true,"jetpack_social_post_already_shared":true,"jetpack_social_options":{"image_generator_settings":{"template":"highway","default_image_id":0,"font":"","enabled":false},"version":2},"_wpas_customize_per_network":false},"categories":[1],"tags":[9001,43,8748],"class_list":["post-88545","post","type-post","status-publish","format-standard","has-post-thumbnail","hentry","category-opinion","tag-ambiente","tag-medio-ambiente","tag-opinion","generate-columns","tablet-grid-50","mobile-grid-100","grid-parent","grid-50"],"jetpack_publicize_connections":[],"jetpack_featured_media_url":"https:\/\/www.hoymercedes.com.ar\/principal\/wp-content\/uploads\/2018\/12\/16-biodiversidad-ambiente.jpg","wps_subtitle":"Columna de opini\u00f3n. Medio ambiente","jetpack_sharing_enabled":true,"_links":{"self":[{"href":"https:\/\/www.hoymercedes.com.ar\/principal\/wp-json\/wp\/v2\/posts\/88545","targetHints":{"allow":["GET"]}}],"collection":[{"href":"https:\/\/www.hoymercedes.com.ar\/principal\/wp-json\/wp\/v2\/posts"}],"about":[{"href":"https:\/\/www.hoymercedes.com.ar\/principal\/wp-json\/wp\/v2\/types\/post"}],"author":[{"embeddable":true,"href":"https:\/\/www.hoymercedes.com.ar\/principal\/wp-json\/wp\/v2\/users\/1"}],"replies":[{"embeddable":true,"href":"https:\/\/www.hoymercedes.com.ar\/principal\/wp-json\/wp\/v2\/comments?post=88545"}],"version-history":[{"count":0,"href":"https:\/\/www.hoymercedes.com.ar\/principal\/wp-json\/wp\/v2\/posts\/88545\/revisions"}],"wp:featuredmedia":[{"embeddable":true,"href":"https:\/\/www.hoymercedes.com.ar\/principal\/wp-json\/wp\/v2\/media\/85609"}],"wp:attachment":[{"href":"https:\/\/www.hoymercedes.com.ar\/principal\/wp-json\/wp\/v2\/media?parent=88545"}],"wp:term":[{"taxonomy":"category","embeddable":true,"href":"https:\/\/www.hoymercedes.com.ar\/principal\/wp-json\/wp\/v2\/categories?post=88545"},{"taxonomy":"post_tag","embeddable":true,"href":"https:\/\/www.hoymercedes.com.ar\/principal\/wp-json\/wp\/v2\/tags?post=88545"}],"curies":[{"name":"wp","href":"https:\/\/api.w.org\/{rel}","templated":true}]}}