{"id":88551,"date":"2019-02-22T13:52:39","date_gmt":"2019-02-22T16:52:39","guid":{"rendered":"http:\/\/www.hoymercedes.com.ar\/principal\/?p=88551"},"modified":"2019-02-22T16:41:05","modified_gmt":"2019-02-22T19:41:05","slug":"abierta-inscripcion-para-tramo-docente-fomentada-por-udocba","status":"publish","type":"post","link":"https:\/\/www.hoymercedes.com.ar\/principal\/2019\/02\/22\/abierta-inscripcion-para-tramo-docente-fomentada-por-udocba\/","title":{"rendered":"Abierta inscripci\u00f3n para Tramo Docente fomentada por UDocBA"},"content":{"rendered":"\n<p>La capacitaci\u00f3n est\u00e1 orientada a profesionales y t\u00e9cnicos que quieren ingresar a la docencia. La formaci\u00f3n est\u00e1 arancelada. Se dicta los s\u00e1bados en el Centro Universitario. La inscripci\u00f3n es en UDOCBA, de calle 33 entre 18 y 20. <\/p>\n\n\n\n<p>En el 2018 se puso en marcha la formaci\u00f3n en Mercedes, para todos los profesionales y t\u00e9cnicos de la regi\u00f3n, tras gestiones del Gremio Docente UDOCBA, mediante la Secretaria de Capacitaci\u00f3n en conjunto con la Universidad del Este.<\/p>\n\n\n\n<p>Por lo tanto, luego de la gran convocatoria y la notoria respuesta de todos los alumnos al ciclo educativo, se encuentra abierta la inscripci\u00f3n para el ciclo 2019 a la formaci\u00f3n pedag\u00f3gica, para los profesionales y t\u00e9cnicos&nbsp; que deseen desempe\u00f1arse en el \u00e1mbito docente.<\/p>\n\n\n\n<p>\u201cEl 2018 fue un a\u00f1o en el cual la mirada hacia los docentes qued\u00f3 en \u00faltimo lugar por parte de los funcionarios provinciales y nacionales de turno, sin embargo nosotros nos trazamos el objetivo de lograr que se dicte esta carrera en la ciudad y lo hicimos a base de acciones concretas, hecho que beneficiar\u00e1 a todos los profesionales y t\u00e9cnicos que desean desempe\u00f1arse en el \u00e1mbito educativo\u201d sostuvo el Secretario General de UDOCBA Mercedes sobre la nueva propuesta de formaci\u00f3n.<\/p>\n\n\n\n<p>Asimismo, el gremio indica que la carrera se cursa en el Centro Universitario Regional, espacio cedido por el ejecutivo municipal,&nbsp; ubicado en calle 47 y 28 y en cuanto la modalidad de cursada sostienen que &nbsp;es semipresencial, con encuentros quincenales los d\u00edas s\u00e1bados, con una duraci\u00f3n de 2 a\u00f1os divididos en cuatro cuatrimestres.<\/p>\n\n\n\n<p>Destacan desde el sindicato que el tramo docente est\u00e1 dirigido a aquellas personas que cuenten con\u00a0 t\u00edtulo universitario o terciario.\u00a0 Por lo tanto, aquellos que deseen inscribirse pueden hacerlo en la sede del sindicato en calle 33 entre 18 y 20, los martes, mi\u00e9rcoles y jueves de 10 a 13 horas, por mail:\u00a0<a rel=\"noreferrer noopener\" target=\"_blank\" href=\"mailto:mercedes@udocba.org.ar\">mercedes@udocba.org.ar<\/a>\u00a0o comunic\u00e1ndose al siguiente celular:\u00a0 2324 479644.<\/p>\n\n\n\n<p>Fuente: Prensa UDocBA<\/p>\n","protected":false},"excerpt":{"rendered":"<p>La capacitaci\u00f3n est\u00e1 orientada a profesionales y t\u00e9cnicos que quieren ingresar a la docencia. La formaci\u00f3n est\u00e1 arancelada. Se dicta &#8230; <a title=\"Abierta inscripci\u00f3n para Tramo Docente fomentada por UDocBA\" class=\"read-more\" href=\"https:\/\/www.hoymercedes.com.ar\/principal\/2019\/02\/22\/abierta-inscripcion-para-tramo-docente-fomentada-por-udocba\/\" aria-label=\"Leer m\u00e1s sobre Abierta inscripci\u00f3n para Tramo Docente fomentada por UDocBA\">Leer m\u00e1s<\/a><\/p>\n","protected":false},"author":1,"featured_media":72045,"comment_status":"closed","ping_status":"open","sticky":false,"template":"","format":"standard","meta":{"_monsterinsights_skip_tracking":false,"_monsterinsights_sitenote_active":false,"_monsterinsights_sitenote_note":"","_monsterinsights_sitenote_category":0,"jetpack_post_was_ever_published":false,"_jetpack_newsletter_access":"","_jetpack_dont_email_post_to_subs":false,"_jetpack_newsletter_tier_id":0,"_jetpack_memberships_contains_paywalled_content":false,"_jetpack_memberships_contains_paid_content":false,"footnotes":"","jetpack_publicize_message":"","jetpack_publicize_feature_enabled":true,"jetpack_social_post_already_shared":true,"jetpack_social_options":{"image_generator_settings":{"template":"highway","default_image_id":0,"font":"","enabled":false},"version":2},"_wpas_customize_per_network":false},"categories":[10563],"tags":[484,14545,8799,9194],"class_list":["post-88551","post","type-post","status-publish","format-standard","has-post-thumbnail","hentry","category-gremios-sindicatos","tag-docentes","tag-formacion-pedagogica","tag-gremios","tag-udocba","generate-columns","tablet-grid-50","mobile-grid-100","grid-parent","grid-50"],"jetpack_publicize_connections":[],"jetpack_featured_media_url":"https:\/\/www.hoymercedes.com.ar\/principal\/wp-content\/uploads\/2018\/02\/02-Luis-Herrera.jpg","wps_subtitle":"Abierta inscripci\u00f3n","jetpack_sharing_enabled":true,"_links":{"self":[{"href":"https:\/\/www.hoymercedes.com.ar\/principal\/wp-json\/wp\/v2\/posts\/88551","targetHints":{"allow":["GET"]}}],"collection":[{"href":"https:\/\/www.hoymercedes.com.ar\/principal\/wp-json\/wp\/v2\/posts"}],"about":[{"href":"https:\/\/www.hoymercedes.com.ar\/principal\/wp-json\/wp\/v2\/types\/post"}],"author":[{"embeddable":true,"href":"https:\/\/www.hoymercedes.com.ar\/principal\/wp-json\/wp\/v2\/users\/1"}],"replies":[{"embeddable":true,"href":"https:\/\/www.hoymercedes.com.ar\/principal\/wp-json\/wp\/v2\/comments?post=88551"}],"version-history":[{"count":0,"href":"https:\/\/www.hoymercedes.com.ar\/principal\/wp-json\/wp\/v2\/posts\/88551\/revisions"}],"wp:featuredmedia":[{"embeddable":true,"href":"https:\/\/www.hoymercedes.com.ar\/principal\/wp-json\/wp\/v2\/media\/72045"}],"wp:attachment":[{"href":"https:\/\/www.hoymercedes.com.ar\/principal\/wp-json\/wp\/v2\/media?parent=88551"}],"wp:term":[{"taxonomy":"category","embeddable":true,"href":"https:\/\/www.hoymercedes.com.ar\/principal\/wp-json\/wp\/v2\/categories?post=88551"},{"taxonomy":"post_tag","embeddable":true,"href":"https:\/\/www.hoymercedes.com.ar\/principal\/wp-json\/wp\/v2\/tags?post=88551"}],"curies":[{"name":"wp","href":"https:\/\/api.w.org\/{rel}","templated":true}]}}