{"id":88566,"date":"2019-02-22T18:00:04","date_gmt":"2019-02-22T21:00:04","guid":{"rendered":"http:\/\/www.hoymercedes.com.ar\/principal\/?p=88566"},"modified":"2019-02-22T17:03:21","modified_gmt":"2019-02-22T20:03:21","slug":"docentes-mercedinos-impulsan-el-no-inicio-de-clases","status":"publish","type":"post","link":"https:\/\/www.hoymercedes.com.ar\/principal\/2019\/02\/22\/docentes-mercedinos-impulsan-el-no-inicio-de-clases\/","title":{"rendered":"Docentes mercedinos impulsan el \u201cNo inicio de clases\u201d"},"content":{"rendered":"\n<p>Desde Tribuna Docente, integrante de la \u201cmulticolor\u201d el Frente sindical que dirige algunas de las seccionales del gremio SUTEBA, convocan a no iniciar las clases el 6, 7 y 8 de marzo, adhiriendo al Paro Internacional de Mujeres.<\/p>\n\n\n\n<p>El congreso nacional de la corriente Tribuna Docente, que se realiz\u00f3 el pasado s\u00e1bado y domingo, vot\u00f3 impulsar el no inicio \u00abfrente al ataque que Macri y Vidal y los gobernadores est\u00e1n llevando adelante contra la educaci\u00f3n p\u00fablica y los docentes\u00bb. <\/p>\n\n\n\n<p>\u201cAcabamos de conocer la decisi\u00f3n de despedir a miles de docentes en la provincia. Estos despidos son, antes que nada, un paso m\u00e1s en la ofensiva contra el conjunto de la educaci\u00f3n p\u00fablica. La ausencia de docentes que cubran las horas vacantes, dejando a miles de alumnos sin clases, es el terreno sobre el que avanzar\u00e1n con cierres de cursos, ramas y modalidades enteras. Un recorte a la medida de las (contra)reformas (anti)educativas, trazadas en el Plan Maestro y la Secundaria 2030\u201d, explic\u00f3 Pablo Demarco, miembro de Tribuna y el Partido Obrero mercedino.<\/p>\n\n\n\n<p>Por su parte, Susana Carrera, el mismo espacio gremial, habl\u00f3 sobre la crisis edilicia de la provincia. \u00abMoreno todav\u00eda cuenta con decenas de escuelas cerradas luego del crimen de Sandra y Rub\u00e9n, fallecidos al explotar el sistema de gas en una escuela. El no inicio debe levantar las banderas de la Secundaria N\u00b013, que a\u00fan no tiene iniciada su construcci\u00f3n, al igual que el edificio del Instituto N\u00b07 y a esto se le suman deficiencias en la Primaria N\u00b037, en Normal, en la T\u00e9cnica N\u00b0 2 de Gowland con problemas en los techos y en la EPN\u00b0 2\u201d destac\u00f3 la docente jubilada<\/p>\n\n\n\n<p>A su vez, Demarco retom\u00f3 la explicaci\u00f3n en materia salarial: \u201cLa intenci\u00f3n de Macri y Vidal es congelar el salario por debajo de la inflaci\u00f3n de 2019. Nuestro salario est\u00e1 por debajo de los 23 mil pesos necesarios para cubrir la canasta b\u00e1sica alimenticia, se trata de ajustar sobre los docentes para sentar un precedente sobre los trabajadores estatales y el pueblo trabajador. Es por esto que desde la organizaci\u00f3n local estamos recorriendo escuelas con carteles y material para impulsar el paro. Tenemos que preparar el no inicio frente al silencio del Frente Gremial y luchar por un b\u00e1sico unificado de 26.000 pesos\u00bb.<\/p>\n","protected":false},"excerpt":{"rendered":"<p>Desde Tribuna Docente, integrante de la \u201cmulticolor\u201d el Frente sindical que dirige algunas de las seccionales del gremio SUTEBA, convocan &#8230; <a title=\"Docentes mercedinos impulsan el \u201cNo inicio de clases\u201d\" class=\"read-more\" href=\"https:\/\/www.hoymercedes.com.ar\/principal\/2019\/02\/22\/docentes-mercedinos-impulsan-el-no-inicio-de-clases\/\" aria-label=\"Leer m\u00e1s sobre Docentes mercedinos impulsan el \u201cNo inicio de clases\u201d\">Leer m\u00e1s<\/a><\/p>\n","protected":false},"author":1,"featured_media":88567,"comment_status":"closed","ping_status":"open","sticky":false,"template":"","format":"standard","meta":{"_monsterinsights_skip_tracking":false,"_monsterinsights_sitenote_active":false,"_monsterinsights_sitenote_note":"","_monsterinsights_sitenote_category":0,"jetpack_post_was_ever_published":false,"_jetpack_newsletter_access":"","_jetpack_dont_email_post_to_subs":false,"_jetpack_newsletter_tier_id":0,"_jetpack_memberships_contains_paywalled_content":false,"_jetpack_memberships_contains_paid_content":false,"footnotes":"","jetpack_publicize_message":"","jetpack_publicize_feature_enabled":true,"jetpack_social_post_already_shared":true,"jetpack_social_options":{"image_generator_settings":{"template":"highway","default_image_id":0,"font":"","enabled":false},"version":2},"_wpas_customize_per_network":false},"categories":[10563],"tags":[484,47,8799,524],"class_list":["post-88566","post","type-post","status-publish","format-standard","has-post-thumbnail","hentry","category-gremios-sindicatos","tag-docentes","tag-educacion-2","tag-gremios","tag-paro","generate-columns","tablet-grid-50","mobile-grid-100","grid-parent","grid-50"],"jetpack_publicize_connections":[],"jetpack_featured_media_url":"https:\/\/www.hoymercedes.com.ar\/principal\/wp-content\/uploads\/2019\/02\/22-tribuna-docente.jpg","wps_subtitle":"Para los d\u00edas 6, 7 y 8 de marzo","jetpack_sharing_enabled":true,"_links":{"self":[{"href":"https:\/\/www.hoymercedes.com.ar\/principal\/wp-json\/wp\/v2\/posts\/88566","targetHints":{"allow":["GET"]}}],"collection":[{"href":"https:\/\/www.hoymercedes.com.ar\/principal\/wp-json\/wp\/v2\/posts"}],"about":[{"href":"https:\/\/www.hoymercedes.com.ar\/principal\/wp-json\/wp\/v2\/types\/post"}],"author":[{"embeddable":true,"href":"https:\/\/www.hoymercedes.com.ar\/principal\/wp-json\/wp\/v2\/users\/1"}],"replies":[{"embeddable":true,"href":"https:\/\/www.hoymercedes.com.ar\/principal\/wp-json\/wp\/v2\/comments?post=88566"}],"version-history":[{"count":0,"href":"https:\/\/www.hoymercedes.com.ar\/principal\/wp-json\/wp\/v2\/posts\/88566\/revisions"}],"wp:featuredmedia":[{"embeddable":true,"href":"https:\/\/www.hoymercedes.com.ar\/principal\/wp-json\/wp\/v2\/media\/88567"}],"wp:attachment":[{"href":"https:\/\/www.hoymercedes.com.ar\/principal\/wp-json\/wp\/v2\/media?parent=88566"}],"wp:term":[{"taxonomy":"category","embeddable":true,"href":"https:\/\/www.hoymercedes.com.ar\/principal\/wp-json\/wp\/v2\/categories?post=88566"},{"taxonomy":"post_tag","embeddable":true,"href":"https:\/\/www.hoymercedes.com.ar\/principal\/wp-json\/wp\/v2\/tags?post=88566"}],"curies":[{"name":"wp","href":"https:\/\/api.w.org\/{rel}","templated":true}]}}