{"id":88572,"date":"2019-02-22T19:46:38","date_gmt":"2019-02-22T22:46:38","guid":{"rendered":"http:\/\/www.hoymercedes.com.ar\/principal\/?p=88572"},"modified":"2019-02-22T19:52:33","modified_gmt":"2019-02-22T22:52:33","slug":"lujan-visito-al-lider-dock-sud-y-se-trajo-un-punto-con-los-tres-mercedinos-en-cancha","status":"publish","type":"post","link":"https:\/\/www.hoymercedes.com.ar\/principal\/2019\/02\/22\/lujan-visito-al-lider-dock-sud-y-se-trajo-un-punto-con-los-tres-mercedinos-en-cancha\/","title":{"rendered":"Luj\u00e1n visit\u00f3 al l\u00edder Dock Sud y se trajo un punto con los tres mercedinos en cancha"},"content":{"rendered":"\n<p>Con Thomas Schenone y Tiago Portessi como titular y el ingreso de Gonzalo P\u00e9rez en el segundo tiempo, Luj\u00e1n continu\u00f3 con su racha positiva y en su visita al sur del Gran Buenos Aires, el conjunto de la Bas\u00edlica empat\u00f3 ante uno de los l\u00edderes del torneo de la Primera C y contin\u00faa sumando en busca de llegar al Reducido de la categor\u00eda.<\/p>\n\n\n\n<figure class=\"wp-block-image\"><img loading=\"lazy\" decoding=\"async\" width=\"1024\" height=\"681\" data-attachment-id=\"88573\" data-permalink=\"https:\/\/www.hoymercedes.com.ar\/principal\/2019\/02\/22\/lujan-visito-al-lider-dock-sud-y-se-trajo-un-punto-con-los-tres-mercedinos-en-cancha\/whatsapp-image-2019-02-22-at-10-28-41-1\/#main\" data-orig-file=\"https:\/\/www.hoymercedes.com.ar\/principal\/wp-content\/uploads\/2019\/02\/WhatsApp-Image-2019-02-22-at-10.28.41-1.jpeg\" data-orig-size=\"1280,851\" data-comments-opened=\"0\" data-image-meta=\"{&quot;aperture&quot;:&quot;0&quot;,&quot;credit&quot;:&quot;&quot;,&quot;camera&quot;:&quot;&quot;,&quot;caption&quot;:&quot;&quot;,&quot;created_timestamp&quot;:&quot;0&quot;,&quot;copyright&quot;:&quot;&quot;,&quot;focal_length&quot;:&quot;0&quot;,&quot;iso&quot;:&quot;0&quot;,&quot;shutter_speed&quot;:&quot;0&quot;,&quot;title&quot;:&quot;&quot;,&quot;orientation&quot;:&quot;0&quot;}\" data-image-title=\"WhatsApp Image 2019-02-22 at 10.28.41 (1)\" data-image-description=\"\" data-image-caption=\"\" data-large-file=\"https:\/\/www.hoymercedes.com.ar\/principal\/wp-content\/uploads\/2019\/02\/WhatsApp-Image-2019-02-22-at-10.28.41-1-1024x681.jpeg\" src=\"https:\/\/www.hoymercedes.com.ar\/principal\/wp-content\/uploads\/2019\/02\/WhatsApp-Image-2019-02-22-at-10.28.41-1-1024x681.jpeg\" alt=\"\" class=\"wp-image-88573\" srcset=\"https:\/\/www.hoymercedes.com.ar\/principal\/wp-content\/uploads\/2019\/02\/WhatsApp-Image-2019-02-22-at-10.28.41-1-1024x681.jpeg 1024w, https:\/\/www.hoymercedes.com.ar\/principal\/wp-content\/uploads\/2019\/02\/WhatsApp-Image-2019-02-22-at-10.28.41-1-150x100.jpeg 150w, https:\/\/www.hoymercedes.com.ar\/principal\/wp-content\/uploads\/2019\/02\/WhatsApp-Image-2019-02-22-at-10.28.41-1-630x419.jpeg 630w, https:\/\/www.hoymercedes.com.ar\/principal\/wp-content\/uploads\/2019\/02\/WhatsApp-Image-2019-02-22-at-10.28.41-1-720x480.jpeg 720w, https:\/\/www.hoymercedes.com.ar\/principal\/wp-content\/uploads\/2019\/02\/WhatsApp-Image-2019-02-22-at-10.28.41-1-360x240.jpeg 360w, https:\/\/www.hoymercedes.com.ar\/principal\/wp-content\/uploads\/2019\/02\/WhatsApp-Image-2019-02-22-at-10.28.41-1.jpeg 1280w\" sizes=\"auto, (max-width: 1024px) 100vw, 1024px\" \/><\/figure>\n\n\n\n<p> Como era de esperar, le jug\u00f3 un partido a cara de perro, a golpe por golpe, como si fuera una final. Jam\u00e1s lo respet\u00f3. Plante\u00f3 un juego sin especulaciones, con una presi\u00f3n alta y tomando riesgos. <\/p>\n\n\n\n<p>La apertura del marcador lleg\u00f3 despu\u00e9s de una seguidilla de opciones que el Docke gener\u00f3 en su mejor momento. Iban 15 minutos del segundo tiempo y el Lujanero daba se\u00f1ales de agobio. Tras un c\u00f3rner, el goleador del local, Alcides Miranda Moreyra, aprovech\u00f3 un rebote y puso la ventaja. <\/p>\n\n\n\n<p>La respuesta del Lujanero fue saludable. Con el control del bal\u00f3n y dominando territorialmente a su rival, lo presion\u00f3 hasta pagarle con la misma moneda. C\u00f3rner, rebote y empate en manos de Luciano Monasterio que la encontr\u00f3 servida dentro del \u00e1rea y no perdon\u00f3. <\/p>\n\n\n\n<p>SINTESIS<\/p>\n\n\n\n<p>DOCK SUD (1): Juan Arias Navarro; Jos\u00e9 Montiel, David Orellana, Dami\u00e1n Ledesma, Nahuel Troxler; Luciano Cariaga, Fabricio Esp\u00f3sito, Nahuel Pombo, Gustavo Oberman; Leandro Caruso y Alcides Miranda Moreira.<br>DT: Ariel Perdiechizi<\/p>\n\n\n\n<p>SUPLENTES: Santiago Benvenutti, Luciano Armoa, Jorge Medina, Rodrigo Soria, Gonzalo Varaldo, Emiliano Romero y Mat\u00edas Blanco<\/p>\n\n\n\n<p>LUJAN (1): Gustavo Ruhl; Delfor Minervino, Luciano Monasterio, Mart\u00edn Zuccaro, Thomas Schenone; Federico Carneiro, Maximiliano Pighin, Imanol Varela, Tiago Portesi; Lucas Chambi y Alan Seguel.<br>DT: Abel Oron\u00e1<\/p>\n\n\n\n<p>SUPLENTES: Diego Quiros, Mateo Pigh\u00edn, Juan De Tomaso, Jonatan Duche, Gonzalo P\u00e9rez, Gast\u00f3n S\u00e1nchez y Juan Cruz Vera Borda-<\/p>\n\n\n\n<p>Goles: 15&#8217;ST Alcides Miranda Moreira (DOCK), 36&#8217;ST Luciano Monasterio (LUJ)<\/p>\n\n\n\n<p>Cambios: 12&#8217;ST Jonatan Duche x Imanol Varela (LUJ), 19&#8217;ST Gonzalo P\u00e9rez x Tiago Portesi (LUJ), 24&#8217;ST Rodrigo Soria x Gustavo Oberman (DOCK), 26&#8217;ST Juan Cruz Vera Borda x Thomas Schenone (LUJ), 31&#8217;ST Luciano Armoa x Nahuel Pombo (DOCK) y 42&#8217;ST Emiliano Romero x Luciano Cariaga (DOCK)<\/p>\n\n\n\n<p>Amonestados: Leandro Caruso y Nahuel Pombo (DOCK), Thomas Schenone e Imanol Varela (LUJ)<\/p>\n\n\n\n<p>Expulsados: No hubo<\/p>\n\n\n\n<p>\u00c1rbitro: Gast\u00f3n Iglesias<\/p>\n\n\n\n<p>Estadio: De los Inmigrantes\n\n<\/p>\n","protected":false},"excerpt":{"rendered":"<p>Con Thomas Schenone y Tiago Portessi como titular y el ingreso de Gonzalo P\u00e9rez en el segundo tiempo, Luj\u00e1n continu\u00f3 &#8230; <a title=\"Luj\u00e1n visit\u00f3 al l\u00edder Dock Sud y se trajo un punto con los tres mercedinos en cancha\" class=\"read-more\" href=\"https:\/\/www.hoymercedes.com.ar\/principal\/2019\/02\/22\/lujan-visito-al-lider-dock-sud-y-se-trajo-un-punto-con-los-tres-mercedinos-en-cancha\/\" aria-label=\"Leer m\u00e1s sobre Luj\u00e1n visit\u00f3 al l\u00edder Dock Sud y se trajo un punto con los tres mercedinos en cancha\">Leer m\u00e1s<\/a><\/p>\n","protected":false},"author":1,"featured_media":88574,"comment_status":"closed","ping_status":"open","sticky":false,"template":"","format":"standard","meta":{"_monsterinsights_skip_tracking":false,"_monsterinsights_sitenote_active":false,"_monsterinsights_sitenote_note":"","_monsterinsights_sitenote_category":0,"jetpack_post_was_ever_published":false,"_jetpack_newsletter_access":"","_jetpack_dont_email_post_to_subs":false,"_jetpack_newsletter_tier_id":0,"_jetpack_memberships_contains_paywalled_content":false,"_jetpack_memberships_contains_paid_content":false,"footnotes":"","jetpack_publicize_message":"","jetpack_publicize_feature_enabled":true,"jetpack_social_post_already_shared":true,"jetpack_social_options":{"image_generator_settings":{"template":"highway","default_image_id":0,"font":"","enabled":false},"version":2},"_wpas_customize_per_network":false},"categories":[21],"tags":[12575,86],"class_list":["post-88572","post","type-post","status-publish","format-standard","has-post-thumbnail","hentry","category-deportes","tag-gonzalo-perez","tag-lujan","generate-columns","tablet-grid-50","mobile-grid-100","grid-parent","grid-50"],"jetpack_publicize_connections":[],"jetpack_featured_media_url":"https:\/\/www.hoymercedes.com.ar\/principal\/wp-content\/uploads\/2019\/02\/WhatsApp-Image-2019-02-22-at-10.28.41-1-1.jpeg","wps_subtitle":"La Legi\u00f3n","jetpack_sharing_enabled":true,"_links":{"self":[{"href":"https:\/\/www.hoymercedes.com.ar\/principal\/wp-json\/wp\/v2\/posts\/88572","targetHints":{"allow":["GET"]}}],"collection":[{"href":"https:\/\/www.hoymercedes.com.ar\/principal\/wp-json\/wp\/v2\/posts"}],"about":[{"href":"https:\/\/www.hoymercedes.com.ar\/principal\/wp-json\/wp\/v2\/types\/post"}],"author":[{"embeddable":true,"href":"https:\/\/www.hoymercedes.com.ar\/principal\/wp-json\/wp\/v2\/users\/1"}],"replies":[{"embeddable":true,"href":"https:\/\/www.hoymercedes.com.ar\/principal\/wp-json\/wp\/v2\/comments?post=88572"}],"version-history":[{"count":0,"href":"https:\/\/www.hoymercedes.com.ar\/principal\/wp-json\/wp\/v2\/posts\/88572\/revisions"}],"wp:featuredmedia":[{"embeddable":true,"href":"https:\/\/www.hoymercedes.com.ar\/principal\/wp-json\/wp\/v2\/media\/88574"}],"wp:attachment":[{"href":"https:\/\/www.hoymercedes.com.ar\/principal\/wp-json\/wp\/v2\/media?parent=88572"}],"wp:term":[{"taxonomy":"category","embeddable":true,"href":"https:\/\/www.hoymercedes.com.ar\/principal\/wp-json\/wp\/v2\/categories?post=88572"},{"taxonomy":"post_tag","embeddable":true,"href":"https:\/\/www.hoymercedes.com.ar\/principal\/wp-json\/wp\/v2\/tags?post=88572"}],"curies":[{"name":"wp","href":"https:\/\/api.w.org\/{rel}","templated":true}]}}