{"id":88581,"date":"2019-02-23T10:00:21","date_gmt":"2019-02-23T13:00:21","guid":{"rendered":"http:\/\/www.hoymercedes.com.ar\/principal\/?p=88581"},"modified":"2019-02-23T12:30:58","modified_gmt":"2019-02-23T15:30:58","slug":"este-lunes-arranca-la-entrega-del-programa-mercedes-aprende","status":"publish","type":"post","link":"https:\/\/www.hoymercedes.com.ar\/principal\/2019\/02\/23\/este-lunes-arranca-la-entrega-del-programa-mercedes-aprende\/","title":{"rendered":"Este lunes arranca la entrega del programa Mercedes Aprende"},"content":{"rendered":"\n<p>Tal como se<a href=\"https:\/\/www.hoymercedes.com.ar\/principal\/2019\/02\/12\/cronograma-de-entrega-de-utiles-escolares-y-guardapolvos\/\" target=\"_blank\" rel=\"noreferrer noopener\" aria-label=\" inform\u00f3 con antelaci\u00f3 (opens in a new tab)\"> inform\u00f3 con antelaci\u00f3<\/a>n, este lunes 25 de febrero el \u00e1rea de Educaci\u00f3n del Municipio de Mercedes comienza con la distribuci\u00f3n de \u00fatiles escolares y delantales en distintos establecimientos educativos en el marco del programa Mercedes Aprende, para luego del inicio de clases hacer entrega de los libros a trav\u00e9s de las escuelas. <\/p>\n\n\n\n<figure class=\"wp-block-image\"><img loading=\"lazy\" decoding=\"async\" width=\"750\" height=\"499\" data-attachment-id=\"88582\" data-permalink=\"https:\/\/www.hoymercedes.com.ar\/principal\/2019\/02\/23\/este-lunes-arranca-la-entrega-del-programa-mercedes-aprende\/23-muni-aprende\/#main\" data-orig-file=\"https:\/\/www.hoymercedes.com.ar\/principal\/wp-content\/uploads\/2019\/02\/23-muni-aprende.jpg\" data-orig-size=\"750,499\" data-comments-opened=\"0\" data-image-meta=\"{&quot;aperture&quot;:&quot;0&quot;,&quot;credit&quot;:&quot;&quot;,&quot;camera&quot;:&quot;&quot;,&quot;caption&quot;:&quot;&quot;,&quot;created_timestamp&quot;:&quot;0&quot;,&quot;copyright&quot;:&quot;&quot;,&quot;focal_length&quot;:&quot;0&quot;,&quot;iso&quot;:&quot;0&quot;,&quot;shutter_speed&quot;:&quot;0&quot;,&quot;title&quot;:&quot;&quot;,&quot;orientation&quot;:&quot;0&quot;}\" data-image-title=\"23 muni aprende\" data-image-description=\"\" data-image-caption=\"\" data-large-file=\"https:\/\/www.hoymercedes.com.ar\/principal\/wp-content\/uploads\/2019\/02\/23-muni-aprende.jpg\" src=\"https:\/\/www.hoymercedes.com.ar\/principal\/wp-content\/uploads\/2019\/02\/23-muni-aprende.jpg\" alt=\"\" class=\"wp-image-88582\" srcset=\"https:\/\/www.hoymercedes.com.ar\/principal\/wp-content\/uploads\/2019\/02\/23-muni-aprende.jpg 750w, https:\/\/www.hoymercedes.com.ar\/principal\/wp-content\/uploads\/2019\/02\/23-muni-aprende-150x100.jpg 150w, https:\/\/www.hoymercedes.com.ar\/principal\/wp-content\/uploads\/2019\/02\/23-muni-aprende-630x419.jpg 630w, https:\/\/www.hoymercedes.com.ar\/principal\/wp-content\/uploads\/2019\/02\/23-muni-aprende-720x480.jpg 720w, https:\/\/www.hoymercedes.com.ar\/principal\/wp-content\/uploads\/2019\/02\/23-muni-aprende-360x240.jpg 360w\" sizes=\"auto, (max-width: 750px) 100vw, 750px\" \/><\/figure>\n\n\n\n<p>Los d\u00edas previos se organizaron los paquetes para cada uno de los puntos donde se establecer\u00e1 la entrega entre el 25 de febrero y el 1 de marzo. Personal de la Direcci\u00f3n de Ni\u00f1ez, la Coordinaci\u00f3n de Educaci\u00f3n, Desarrollo Social y el Programa de Educaci\u00f3n Barrial trabajaron en el Instituto Unzu\u00e9. <\/p>\n\n\n\n<p>Se van a entregar 2500 libros a los jardines, al primer ciclo escolar (1\u00b0, 2\u00b0 y 3\u00b0) elegidos previamente mediante un trabajo con los directivos e inspectores durante el transcurso del a\u00f1o 2018. <\/p>\n\n\n\n<p>La coordinadora del ProEBA, Florencia Comalini, explic\u00f3 que el proyecto fue enviado a la C\u00e1mara Argentina del Libro para que enviaran ejemplares de distintas editoriales y sean los docentes lo que eljan las mejores propuestas de trabajo.  <\/p>\n\n\n\n<p>En este programa el municipio invirti\u00f3 m\u00e1s de 5 millones de pesos para casi 10 mil libros, miles de delantales y \u00fatiles. Se distribuir\u00e1n 2500 kits para jardines, 2.500 para secundaria y 5.000 para escuelas primarias. <\/p>\n\n\n\n<p>Recordamos el cronograma<\/p>\n\n\n\n<p>El lunes 25 de febrero, en el Complejo Cultural La Trocha, de 9:00 a 15:00 horas: EP: N\u00b0 38 (Escuela Normal), EP: N\u00b0 10 &#8211; N\u00b0 11 \u2013 N\u00b0\u00a0 12 &#8211; N\u00b0 25 &#8211; N\u00b0 28; ES: N\u00b0 5 (Normal) \u2013 N\u00b0 8 \u2013 N\u00b0 9 \u2013 N\u00b0 13; Jardines de infantes: N\u00b0 902 &#8211; N\u00b0 912 &#8211; N\u00b0 913 &#8211; N\u00b0 914 \u2013 N\u00b0 915. JIRMM: N\u00b0 4<\/p>\n\n\n\n<p>El martes 26 de febrero en Plaza San Mart\u00edn, de 9:00 a 15:00 horas: EP: N\u00b0 2 &#8211; N\u00b0 7 &#8211; N\u00b0 16 &#8211; N\u00b0 21 &#8211; N\u00b0 36 &#8211; N\u00b0 37. ES: N\u00b0 12 &#8211; N\u00b0 15. Jardines de infantes. N\u00b0 905 &#8211; N\u00b0 906 &#8211; N\u00b0907 &#8211; N\u00b0910. JIRMM: N\u00b0 2 &#8211; N\u00b0 5<\/p>\n\n\n\n<p>El mi\u00e9rcoles 27 de febrero en Plaza San Luis, de 9:00 a 15:00 horas: EP: N\u00b0 1 &#8211; N\u00b0 4 &#8211; N\u00b0 6 &#8211; N\u00b0 8 &#8211; N\u00b0 19 &#8211; N\u00b0 35. ES: N\u00b0 3 &#8211; N\u00b0 10 &#8211; N\u00b0 14. Jardines de Infantes: N\u00b0 901 &#8211; N\u00b0 909 &#8211; N\u00b0 916 &#8211; N\u00b0 919.<\/p>\n\n\n\n<p>Jueves 28 de febrero, canchita de\u00a0 la 10 y 47, de 9:00 a 15:00 horas: EP: N\u00b0 3 &#8211; N\u00b0 13 &#8211; N\u00b0 14 &#8211; N\u00b0 26 &#8211; N\u00b0 30 &#8211; N\u00b0 33. ES: Media N\u00b0 1 &#8211; N\u00b0 7 \u2013 T\u00e9cnica N\u00b0 1. Jardines de infantes: N\u00b0 903 &#8211;\u00a0 N\u00b0 904 &#8211; N\u00b0 918. JIRMM: N\u00b0 6<\/p>\n\n\n\n<p>Viernes 29 de febrero,\u00a0 zona rural: Gowland, de 9:00 a 12:00 horas: EP: N\u00b0 20 &#8211; N\u00b0 23 &#8211; N\u00b0 32. ES: T\u00e9cnica N\u00b0 2. Jard\u00edn de infante N\u00b0 908. JIRMM: N\u00b0 1<br>Altamira, de 14:00 a 16:00: EP: N\u00b0 17 &#8211; N\u00b0 24 &#8211; N\u00b0 27 &#8211; N\u00b0 29 &#8211; N\u00b0 31. ES: N\u00b0 11. Jard\u00edn de infante: N\u00b0 911 \u2013 N\u00b0 917. JIRMM: N\u00b0 3<\/p>\n\n\n\n<p>Para la entrega las familias tienen que concurrir con DNI del ni\u00f1o, ni\u00f1a o adolescente y del adulto\/a responsable.\u00a0<\/p>\n\n\n\n<p><\/p>\n","protected":false},"excerpt":{"rendered":"<p>Tal como se inform\u00f3 con antelaci\u00f3n, este lunes 25 de febrero el \u00e1rea de Educaci\u00f3n del Municipio de Mercedes comienza &#8230; <a title=\"Este lunes arranca la entrega del programa Mercedes Aprende\" class=\"read-more\" href=\"https:\/\/www.hoymercedes.com.ar\/principal\/2019\/02\/23\/este-lunes-arranca-la-entrega-del-programa-mercedes-aprende\/\" aria-label=\"Leer m\u00e1s sobre Este lunes arranca la entrega del programa Mercedes Aprende\">Leer m\u00e1s<\/a><\/p>\n","protected":false},"author":1,"featured_media":88582,"comment_status":"closed","ping_status":"open","sticky":false,"template":"","format":"standard","meta":{"_monsterinsights_skip_tracking":false,"_monsterinsights_sitenote_active":false,"_monsterinsights_sitenote_note":"","_monsterinsights_sitenote_category":0,"jetpack_post_was_ever_published":false,"_jetpack_newsletter_access":"","_jetpack_dont_email_post_to_subs":false,"_jetpack_newsletter_tier_id":0,"_jetpack_memberships_contains_paywalled_content":false,"_jetpack_memberships_contains_paid_content":false,"footnotes":"","jetpack_publicize_message":"","jetpack_publicize_feature_enabled":true,"jetpack_social_post_already_shared":true,"jetpack_social_options":{"image_generator_settings":{"template":"highway","default_image_id":0,"font":"","enabled":false},"version":2},"_wpas_customize_per_network":false},"categories":[30],"tags":[47,13953,244,14547],"class_list":["post-88581","post","type-post","status-publish","format-standard","has-post-thumbnail","hentry","category-municipio","tag-educacion-2","tag-mercedes-aprende","tag-municipio-2","tag-programa-educativo","generate-columns","tablet-grid-50","mobile-grid-100","grid-parent","grid-50"],"jetpack_publicize_connections":[],"jetpack_featured_media_url":"https:\/\/www.hoymercedes.com.ar\/principal\/wp-content\/uploads\/2019\/02\/23-muni-aprende.jpg","wps_subtitle":"Educaci\u00f3n","jetpack_sharing_enabled":true,"_links":{"self":[{"href":"https:\/\/www.hoymercedes.com.ar\/principal\/wp-json\/wp\/v2\/posts\/88581","targetHints":{"allow":["GET"]}}],"collection":[{"href":"https:\/\/www.hoymercedes.com.ar\/principal\/wp-json\/wp\/v2\/posts"}],"about":[{"href":"https:\/\/www.hoymercedes.com.ar\/principal\/wp-json\/wp\/v2\/types\/post"}],"author":[{"embeddable":true,"href":"https:\/\/www.hoymercedes.com.ar\/principal\/wp-json\/wp\/v2\/users\/1"}],"replies":[{"embeddable":true,"href":"https:\/\/www.hoymercedes.com.ar\/principal\/wp-json\/wp\/v2\/comments?post=88581"}],"version-history":[{"count":0,"href":"https:\/\/www.hoymercedes.com.ar\/principal\/wp-json\/wp\/v2\/posts\/88581\/revisions"}],"wp:featuredmedia":[{"embeddable":true,"href":"https:\/\/www.hoymercedes.com.ar\/principal\/wp-json\/wp\/v2\/media\/88582"}],"wp:attachment":[{"href":"https:\/\/www.hoymercedes.com.ar\/principal\/wp-json\/wp\/v2\/media?parent=88581"}],"wp:term":[{"taxonomy":"category","embeddable":true,"href":"https:\/\/www.hoymercedes.com.ar\/principal\/wp-json\/wp\/v2\/categories?post=88581"},{"taxonomy":"post_tag","embeddable":true,"href":"https:\/\/www.hoymercedes.com.ar\/principal\/wp-json\/wp\/v2\/tags?post=88581"}],"curies":[{"name":"wp","href":"https:\/\/api.w.org\/{rel}","templated":true}]}}