{"id":88585,"date":"2019-02-23T11:34:33","date_gmt":"2019-02-23T14:34:33","guid":{"rendered":"http:\/\/www.hoymercedes.com.ar\/principal\/?p=88585"},"modified":"2019-02-23T13:13:11","modified_gmt":"2019-02-23T16:13:11","slug":"referentes-de-cambiemos-de-la-1-y-3-seccion-electoral-se-reunieron-en-mercedes","status":"publish","type":"post","link":"https:\/\/www.hoymercedes.com.ar\/principal\/2019\/02\/23\/referentes-de-cambiemos-de-la-1-y-3-seccion-electoral-se-reunieron-en-mercedes\/","title":{"rendered":"Referentes de Cambiemos de la 1\u00b0 y 3\u00b0 secci\u00f3n electoral se reunieron en Mercedes"},"content":{"rendered":"\n<p>El ministro de Seguridad de la Provincia,\u00a0Cristian Ritondo\u00a0encabez\u00f3 una reuni\u00f3n con referentes territoriales y potenciales candidatos a intendentes de la primera y tercera secci\u00f3n electoral. El encuentro se realiz\u00f3 en una quinta de nuestra ciudad. De Mercedes, s\u00f3lo habr\u00eda participado Ezequiel Bisso, anfitri\u00f3n del lugar donde se llev\u00f3 adelante la reuni\u00f3n<\/p>\n\n\n\n<figure class=\"wp-block-image\"><img loading=\"lazy\" decoding=\"async\" width=\"750\" height=\"501\" data-attachment-id=\"88586\" data-permalink=\"https:\/\/www.hoymercedes.com.ar\/principal\/2019\/02\/23\/referentes-de-cambiemos-de-la-1-y-3-seccion-electoral-se-reunieron-en-mercedes\/23-cabiemos-ritondo\/#main\" data-orig-file=\"https:\/\/www.hoymercedes.com.ar\/principal\/wp-content\/uploads\/2019\/02\/23-cabiemos-ritondo.jpg\" data-orig-size=\"750,501\" data-comments-opened=\"0\" data-image-meta=\"{&quot;aperture&quot;:&quot;0&quot;,&quot;credit&quot;:&quot;&quot;,&quot;camera&quot;:&quot;&quot;,&quot;caption&quot;:&quot;&quot;,&quot;created_timestamp&quot;:&quot;0&quot;,&quot;copyright&quot;:&quot;&quot;,&quot;focal_length&quot;:&quot;0&quot;,&quot;iso&quot;:&quot;0&quot;,&quot;shutter_speed&quot;:&quot;0&quot;,&quot;title&quot;:&quot;&quot;,&quot;orientation&quot;:&quot;0&quot;}\" data-image-title=\"23 cabiemos ritondo\" data-image-description=\"\" data-image-caption=\"\" data-large-file=\"https:\/\/www.hoymercedes.com.ar\/principal\/wp-content\/uploads\/2019\/02\/23-cabiemos-ritondo.jpg\" src=\"https:\/\/www.hoymercedes.com.ar\/principal\/wp-content\/uploads\/2019\/02\/23-cabiemos-ritondo.jpg\" alt=\"\" class=\"wp-image-88586\" srcset=\"https:\/\/www.hoymercedes.com.ar\/principal\/wp-content\/uploads\/2019\/02\/23-cabiemos-ritondo.jpg 750w, https:\/\/www.hoymercedes.com.ar\/principal\/wp-content\/uploads\/2019\/02\/23-cabiemos-ritondo-150x100.jpg 150w, https:\/\/www.hoymercedes.com.ar\/principal\/wp-content\/uploads\/2019\/02\/23-cabiemos-ritondo-630x421.jpg 630w, https:\/\/www.hoymercedes.com.ar\/principal\/wp-content\/uploads\/2019\/02\/23-cabiemos-ritondo-720x480.jpg 720w, https:\/\/www.hoymercedes.com.ar\/principal\/wp-content\/uploads\/2019\/02\/23-cabiemos-ritondo-360x240.jpg 360w\" sizes=\"auto, (max-width: 750px) 100vw, 750px\" \/><\/figure>\n\n\n\n<p>El encuentro se llev\u00f3 a cabo en Mercedes, d\u00f3nde se destac\u00f3 el apoyo&nbsp;y el rumbo a las pol\u00edticas llevadas adelante por el gobierno provincial y nacional, y se trazaron lineamientos para continuar con el cambio y la construcci\u00f3n del espacio pol\u00edtico.<\/p>\n\n\n\n<p>Estuvieron presentes importantes referentes entre ellos: Alex Campbell, subsecretario de Asuntos Municipales, Gabriela Besana, diputada provincial por Lan\u00fas; Pepe Echart, director provincial del registro de las personas y candidato a diputado provincial por La Plata; Agustina Ciarletta, delegada del INADI provincia de Buenos Aires, referente por San Fernando; Ezequiel Pazos, subsecretario de promoci\u00f3n de pol\u00edticas p\u00fablicas de Jos\u00e9 C Paz y referente; Anibal Asseff, ex Senador Provincial por la Primera, referente por Moreno; Leo Coppola, Gesti\u00f3n Social de PAMI y Concejal de Moreno; David Zencich, concejal de Merlo, Vice Presidente 2do del HCD Merlo; Juan G\u00f3mez Centurion, precandidato a intendente de Merlo.<\/p>\n\n\n\n<p>Tambi\u00e9n Aldana Ahumada, Senadora de la Provincia de Buenos Aires, Merlo; Pablo Cocuzza, Concejal de Merlo; Pablo Valerga, Concejal de&nbsp;Cambiemos&nbsp;en General las Heras; Sebasti\u00e1n Etcheverry; referente de Navarro; Lucas Delfino, Subsecretario de Relaciones Municipales de la Naci\u00f3n, concejal de Hurlingham; Ezequiel Bisso, referente de la primera; Gabriel Mercuri, Concejal de Lomas de Zamora; Ever Van Tooren concejal por Esteban Echeverr\u00eda; Juan Damico referente por Punta Indio; Gabriel Kunz concejal de Berazategui, Santiago Mc Goey referente de ca\u00f1uelas.<\/p>\n\n\n\n<p>Adem\u00e1s fueron de la partida, Leonardo Iturme; Gladys Gonzalez senadora nacional por Cambiemos; Carlos Regazzoni, concejal por Almirante Brown; Luis Ferella, Director Ejecutivo de la Oficina de Fortalecimiento Institucional de PBA Hernan Berisso, Diputado Nacional por Cambiemos; Gustavo Asnaghi, Concejal de Cambiemos en Ensenada, entre otros.<\/p>\n","protected":false},"excerpt":{"rendered":"<p>El ministro de Seguridad de la Provincia,\u00a0Cristian Ritondo\u00a0encabez\u00f3 una reuni\u00f3n con referentes territoriales y potenciales candidatos a intendentes de la &#8230; <a title=\"Referentes de Cambiemos de la 1\u00b0 y 3\u00b0 secci\u00f3n electoral se reunieron en Mercedes\" class=\"read-more\" href=\"https:\/\/www.hoymercedes.com.ar\/principal\/2019\/02\/23\/referentes-de-cambiemos-de-la-1-y-3-seccion-electoral-se-reunieron-en-mercedes\/\" aria-label=\"Leer m\u00e1s sobre Referentes de Cambiemos de la 1\u00b0 y 3\u00b0 secci\u00f3n electoral se reunieron en Mercedes\">Leer m\u00e1s<\/a><\/p>\n","protected":false},"author":1,"featured_media":88586,"comment_status":"closed","ping_status":"open","sticky":false,"template":"","format":"standard","meta":{"_monsterinsights_skip_tracking":false,"_monsterinsights_sitenote_active":false,"_monsterinsights_sitenote_note":"","_monsterinsights_sitenote_category":0,"jetpack_post_was_ever_published":false,"_jetpack_newsletter_access":"","_jetpack_dont_email_post_to_subs":false,"_jetpack_newsletter_tier_id":0,"_jetpack_memberships_contains_paywalled_content":false,"_jetpack_memberships_contains_paid_content":false,"footnotes":"","jetpack_publicize_message":"","jetpack_publicize_feature_enabled":true,"jetpack_social_post_already_shared":true,"jetpack_social_options":{"image_generator_settings":{"template":"highway","default_image_id":0,"font":"","enabled":false},"version":2},"_wpas_customize_per_network":false},"categories":[5],"tags":[14403,7492,5319],"class_list":["post-88585","post","type-post","status-publish","format-standard","has-post-thumbnail","hentry","category-politica","tag-elecciones-2019","tag-frente-cambiemos","tag-politica-2","generate-columns","tablet-grid-50","mobile-grid-100","grid-parent","grid-50"],"jetpack_publicize_connections":[],"jetpack_featured_media_url":"https:\/\/www.hoymercedes.com.ar\/principal\/wp-content\/uploads\/2019\/02\/23-cabiemos-ritondo.jpg","wps_subtitle":"Con la presencia del Ministro Ritondo","jetpack_sharing_enabled":true,"_links":{"self":[{"href":"https:\/\/www.hoymercedes.com.ar\/principal\/wp-json\/wp\/v2\/posts\/88585","targetHints":{"allow":["GET"]}}],"collection":[{"href":"https:\/\/www.hoymercedes.com.ar\/principal\/wp-json\/wp\/v2\/posts"}],"about":[{"href":"https:\/\/www.hoymercedes.com.ar\/principal\/wp-json\/wp\/v2\/types\/post"}],"author":[{"embeddable":true,"href":"https:\/\/www.hoymercedes.com.ar\/principal\/wp-json\/wp\/v2\/users\/1"}],"replies":[{"embeddable":true,"href":"https:\/\/www.hoymercedes.com.ar\/principal\/wp-json\/wp\/v2\/comments?post=88585"}],"version-history":[{"count":0,"href":"https:\/\/www.hoymercedes.com.ar\/principal\/wp-json\/wp\/v2\/posts\/88585\/revisions"}],"wp:featuredmedia":[{"embeddable":true,"href":"https:\/\/www.hoymercedes.com.ar\/principal\/wp-json\/wp\/v2\/media\/88586"}],"wp:attachment":[{"href":"https:\/\/www.hoymercedes.com.ar\/principal\/wp-json\/wp\/v2\/media?parent=88585"}],"wp:term":[{"taxonomy":"category","embeddable":true,"href":"https:\/\/www.hoymercedes.com.ar\/principal\/wp-json\/wp\/v2\/categories?post=88585"},{"taxonomy":"post_tag","embeddable":true,"href":"https:\/\/www.hoymercedes.com.ar\/principal\/wp-json\/wp\/v2\/tags?post=88585"}],"curies":[{"name":"wp","href":"https:\/\/api.w.org\/{rel}","templated":true}]}}