{"id":88593,"date":"2019-02-23T14:22:21","date_gmt":"2019-02-23T17:22:21","guid":{"rendered":"http:\/\/www.hoymercedes.com.ar\/principal\/?p=88593"},"modified":"2019-02-23T14:01:14","modified_gmt":"2019-02-23T17:01:14","slug":"los-dos-rotary-locales-celebran-los-114-anos-de-la-institucion-internacional","status":"publish","type":"post","link":"https:\/\/www.hoymercedes.com.ar\/principal\/2019\/02\/23\/los-dos-rotary-locales-celebran-los-114-anos-de-la-institucion-internacional\/","title":{"rendered":"Los dos Rotary locales celebran los 114 a\u00f1os de la instituci\u00f3n internacional"},"content":{"rendered":"\n<p>Este s\u00e1bado 23 de febrero se cumplen 114 a\u00f1os de la fundaci\u00f3n de Rotary International. El Rotary Club Mercedes y el Rotary Club Bulevar 40 tambi\u00e9n de nuestra ciudad, celebran el d\u00eda del rotario mercedino. <\/p>\n\n\n\n<p>Fue en la ciudad de Chicago en 1905 y fue Paul Harris quien dio el primer paso para poner en marcha la primera organizaci\u00f3n de servicio del mundo. Se reunieron en principio cuatro personas, que advirtieron que se pod\u00eda trabajar en cosas comunitarias, que pensaron\u00a0 que se pod\u00eda contribuir a la paz a trav\u00e9s de una mayor comprensi\u00f3n de los problemas y a un mejor entendimiento entre los hombres.<\/p>\n\n\n\n<p>Desde el mismo\nmomento de su fundaci\u00f3n, Rotary mostr\u00f3 una gran evoluci\u00f3n. Fue creciendo. Se\nfueron creando nuevos clubes. Hoy se puede se\u00f1alar, que en todas las partes del\nmundo, hay un club que responde a la organizaci\u00f3n, que forman una gran familia rotaria\ncon un camino de permanente disposici\u00f3n y servicio.&nbsp; Un conjunto de personas que busca mejorar las\ncondiciones de vida, brindar un servicio integral para vivir en un mundo mejor.<\/p>\n\n\n\n<p>En ese trabajo, es innegable que sus integrantes son los responsables y actores del futuro de Rotary y de su accionar. Entienden que todo lo que se podr\u00e1 aportar, es su contribuci\u00f3n desinteresada, su valorizaci\u00f3n de las cosas espirituales sobre lo material, su amor al pr\u00f3jimo, como una v\u00eda para lograr el cumplimiento del objetivo de Rotary que es \u00abel ideal de servicio\u00bb<\/p>\n\n\n\n<p>El m\u00e1s importante\nprograma que Rotary tiene a nivel internacional es La Fundaci\u00f3n Rotaria, un excelente\nveh\u00edculo de servicio. Entre sus programas, busca desde 1985, con mucho\nesfuerzo, pero con gran reconocimiento del mundo, lograr que el mundo se libere\ndel flagelo de la Polio, Una lucha muy dura que est\u00e1 llegando a su fin, ya que\nel n\u00famero de casos ha disminuido en un 99,99%.<\/p>\n\n\n\n<p>En reconocimiento al\ntrabajo del Rotary Club de Mercedes y el Rotary Mercedes Bulevar 40, hace unos\na\u00f1os, el Concejo Deliberante de Mercedes, por ordenanza municipal design\u00f3 al 23\nde febrero, como D\u00eda del Rotario Mercedino.<\/p>\n\n\n\n<p>Estos clubes de nuestra ciudad, se unen a esta valorada celebraci\u00f3n, ratificando su vocaci\u00f3n por la atenci\u00f3n de las necesidades de la comunidad local, regional, nacional e internacional y recordando a su fundador Paul Harris, genio y so\u00f1ador.<\/p>\n","protected":false},"excerpt":{"rendered":"<p>Este s\u00e1bado 23 de febrero se cumplen 114 a\u00f1os de la fundaci\u00f3n de Rotary International. El Rotary Club Mercedes y &#8230; <a title=\"Los dos Rotary locales celebran los 114 a\u00f1os de la instituci\u00f3n internacional\" class=\"read-more\" href=\"https:\/\/www.hoymercedes.com.ar\/principal\/2019\/02\/23\/los-dos-rotary-locales-celebran-los-114-anos-de-la-institucion-internacional\/\" aria-label=\"Leer m\u00e1s sobre Los dos Rotary locales celebran los 114 a\u00f1os de la instituci\u00f3n internacional\">Leer m\u00e1s<\/a><\/p>\n","protected":false},"author":1,"featured_media":88594,"comment_status":"closed","ping_status":"open","sticky":false,"template":"","format":"standard","meta":{"_monsterinsights_skip_tracking":false,"_monsterinsights_sitenote_active":false,"_monsterinsights_sitenote_note":"","_monsterinsights_sitenote_category":0,"jetpack_post_was_ever_published":false,"_jetpack_newsletter_access":"","_jetpack_dont_email_post_to_subs":false,"_jetpack_newsletter_tier_id":0,"_jetpack_memberships_contains_paywalled_content":false,"_jetpack_memberships_contains_paid_content":false,"footnotes":"","jetpack_publicize_message":"","jetpack_publicize_feature_enabled":true,"jetpack_social_post_already_shared":true,"jetpack_social_options":{"image_generator_settings":{"template":"highway","default_image_id":0,"font":"","enabled":false},"version":2},"_wpas_customize_per_network":false},"categories":[8],"tags":[8829,14548,1711],"class_list":["post-88593","post","type-post","status-publish","format-standard","has-post-thumbnail","hentry","category-sociedad","tag-aniversario","tag-celebracion-internacional","tag-rotary-club","generate-columns","tablet-grid-50","mobile-grid-100","grid-parent","grid-50"],"jetpack_publicize_connections":[],"jetpack_featured_media_url":"https:\/\/www.hoymercedes.com.ar\/principal\/wp-content\/uploads\/2019\/02\/23-logo-rotary.jpg","wps_subtitle":"Festejo internacional","jetpack_sharing_enabled":true,"_links":{"self":[{"href":"https:\/\/www.hoymercedes.com.ar\/principal\/wp-json\/wp\/v2\/posts\/88593","targetHints":{"allow":["GET"]}}],"collection":[{"href":"https:\/\/www.hoymercedes.com.ar\/principal\/wp-json\/wp\/v2\/posts"}],"about":[{"href":"https:\/\/www.hoymercedes.com.ar\/principal\/wp-json\/wp\/v2\/types\/post"}],"author":[{"embeddable":true,"href":"https:\/\/www.hoymercedes.com.ar\/principal\/wp-json\/wp\/v2\/users\/1"}],"replies":[{"embeddable":true,"href":"https:\/\/www.hoymercedes.com.ar\/principal\/wp-json\/wp\/v2\/comments?post=88593"}],"version-history":[{"count":0,"href":"https:\/\/www.hoymercedes.com.ar\/principal\/wp-json\/wp\/v2\/posts\/88593\/revisions"}],"wp:featuredmedia":[{"embeddable":true,"href":"https:\/\/www.hoymercedes.com.ar\/principal\/wp-json\/wp\/v2\/media\/88594"}],"wp:attachment":[{"href":"https:\/\/www.hoymercedes.com.ar\/principal\/wp-json\/wp\/v2\/media?parent=88593"}],"wp:term":[{"taxonomy":"category","embeddable":true,"href":"https:\/\/www.hoymercedes.com.ar\/principal\/wp-json\/wp\/v2\/categories?post=88593"},{"taxonomy":"post_tag","embeddable":true,"href":"https:\/\/www.hoymercedes.com.ar\/principal\/wp-json\/wp\/v2\/tags?post=88593"}],"curies":[{"name":"wp","href":"https:\/\/api.w.org\/{rel}","templated":true}]}}