{"id":8860,"date":"2011-11-04T03:03:10","date_gmt":"2011-11-04T03:03:10","guid":{"rendered":"http:\/\/www.hoymercedes.com.ar\/principal\/?p=8860"},"modified":"2011-11-04T03:03:10","modified_gmt":"2011-11-04T03:03:10","slug":"visitara-mercedes-el-ministro-de-medio-ambiente-de-san-juan","status":"publish","type":"post","link":"https:\/\/www.hoymercedes.com.ar\/principal\/2011\/11\/04\/visitara-mercedes-el-ministro-de-medio-ambiente-de-san-juan\/","title":{"rendered":"Visitar\u00e1 Mercedes el ministro de medio ambiente de San Juan"},"content":{"rendered":"<p>Se estima que a media ma\u00f1ana se trasladar\u00e1 junto a funcionarios municipales locales hasta la Planta de Tratamiento y Disposici\u00f3n de Residuos Domiciliarios que se encuentra funcionando en la prolongaci\u00f3n de 29 casi Ruta 41.<\/p>\n<p>Juan Carlos Su\u00e1rez, titular del departamento de Medio Ambiente que depende de la Direcci\u00f3n de Salud de la municipalidad confirm\u00f3 que durante la jornada de este viernes funcionarios de medio ambiente de la provincia de San Juan visitar\u00e1n nuestra ciudad a fin de interiorizarse del sistema implementado para la disposici\u00f3n final delos residuos domiciliarios.<\/p>\n<p>Su\u00e1rez precis\u00f3 \u201chan confirmado su visita a Mercedes el Ministro de Ambiente de la Provincia de San Juan y el Director de la Planta de Residuos que tienen en la Capital para observar el funcionamiento del sistema de encapsulamiento y embolsado que estamos utilizando en nuestra ciudad en plena etapa de desarrollo habiendo ya logrado varios \u201ccaramelos\u201d como le decimos nosotros al producto que una vez finalizado todo el proceso obtenemos.<\/p>\n<p>Ellos han demostrado mucho inter\u00e9s en poder ver en persona nuestro sistema porque han comenzado a tener problemas muy serios con la gran cantidad de residuos org\u00e1nicos que les queda en la planta de separaci\u00f3n que tienen, que realmente por lo que pudimos conocer es algo realmente muy importante pero como en general pasa en todos lados el nudo fundamental del problema de la basura es que hacer justamente con lo que no se puede reciclar, es decir lo org\u00e1nico.<\/p>\n<p>Hasta 10 toneladas es f\u00e1cil tratar dichos residuos org\u00e1nicos pero cuando se deben tratar cantidades superiores todo se complica como en nuestro caso que hablamos de cuarenta \u00f3 cuarenta y cinco toneladas sobre todo por el tema espacios y es m\u00e1s dificultoso trabajar con lombrices porque hay mucho m\u00e1s olores, m\u00e1s l\u00edquidos y desde ya m\u00e1s descomposici\u00f3n de desperdicios.<\/p>\n<p>El problema fundamental que ellos tienen es justamente eso por lo cual al tomar conocimiento que hemos comenzado a trabajar con el sistema de encapsular decidieron viajar a nuestra ciudad para ver como lo hacemos con las maquinarias y el equipamiento que disponemos que lo adquirimos a una empresa ubicada en la provincia de C\u00f3rdoba, lugar al cual tambi\u00e9n ir\u00e1n por las informaciones que manejamos para ver si se puede hacer algo similar para resolver los problemas que tienen.<\/p>\n<p>El sistema que nosotros aun estamos utilizando a prueba es casi in\u00e9dito, en la provincia hay solo dos comunas que ya comenzamos a trabajar con el mismo, nosotros y Lincoln, y ahora se est\u00e1 por incorporar en muy pocos d\u00edas una tercera m\u00e1quina como la nuestra en Capit\u00e1n Sarmiento y fuera de la provincia de Buenos Aires hay una en Leones en a provincia de C\u00f3rdoba pero es algo mucho m\u00e1s chico porque la cantidad de residuos que a diario se recoge es muy inferior al nuestro y hasta hacen la separaci\u00f3n directamente en el propio cami\u00f3n recolector algo que realmente anosotros nos resulta imposible, por eso es que vamos a solicitar la colaboraci\u00f3n de todos los vecinos para que de a poco nos vayamos acostumbrando en nuestros hogares a deparar entre org\u00e1nico y no org\u00e1nico y para que tengan una idea concreta dando una explicaci\u00f3n f\u00e1cil podemos decir entre lo seco y lo que no lo est\u00e1, pero atenci\u00f3n que lo seco debe estar limpio porque delo contrario no se puede reciclar y directamente pasa a decir como lo denominamos usualmente basura. Por ejemplo abrimos una lata de tomates, vaciamos su contenido y tiramos la lata a la basura, eso no nos sirve debido a que los restos que quedan en el interior fermentan y se descompone por lo cual ese envase ya no se puede volver a utilizar debido a que generalmente se oxida. Si nos detenemos a pensar que d\u00e1ndole un peque\u00f1o lavado todo cambia entonces si lo recibimos limpio y lo separamos por lo tanto nuestro mensaje concientizador para los vecinos ser\u00e1 ese, tratar de lograr la mayor cantidad de elementos no org\u00e1nicos limpios como son por ejemplo envases tetras, cartones papeles, metales, vidrios, madera, y mucha cosas m\u00e1s a las que si evitamos juntarlas con restos de comidas sean crudas o preparadas y otros elementos de f\u00e1cil descomposici\u00f3n se pueden volver a utilizar tras el correspondiente reciclado\u201d.<\/p>\n","protected":false},"excerpt":{"rendered":"<p>Se estima que a media ma\u00f1ana se trasladar\u00e1 junto a funcionarios municipales locales hasta la Planta de Tratamiento y Disposici\u00f3n &#8230; <a title=\"Visitar\u00e1 Mercedes el ministro de medio ambiente de San Juan\" class=\"read-more\" href=\"https:\/\/www.hoymercedes.com.ar\/principal\/2011\/11\/04\/visitara-mercedes-el-ministro-de-medio-ambiente-de-san-juan\/\" aria-label=\"Leer m\u00e1s sobre Visitar\u00e1 Mercedes el ministro de medio ambiente de San Juan\">Leer m\u00e1s<\/a><\/p>\n","protected":false},"author":1,"featured_media":0,"comment_status":"open","ping_status":"open","sticky":false,"template":"","format":"standard","meta":{"_monsterinsights_skip_tracking":false,"_monsterinsights_sitenote_active":false,"_monsterinsights_sitenote_note":"","_monsterinsights_sitenote_category":0,"jetpack_post_was_ever_published":false,"_jetpack_newsletter_access":"","_jetpack_dont_email_post_to_subs":false,"_jetpack_newsletter_tier_id":0,"_jetpack_memberships_contains_paywalled_content":false,"_jetpack_memberships_contains_paid_content":false,"footnotes":"","jetpack_publicize_message":"","jetpack_publicize_feature_enabled":true,"jetpack_social_post_already_shared":false,"jetpack_social_options":{"image_generator_settings":{"template":"highway","default_image_id":0,"font":"","enabled":false},"version":2},"_wpas_customize_per_network":false},"categories":[8],"tags":[1548],"class_list":["post-8860","post","type-post","status-publish","format-standard","hentry","category-sociedad","tag-medio-ambiente-de-san-juan","generate-columns","tablet-grid-50","mobile-grid-100","grid-parent","grid-50"],"jetpack_publicize_connections":[],"jetpack_featured_media_url":"","wps_subtitle":"","jetpack_sharing_enabled":true,"_links":{"self":[{"href":"https:\/\/www.hoymercedes.com.ar\/principal\/wp-json\/wp\/v2\/posts\/8860","targetHints":{"allow":["GET"]}}],"collection":[{"href":"https:\/\/www.hoymercedes.com.ar\/principal\/wp-json\/wp\/v2\/posts"}],"about":[{"href":"https:\/\/www.hoymercedes.com.ar\/principal\/wp-json\/wp\/v2\/types\/post"}],"author":[{"embeddable":true,"href":"https:\/\/www.hoymercedes.com.ar\/principal\/wp-json\/wp\/v2\/users\/1"}],"replies":[{"embeddable":true,"href":"https:\/\/www.hoymercedes.com.ar\/principal\/wp-json\/wp\/v2\/comments?post=8860"}],"version-history":[{"count":0,"href":"https:\/\/www.hoymercedes.com.ar\/principal\/wp-json\/wp\/v2\/posts\/8860\/revisions"}],"wp:attachment":[{"href":"https:\/\/www.hoymercedes.com.ar\/principal\/wp-json\/wp\/v2\/media?parent=8860"}],"wp:term":[{"taxonomy":"category","embeddable":true,"href":"https:\/\/www.hoymercedes.com.ar\/principal\/wp-json\/wp\/v2\/categories?post=8860"},{"taxonomy":"post_tag","embeddable":true,"href":"https:\/\/www.hoymercedes.com.ar\/principal\/wp-json\/wp\/v2\/tags?post=8860"}],"curies":[{"name":"wp","href":"https:\/\/api.w.org\/{rel}","templated":true}]}}