{"id":88603,"date":"2019-02-24T00:45:42","date_gmt":"2019-02-24T03:45:42","guid":{"rendered":"http:\/\/www.hoymercedes.com.ar\/principal\/?p=88603"},"modified":"2019-02-24T00:47:06","modified_gmt":"2019-02-24T03:47:06","slug":"mercedes-goleo-a-trocha-y-termino-la-primera-rueda-como-lider-de-la-zona","status":"publish","type":"post","link":"https:\/\/www.hoymercedes.com.ar\/principal\/2019\/02\/24\/mercedes-goleo-a-trocha-y-termino-la-primera-rueda-como-lider-de-la-zona\/","title":{"rendered":"Mercedes gole\u00f3 a Trocha y termin\u00f3 la primera rueda como l\u00edder de la zona"},"content":{"rendered":"\n<p>En cancha de la Liga Mercedina Trocha y Club Mercedes jugaron por la quinta fecha de la Zona 1 de la Regi\u00f3n Pampeana Norte del torneo Regional Amateur. Los dos llegaron al final de la primera rueda en situaciones totalmente diferentes y brindaron un buen espect\u00e1culo en un campo de juego que estaba muy r\u00e1pido, producto de la lluvia, pero que aguant\u00f3 bien y  ante una buena cantidad de p\u00fablico que soport\u00f3 la lluvia durante todo el segundo tiempo. Fue 3 a 0 para el Blanquinegro, con goles de Juan Pedro Gatti, Ricardo Barrientos y Luis Lawler.<\/p>\n\n\n\n<figure class=\"wp-block-image\"><img loading=\"lazy\" decoding=\"async\" width=\"1024\" height=\"768\" data-attachment-id=\"88604\" data-permalink=\"https:\/\/www.hoymercedes.com.ar\/principal\/2019\/02\/24\/mercedes-goleo-a-trocha-y-termino-la-primera-rueda-como-lider-de-la-zona\/whatsapp-image-2019-02-23-at-20-32-10\/#main\" data-orig-file=\"https:\/\/www.hoymercedes.com.ar\/principal\/wp-content\/uploads\/2019\/02\/WhatsApp-Image-2019-02-23-at-20.32.10.jpeg\" data-orig-size=\"1280,960\" data-comments-opened=\"0\" data-image-meta=\"{&quot;aperture&quot;:&quot;0&quot;,&quot;credit&quot;:&quot;&quot;,&quot;camera&quot;:&quot;&quot;,&quot;caption&quot;:&quot;&quot;,&quot;created_timestamp&quot;:&quot;0&quot;,&quot;copyright&quot;:&quot;&quot;,&quot;focal_length&quot;:&quot;0&quot;,&quot;iso&quot;:&quot;0&quot;,&quot;shutter_speed&quot;:&quot;0&quot;,&quot;title&quot;:&quot;&quot;,&quot;orientation&quot;:&quot;0&quot;}\" data-image-title=\"WhatsApp Image 2019-02-23 at 20.32.10\" data-image-description=\"\" data-image-caption=\"\" data-large-file=\"https:\/\/www.hoymercedes.com.ar\/principal\/wp-content\/uploads\/2019\/02\/WhatsApp-Image-2019-02-23-at-20.32.10-1024x768.jpeg\" src=\"https:\/\/www.hoymercedes.com.ar\/principal\/wp-content\/uploads\/2019\/02\/WhatsApp-Image-2019-02-23-at-20.32.10-1024x768.jpeg\" alt=\"\" class=\"wp-image-88604\" srcset=\"https:\/\/www.hoymercedes.com.ar\/principal\/wp-content\/uploads\/2019\/02\/WhatsApp-Image-2019-02-23-at-20.32.10-1024x768.jpeg 1024w, https:\/\/www.hoymercedes.com.ar\/principal\/wp-content\/uploads\/2019\/02\/WhatsApp-Image-2019-02-23-at-20.32.10-150x113.jpeg 150w, https:\/\/www.hoymercedes.com.ar\/principal\/wp-content\/uploads\/2019\/02\/WhatsApp-Image-2019-02-23-at-20.32.10-630x473.jpeg 630w, https:\/\/www.hoymercedes.com.ar\/principal\/wp-content\/uploads\/2019\/02\/WhatsApp-Image-2019-02-23-at-20.32.10-320x240.jpeg 320w, https:\/\/www.hoymercedes.com.ar\/principal\/wp-content\/uploads\/2019\/02\/WhatsApp-Image-2019-02-23-at-20.32.10-100x75.jpeg 100w, https:\/\/www.hoymercedes.com.ar\/principal\/wp-content\/uploads\/2019\/02\/WhatsApp-Image-2019-02-23-at-20.32.10.jpeg 1280w\" sizes=\"auto, (max-width: 1024px) 100vw, 1024px\" \/><\/figure>\n\n\n\n<p>Mercedes fue superior en todo momento. Salvo la primera parte del segundo tiempo, luego se jug\u00f3 como Walter D\u00edaz quiso. Trocha no tuvo reacci\u00f3n, tuvo poca idea de juego y nunca le sali\u00f3 el plan A que tuvo, pelotazo largo a un Camargo que perdi\u00f3 en casi todas junto a un Gianaschi que tampoco gravit\u00f3 en el juego.<\/p>\n\n\n\n<p>Club Mercedes mantuvo el orden en todo momento. Con la simplicaci\u00f3n del ataque de Trocha, la defensa no pas\u00f3 mayores sobresaltos y en la \u00fanica del primer tiempo, Ben\u00edtez respondi\u00f3 bien. Luego, el partido lo control\u00f3 dominando la pelota pero sin lograr situaciones de peligro, hasta que tras un corner de Leandro Filippini desde la derecha encontr\u00f3 la cabeza de Juan Pedro Gatti, quien gan\u00f3 entre todos para poner la pelota en el segundo palo de un Federico Grosso que nada pudo hacer.<\/p>\n\n\n\n<p>En el segundo tiempo, Juan Ignacio Menendez, sabiendo que a Trocha la derrota lo dejaba grogui en el torneo, puso en cancha a Jer\u00f3nimo Miratta en lugar de un Lautaro Torres que no rindi\u00f3 ni en ataque ni en defensa. El 4 &#8211; 4 &#8211; 2 pas\u00f3 a ser 4 &#8211; 3 &#8211; 3 y ese cambio hizo mostrar otra imagen de un Carbonero que al no encontrarle la vuelta a la defensa rival, empez\u00f3 a impacientarse y Mercedes a encontrar los espacios en defensa.<\/p>\n\n\n\n<p>Sin hacer mucho, Mercedes encontr\u00f3 el espacio. Trocha desperdici\u00f3 un tiro libre y la contra rival fue efectiva. Pase a Lawler que estaba en la mitad de la cancha, envi\u00f3 un pase por arriba de la defensa a Franco Gatti, que gan\u00f3 la pelea y oblig\u00f3 a Federico Grosso a voltearlo fuera del \u00e1rea. El juez Nardelli cobr\u00f3 la falta y ech\u00f3 al arquero. Ingres\u00f3 Fontana por Ignacio Brazuna, otro que tuvo un partido muy flojo, siendo ese el tercer cambio, ya que antes Pastor entr\u00f3 por Dizeo. A todo eso, Biaggini se lesion\u00f3 y con su equipo sin chance de hacer cambios, tuvo que continuar en la cancha, generando otra ventaja en favor de Mercedes.<\/p>\n\n\n\n<p>Debut\u00f3 Santiago Vizzio en el Blanquinegro. En otra contra de Franco Gatti, la cambi\u00f3 de izquierda al centro para el reci\u00e9n ingresado Ricardo Barrientos y \u00e9ste la entreg\u00f3 a Vizzio que estaba por derecha. Con la defensa desarmada, el pase fue hacia adentro para que Barrientos ponga el 2 a 0 cuando iban 40 minutos y el partido pr\u00e1cticamente quede sellado.<\/p>\n\n\n\n<p>Luego, cuando se jugaba el cuarto minuto de adici\u00f3n, tras un tiro libre y con Trocha desarmado, Lawler termin\u00f3 de cerrar un resultado en el que hubo pocos tiros al arco, pero un claro dominador que aprovech\u00f3 lo que tuvo.<\/p>\n\n\n\n<p>Ahora se viene el otro partido de la zona, en la tarde del domingo, entre Bragado Club y Sportsman, mientras que El Front\u00f3n qued\u00f3 libre. El local no podr\u00e1 alcanzar a Mercedes, mientras que Sportsman buscar\u00e1 quedar en la segunda colocaci\u00f3n. Por el lado de Trocha, si bien las matem\u00e1ticas todav\u00eda lo ayudan, qued\u00f3 muy lejos de la pelea por la clasificaci\u00f3n directa y deber\u00e1 hacer muchos c\u00e1lculos para ser el mejor tercero de las tres zonas de cinco.<\/p>\n\n\n\n<p><strong>S\u00edntesis:<\/strong><\/p>\n\n\n\n<p><strong>Trocha 0:<\/strong> Federico Grosso, Maxi Lobos, Iv\u00e1n Portillo, Facundo Quiroga, Ignacio Brazuna; Leandro Dizeo, Lautaro Torre, Sebasti\u00e1n Biaggini, Pablo Montuori, Dar\u00edo Gianaschi y Marcos Camargo. <strong>DT:<\/strong> Juan Ignacio Menendez. <strong>Relevos:<\/strong> Santiago Yascky, Javier Rosales, Pablo Giacoy y Gustavo Latessa. <\/p>\n\n\n\n<p><strong>Club Mercedes 3:<\/strong> Gast\u00f3n Ben\u00edtez, Juan Pedro Gatti, Gast\u00f3n Godoy, Joaqu\u00edn Parra, Nicol\u00e1s Contardi, Franco Rodr\u00edguez, Franco Gatti, Cristian Barrientos, Luis Lawler, Leandro Filipini y Francisco Bomaggio.\u00a0<strong>DT:<\/strong>\u00a0Walter D\u00edaz.\u00a0<strong>Suplentes:<\/strong>\u00a0Juan Bidone, Santiago Selva, Lucas Picone y Franco P\u00e9rez.<\/p>\n\n\n\n<p><strong>Gol en el PT:\u00a0<\/strong>A los 40\u2019 Juan Pedro Gatti para Club Mercedes.<br><strong>Goles en el ST:\u00a0<\/strong>A los 39\u2019 Ricardo Barrientos y a los 45\u2019 Luis Lawler para Club Mercedes.<br><strong>Cambios:<\/strong>\u00a0Jer\u00f3nimo Mirata por Lautaro Torre, Mart\u00edn Pastor por Leandro Dizeo y Pablo Fontana por Ignacio Brazuna en Trocha. Santiago Vizzio por Cristian Barrientos, Ricardo Barrientos por Leandro Filipini y Mauro Sigona por Franco Gatti en Club Mercedes.<br><strong>Arbitro:<\/strong>\u00a0Martin Daniel Nardelli (Luj\u00e1n). <strong>Asistentes: <\/strong>Mariano Vera y Gerardo Grande.<br><strong>Expulsado:<\/strong>\u00a0Federico Grosso en Trocha a los 20\u2019 del ST. <\/p>\n\n\n\n<div class=\"wp-block-image\"><figure class=\"aligncenter\"><img loading=\"lazy\" decoding=\"async\" width=\"527\" height=\"152\" data-attachment-id=\"88607\" data-permalink=\"https:\/\/www.hoymercedes.com.ar\/principal\/2019\/02\/24\/mercedes-goleo-a-trocha-y-termino-la-primera-rueda-como-lider-de-la-zona\/sin-titulo-9\/#main\" data-orig-file=\"https:\/\/www.hoymercedes.com.ar\/principal\/wp-content\/uploads\/2019\/02\/Sin-t\u00edtulo.png\" data-orig-size=\"527,152\" data-comments-opened=\"0\" data-image-meta=\"{&quot;aperture&quot;:&quot;0&quot;,&quot;credit&quot;:&quot;&quot;,&quot;camera&quot;:&quot;&quot;,&quot;caption&quot;:&quot;&quot;,&quot;created_timestamp&quot;:&quot;0&quot;,&quot;copyright&quot;:&quot;&quot;,&quot;focal_length&quot;:&quot;0&quot;,&quot;iso&quot;:&quot;0&quot;,&quot;shutter_speed&quot;:&quot;0&quot;,&quot;title&quot;:&quot;&quot;,&quot;orientation&quot;:&quot;0&quot;}\" data-image-title=\"Sin t\u00edtulo\" data-image-description=\"\" data-image-caption=\"\" data-large-file=\"https:\/\/www.hoymercedes.com.ar\/principal\/wp-content\/uploads\/2019\/02\/Sin-t\u00edtulo.png\" src=\"https:\/\/www.hoymercedes.com.ar\/principal\/wp-content\/uploads\/2019\/02\/Sin-t\u00edtulo.png\" alt=\"\" class=\"wp-image-88607\" srcset=\"https:\/\/www.hoymercedes.com.ar\/principal\/wp-content\/uploads\/2019\/02\/Sin-t\u00edtulo.png 527w, https:\/\/www.hoymercedes.com.ar\/principal\/wp-content\/uploads\/2019\/02\/Sin-t\u00edtulo-150x43.png 150w\" sizes=\"auto, (max-width: 527px) 100vw, 527px\" \/><\/figure><\/div>\n\n\n\n<p><strong>Domingo 24<\/strong><br><strong>Cancha:<\/strong>&nbsp;Municipal.<br>A las 17 Bragado Club vs. Sportsman.<br><strong>Arbitro:<\/strong>&nbsp;Mauricio Juan Luna (25 de Mayo).<br><strong>Asistentes:<\/strong>&nbsp;Fabricio Norberto Cepeda &nbsp;y Gerardo Emanuel Ortiz (25 de Mayo).\n\n<\/p>\n","protected":false},"excerpt":{"rendered":"<p>En cancha de la Liga Mercedina Trocha y Club Mercedes jugaron por la quinta fecha de la Zona 1 de &#8230; <a title=\"Mercedes gole\u00f3 a Trocha y termin\u00f3 la primera rueda como l\u00edder de la zona\" class=\"read-more\" href=\"https:\/\/www.hoymercedes.com.ar\/principal\/2019\/02\/24\/mercedes-goleo-a-trocha-y-termino-la-primera-rueda-como-lider-de-la-zona\/\" aria-label=\"Leer m\u00e1s sobre Mercedes gole\u00f3 a Trocha y termin\u00f3 la primera rueda como l\u00edder de la zona\">Leer m\u00e1s<\/a><\/p>\n","protected":false},"author":1,"featured_media":88604,"comment_status":"closed","ping_status":"open","sticky":false,"template":"","format":"standard","meta":{"_monsterinsights_skip_tracking":false,"_monsterinsights_sitenote_active":false,"_monsterinsights_sitenote_note":"","_monsterinsights_sitenote_category":0,"jetpack_post_was_ever_published":false,"_jetpack_newsletter_access":"","_jetpack_dont_email_post_to_subs":false,"_jetpack_newsletter_tier_id":0,"_jetpack_memberships_contains_paywalled_content":false,"_jetpack_memberships_contains_paid_content":false,"footnotes":"","jetpack_publicize_message":"","jetpack_publicize_feature_enabled":true,"jetpack_social_post_already_shared":true,"jetpack_social_options":{"image_generator_settings":{"template":"highway","default_image_id":0,"font":"","enabled":false},"version":2},"_wpas_customize_per_network":false},"categories":[21],"tags":[14255],"class_list":["post-88603","post","type-post","status-publish","format-standard","has-post-thumbnail","hentry","category-deportes","tag-regional-amateur","generate-columns","tablet-grid-50","mobile-grid-100","grid-parent","grid-50"],"jetpack_publicize_connections":[],"jetpack_featured_media_url":"https:\/\/www.hoymercedes.com.ar\/principal\/wp-content\/uploads\/2019\/02\/WhatsApp-Image-2019-02-23-at-20.32.10.jpeg","wps_subtitle":"Regional Amateur","jetpack_sharing_enabled":true,"_links":{"self":[{"href":"https:\/\/www.hoymercedes.com.ar\/principal\/wp-json\/wp\/v2\/posts\/88603","targetHints":{"allow":["GET"]}}],"collection":[{"href":"https:\/\/www.hoymercedes.com.ar\/principal\/wp-json\/wp\/v2\/posts"}],"about":[{"href":"https:\/\/www.hoymercedes.com.ar\/principal\/wp-json\/wp\/v2\/types\/post"}],"author":[{"embeddable":true,"href":"https:\/\/www.hoymercedes.com.ar\/principal\/wp-json\/wp\/v2\/users\/1"}],"replies":[{"embeddable":true,"href":"https:\/\/www.hoymercedes.com.ar\/principal\/wp-json\/wp\/v2\/comments?post=88603"}],"version-history":[{"count":0,"href":"https:\/\/www.hoymercedes.com.ar\/principal\/wp-json\/wp\/v2\/posts\/88603\/revisions"}],"wp:featuredmedia":[{"embeddable":true,"href":"https:\/\/www.hoymercedes.com.ar\/principal\/wp-json\/wp\/v2\/media\/88604"}],"wp:attachment":[{"href":"https:\/\/www.hoymercedes.com.ar\/principal\/wp-json\/wp\/v2\/media?parent=88603"}],"wp:term":[{"taxonomy":"category","embeddable":true,"href":"https:\/\/www.hoymercedes.com.ar\/principal\/wp-json\/wp\/v2\/categories?post=88603"},{"taxonomy":"post_tag","embeddable":true,"href":"https:\/\/www.hoymercedes.com.ar\/principal\/wp-json\/wp\/v2\/tags?post=88603"}],"curies":[{"name":"wp","href":"https:\/\/api.w.org\/{rel}","templated":true}]}}