{"id":88631,"date":"2019-02-25T11:07:41","date_gmt":"2019-02-25T14:07:41","guid":{"rendered":"http:\/\/www.hoymercedes.com.ar\/principal\/?p=88631"},"modified":"2019-02-25T09:28:29","modified_gmt":"2019-02-25T12:28:29","slug":"bragado-club-derroto-a-sportsman-que-perdio-terreno-por-ser-el-mejor-tercero","status":"publish","type":"post","link":"https:\/\/www.hoymercedes.com.ar\/principal\/2019\/02\/25\/bragado-club-derroto-a-sportsman-que-perdio-terreno-por-ser-el-mejor-tercero\/","title":{"rendered":"Bragado Club derrot\u00f3 a Sportsman, que perdi\u00f3 terreno por ser el mejor tercero"},"content":{"rendered":"\n<p>En la ciudad de Bragado se jug\u00f3 el segundo y \u00faltimo partido de la quinta fecha del torneo Regional Amateur y Bragado Club no le quiso perder pisada a Club Mercedes y venci\u00f3 a Sportsman de Carmen de Areco por 1 a 0. Juan Citate fue quien marc\u00f3 el \u00fanico gol del encuentro a los 25 minutos del segundo tiempo en un encuentro que fue muy entretenido.<\/p>\n\n\n\n<p>Previendo que Club Mercedes y Bragado Club son los candidatos en la Zona y que por el momento est\u00e1n en los puestos de clasificaci\u00f3n, la historia para El Front\u00f3n, Sportsman y Trocha hace pensar que deber\u00e1n jugar por ser el mejor tercero y en esa carrera la derrota del conjunto de Carmen de Areco lo hizo quedar algo relegado.<\/p>\n\n\n\n<div class=\"wp-block-image\"><figure class=\"aligncenter\"><img loading=\"lazy\" decoding=\"async\" width=\"527\" height=\"152\" data-attachment-id=\"88632\" data-permalink=\"https:\/\/www.hoymercedes.com.ar\/principal\/2019\/02\/25\/bragado-club-derroto-a-sportsman-que-perdio-terreno-por-ser-el-mejor-tercero\/sin-titulo-10\/#main\" data-orig-file=\"https:\/\/www.hoymercedes.com.ar\/principal\/wp-content\/uploads\/2019\/02\/Sin-t\u00edtulo-1.png\" data-orig-size=\"527,152\" data-comments-opened=\"0\" data-image-meta=\"{&quot;aperture&quot;:&quot;0&quot;,&quot;credit&quot;:&quot;&quot;,&quot;camera&quot;:&quot;&quot;,&quot;caption&quot;:&quot;&quot;,&quot;created_timestamp&quot;:&quot;0&quot;,&quot;copyright&quot;:&quot;&quot;,&quot;focal_length&quot;:&quot;0&quot;,&quot;iso&quot;:&quot;0&quot;,&quot;shutter_speed&quot;:&quot;0&quot;,&quot;title&quot;:&quot;&quot;,&quot;orientation&quot;:&quot;0&quot;}\" data-image-title=\"Sin t\u00edtulo\" data-image-description=\"\" data-image-caption=\"\" data-large-file=\"https:\/\/www.hoymercedes.com.ar\/principal\/wp-content\/uploads\/2019\/02\/Sin-t\u00edtulo-1.png\" src=\"https:\/\/www.hoymercedes.com.ar\/principal\/wp-content\/uploads\/2019\/02\/Sin-t\u00edtulo-1.png\" alt=\"\" class=\"wp-image-88632\" srcset=\"https:\/\/www.hoymercedes.com.ar\/principal\/wp-content\/uploads\/2019\/02\/Sin-t\u00edtulo-1.png 527w, https:\/\/www.hoymercedes.com.ar\/principal\/wp-content\/uploads\/2019\/02\/Sin-t\u00edtulo-1-150x43.png 150w\" sizes=\"auto, (max-width: 527px) 100vw, 527px\" \/><\/figure><\/div>\n\n\n\n<p>Actualmente el que clasificar\u00eda es Deportivo Pila, que tiene 7 puntos en la Zona 5, por lo que El Front\u00f3n es el que m\u00e1s cerca est\u00e1, mientras que Trocha, con cuatro encuentros por jugar, hoy est\u00e1 a dos de distancia, por lo que su situaci\u00f3n es complicada.<\/p>\n\n\n\n<div class=\"wp-block-image\"><figure class=\"aligncenter\"><img loading=\"lazy\" decoding=\"async\" width=\"527\" height=\"235\" data-attachment-id=\"88633\" data-permalink=\"https:\/\/www.hoymercedes.com.ar\/principal\/2019\/02\/25\/bragado-club-derroto-a-sportsman-que-perdio-terreno-por-ser-el-mejor-tercero\/terceros\/#main\" data-orig-file=\"https:\/\/www.hoymercedes.com.ar\/principal\/wp-content\/uploads\/2019\/02\/Terceros.png\" data-orig-size=\"527,235\" data-comments-opened=\"0\" data-image-meta=\"{&quot;aperture&quot;:&quot;0&quot;,&quot;credit&quot;:&quot;&quot;,&quot;camera&quot;:&quot;&quot;,&quot;caption&quot;:&quot;&quot;,&quot;created_timestamp&quot;:&quot;0&quot;,&quot;copyright&quot;:&quot;&quot;,&quot;focal_length&quot;:&quot;0&quot;,&quot;iso&quot;:&quot;0&quot;,&quot;shutter_speed&quot;:&quot;0&quot;,&quot;title&quot;:&quot;&quot;,&quot;orientation&quot;:&quot;0&quot;}\" data-image-title=\"Terceros\" data-image-description=\"\" data-image-caption=\"\" data-large-file=\"https:\/\/www.hoymercedes.com.ar\/principal\/wp-content\/uploads\/2019\/02\/Terceros.png\" src=\"https:\/\/www.hoymercedes.com.ar\/principal\/wp-content\/uploads\/2019\/02\/Terceros.png\" alt=\"\" class=\"wp-image-88633\" srcset=\"https:\/\/www.hoymercedes.com.ar\/principal\/wp-content\/uploads\/2019\/02\/Terceros.png 527w, https:\/\/www.hoymercedes.com.ar\/principal\/wp-content\/uploads\/2019\/02\/Terceros-150x67.png 150w\" sizes=\"auto, (max-width: 527px) 100vw, 527px\" \/><\/figure><\/div>\n\n\n\n<p><strong>Bragado Club 1:<\/strong>&nbsp;Claudio Ramos, Lucas Abetti, N\u00e9stor Peracca, Juan Cirelli, Facundo Tessoro, Agust\u00edn Raban, Gerardo Louza, Ramiro Disario, Manuel Montiel, Dardo Sosa y Albano Coronel.&nbsp;<strong>DT:<\/strong>&nbsp;Guillermo P\u00e9rez.<br><strong>Sportsman 0:<\/strong>&nbsp;Gaspar Rubio, Pablo Nieva, Marcos Rocha, Mat\u00edas Vel\u00e1zquez, Juan Cosmde, Emiliano Lago, Tabarez, Francisco Spena, Mat\u00edas Palacios, Peralta y Nicol\u00e1s Rocha.&nbsp;<strong>DT:<\/strong>&nbsp;Enzo Acu\u00f1a.<br><strong>Gol en el ST:<\/strong>&nbsp;A los 25\u2019 Juan Citate para Bragado Club.<br><strong>Cambios:<\/strong>&nbsp;Juan Citati por Facundo Tesoro, Gerardo Sosa por Albano Coronel en Bragado Club. Pucheta por Palacios, Garay por Rocha y Salaburu por Spena en Sportsman.<br><strong>Arbitro:<\/strong>&nbsp;Mauricio Juan Luna (25 de Mayo).\n\n<\/p>\n","protected":false},"excerpt":{"rendered":"<p>En la ciudad de Bragado se jug\u00f3 el segundo y \u00faltimo partido de la quinta fecha del torneo Regional Amateur &#8230; <a title=\"Bragado Club derrot\u00f3 a Sportsman, que perdi\u00f3 terreno por ser el mejor tercero\" class=\"read-more\" href=\"https:\/\/www.hoymercedes.com.ar\/principal\/2019\/02\/25\/bragado-club-derroto-a-sportsman-que-perdio-terreno-por-ser-el-mejor-tercero\/\" aria-label=\"Leer m\u00e1s sobre Bragado Club derrot\u00f3 a Sportsman, que perdi\u00f3 terreno por ser el mejor tercero\">Leer m\u00e1s<\/a><\/p>\n","protected":false},"author":1,"featured_media":88633,"comment_status":"closed","ping_status":"open","sticky":false,"template":"","format":"standard","meta":{"_monsterinsights_skip_tracking":false,"_monsterinsights_sitenote_active":false,"_monsterinsights_sitenote_note":"","_monsterinsights_sitenote_category":0,"jetpack_post_was_ever_published":false,"_jetpack_newsletter_access":"","_jetpack_dont_email_post_to_subs":false,"_jetpack_newsletter_tier_id":0,"_jetpack_memberships_contains_paywalled_content":false,"_jetpack_memberships_contains_paid_content":false,"footnotes":"","jetpack_publicize_message":"","jetpack_publicize_feature_enabled":true,"jetpack_social_post_already_shared":true,"jetpack_social_options":{"image_generator_settings":{"template":"highway","default_image_id":0,"font":"","enabled":false},"version":2},"_wpas_customize_per_network":false},"categories":[21],"tags":[1812,14255],"class_list":["post-88631","post","type-post","status-publish","format-standard","has-post-thumbnail","hentry","category-deportes","tag-el-fronton","tag-regional-amateur","generate-columns","tablet-grid-50","mobile-grid-100","grid-parent","grid-50"],"jetpack_publicize_connections":[],"jetpack_featured_media_url":"https:\/\/www.hoymercedes.com.ar\/principal\/wp-content\/uploads\/2019\/02\/Terceros.png","wps_subtitle":"Regional Amateur","jetpack_sharing_enabled":true,"_links":{"self":[{"href":"https:\/\/www.hoymercedes.com.ar\/principal\/wp-json\/wp\/v2\/posts\/88631","targetHints":{"allow":["GET"]}}],"collection":[{"href":"https:\/\/www.hoymercedes.com.ar\/principal\/wp-json\/wp\/v2\/posts"}],"about":[{"href":"https:\/\/www.hoymercedes.com.ar\/principal\/wp-json\/wp\/v2\/types\/post"}],"author":[{"embeddable":true,"href":"https:\/\/www.hoymercedes.com.ar\/principal\/wp-json\/wp\/v2\/users\/1"}],"replies":[{"embeddable":true,"href":"https:\/\/www.hoymercedes.com.ar\/principal\/wp-json\/wp\/v2\/comments?post=88631"}],"version-history":[{"count":0,"href":"https:\/\/www.hoymercedes.com.ar\/principal\/wp-json\/wp\/v2\/posts\/88631\/revisions"}],"wp:featuredmedia":[{"embeddable":true,"href":"https:\/\/www.hoymercedes.com.ar\/principal\/wp-json\/wp\/v2\/media\/88633"}],"wp:attachment":[{"href":"https:\/\/www.hoymercedes.com.ar\/principal\/wp-json\/wp\/v2\/media?parent=88631"}],"wp:term":[{"taxonomy":"category","embeddable":true,"href":"https:\/\/www.hoymercedes.com.ar\/principal\/wp-json\/wp\/v2\/categories?post=88631"},{"taxonomy":"post_tag","embeddable":true,"href":"https:\/\/www.hoymercedes.com.ar\/principal\/wp-json\/wp\/v2\/tags?post=88631"}],"curies":[{"name":"wp","href":"https:\/\/api.w.org\/{rel}","templated":true}]}}