{"id":88650,"date":"2019-02-25T10:00:50","date_gmt":"2019-02-25T13:00:50","guid":{"rendered":"http:\/\/www.hoymercedes.com.ar\/principal\/?p=88650"},"modified":"2019-02-25T15:25:54","modified_gmt":"2019-02-25T18:25:54","slug":"recordatorio-ignacio-ojea-quintana","status":"publish","type":"post","link":"https:\/\/www.hoymercedes.com.ar\/principal\/2019\/02\/25\/recordatorio-ignacio-ojea-quintana\/","title":{"rendered":"Recordatorio: Ignacio Ojea Quintana"},"content":{"rendered":"\n<figure class=\"wp-block-image\"><img loading=\"lazy\" decoding=\"async\" width=\"620\" height=\"738\" data-attachment-id=\"47441\" data-permalink=\"https:\/\/www.hoymercedes.com.ar\/principal\/2016\/02\/25\/ignacio-pedro-ojea-quintana-a-39-anos-de-su-desaparicion\/ojeaquintana\/#main\" data-orig-file=\"https:\/\/www.hoymercedes.com.ar\/principal\/wp-content\/uploads\/2016\/02\/ojeaquintana.jpg\" data-orig-size=\"620,738\" data-comments-opened=\"1\" data-image-meta=\"{&quot;aperture&quot;:&quot;0&quot;,&quot;credit&quot;:&quot;&quot;,&quot;camera&quot;:&quot;&quot;,&quot;caption&quot;:&quot;&quot;,&quot;created_timestamp&quot;:&quot;0&quot;,&quot;copyright&quot;:&quot;&quot;,&quot;focal_length&quot;:&quot;0&quot;,&quot;iso&quot;:&quot;0&quot;,&quot;shutter_speed&quot;:&quot;0&quot;,&quot;title&quot;:&quot;&quot;,&quot;orientation&quot;:&quot;0&quot;}\" data-image-title=\"ojeaquintana\" data-image-description=\"\" data-image-caption=\"\" data-large-file=\"https:\/\/www.hoymercedes.com.ar\/principal\/wp-content\/uploads\/2016\/02\/ojeaquintana.jpg\" src=\"https:\/\/www.hoymercedes.com.ar\/principal\/wp-content\/uploads\/2016\/02\/ojeaquintana.jpg\" alt=\"\" class=\"wp-image-47441\" srcset=\"https:\/\/www.hoymercedes.com.ar\/principal\/wp-content\/uploads\/2016\/02\/ojeaquintana.jpg 620w, https:\/\/www.hoymercedes.com.ar\/principal\/wp-content\/uploads\/2016\/02\/ojeaquintana-126x150.jpg 126w, https:\/\/www.hoymercedes.com.ar\/principal\/wp-content\/uploads\/2016\/02\/ojeaquintana-521x620.jpg 521w\" sizes=\"auto, (max-width: 620px) 100vw, 620px\" \/><\/figure>\n\n\n\n<p style=\"text-align:center\"><strong>Detenido- Desaparecido el 25 -02-77<\/strong><br><strong>A los 22 a\u00f1os de edad<\/strong><\/p>\n\n\n\n<p><strong>Ignacio Pedro Ojea\nQuintana<\/strong>, \u201cNacho\u201d, naci\u00f3 el 11 de mayo de 1954. Integrante de una familia numerosa\nvivi\u00f3 y creci\u00f3 junto a sus hermanos en la ciudad de Mercedes, Provincia de\nBuenos Aires. <\/p>\n\n\n\n<p>Curs\u00f3 estudios en el Colegio San Patricio, en el\nColegio de los Hermanos Maristas de Luj\u00e1n y en el Colegio La Salle de Buenos\nAires y luego inici\u00f3 estudios universitarios. Trabajaba como empleado de la\nC\u00e1mara Electoral, en Tribunales y militaba en Montoneros.<\/p>\n\n\n\n<p>Meses despu\u00e9s de la desaparici\u00f3n de su hermano menor,\nEsteban Santiago, &nbsp;Ignacio fue secuestrado-desaparecido el d\u00eda 25 de\nfebrero de 1977 en las inmediaciones de Plaza de Mayo, hecho perpetrado por un\ngrupo de tareas (el 3.3.2) de la ESMA.<\/p>\n\n\n\n<p>Militante \u00edntegro y comprometido e &nbsp;inclaudicable\nluchador, son definiciones y valores de su persona que han quedado gravados en\nla memoria y en el coraz\u00f3n de sus seres queridos.<\/p>\n\n\n\n<p>A 42 a\u00f1os de su desaparici\u00f3n, por \u00e9l y por los 30.000\ncompa\u00f1eros detenidos-desaparecidos y asesinados decimos \u00a1PRESENTE! No\nolvidamos, sostenemos la memoria, reclamamos la verdad, luchamos contra la\nimpunidad y exigimos juicio y castigo a todos los culpables.<\/p>\n\n\n\n<p style=\"text-align:center\"><strong>Memoria, Verdad y Justicia<\/strong><br><strong>Comisi\u00f3n Municipal por la Memoria de Mercedes<\/strong><\/p>\n","protected":false},"excerpt":{"rendered":"<p>Detenido- Desaparecido el 25 -02-77A los 22 a\u00f1os de edad Ignacio Pedro Ojea Quintana, \u201cNacho\u201d, naci\u00f3 el 11 de mayo &#8230; <a title=\"Recordatorio: Ignacio Ojea Quintana\" class=\"read-more\" href=\"https:\/\/www.hoymercedes.com.ar\/principal\/2019\/02\/25\/recordatorio-ignacio-ojea-quintana\/\" aria-label=\"Leer m\u00e1s sobre Recordatorio: Ignacio Ojea Quintana\">Leer m\u00e1s<\/a><\/p>\n","protected":false},"author":1,"featured_media":47441,"comment_status":"closed","ping_status":"open","sticky":false,"template":"","format":"standard","meta":{"_monsterinsights_skip_tracking":false,"_monsterinsights_sitenote_active":false,"_monsterinsights_sitenote_note":"","_monsterinsights_sitenote_category":0,"jetpack_post_was_ever_published":false,"_jetpack_newsletter_access":"","_jetpack_dont_email_post_to_subs":false,"_jetpack_newsletter_tier_id":0,"_jetpack_memberships_contains_paywalled_content":false,"_jetpack_memberships_contains_paid_content":false,"footnotes":"","jetpack_publicize_message":"","jetpack_publicize_feature_enabled":true,"jetpack_social_post_already_shared":true,"jetpack_social_options":{"image_generator_settings":{"template":"highway","default_image_id":0,"font":"","enabled":false},"version":2},"_wpas_customize_per_network":false},"categories":[8],"tags":[4935,9884,9744,7802,8256],"class_list":["post-88650","post","type-post","status-publish","format-standard","has-post-thumbnail","hentry","category-sociedad","tag-memoria","tag-comision-municipal-por-la-memoria","tag-recordatorio","tag-sociedad","tag-verdad-y-justicia","generate-columns","tablet-grid-50","mobile-grid-100","grid-parent","grid-50"],"jetpack_publicize_connections":[],"jetpack_featured_media_url":"https:\/\/www.hoymercedes.com.ar\/principal\/wp-content\/uploads\/2016\/02\/ojeaquintana.jpg","wps_subtitle":"Memoria, Verdad y Justicia","jetpack_sharing_enabled":true,"_links":{"self":[{"href":"https:\/\/www.hoymercedes.com.ar\/principal\/wp-json\/wp\/v2\/posts\/88650","targetHints":{"allow":["GET"]}}],"collection":[{"href":"https:\/\/www.hoymercedes.com.ar\/principal\/wp-json\/wp\/v2\/posts"}],"about":[{"href":"https:\/\/www.hoymercedes.com.ar\/principal\/wp-json\/wp\/v2\/types\/post"}],"author":[{"embeddable":true,"href":"https:\/\/www.hoymercedes.com.ar\/principal\/wp-json\/wp\/v2\/users\/1"}],"replies":[{"embeddable":true,"href":"https:\/\/www.hoymercedes.com.ar\/principal\/wp-json\/wp\/v2\/comments?post=88650"}],"version-history":[{"count":0,"href":"https:\/\/www.hoymercedes.com.ar\/principal\/wp-json\/wp\/v2\/posts\/88650\/revisions"}],"wp:featuredmedia":[{"embeddable":true,"href":"https:\/\/www.hoymercedes.com.ar\/principal\/wp-json\/wp\/v2\/media\/47441"}],"wp:attachment":[{"href":"https:\/\/www.hoymercedes.com.ar\/principal\/wp-json\/wp\/v2\/media?parent=88650"}],"wp:term":[{"taxonomy":"category","embeddable":true,"href":"https:\/\/www.hoymercedes.com.ar\/principal\/wp-json\/wp\/v2\/categories?post=88650"},{"taxonomy":"post_tag","embeddable":true,"href":"https:\/\/www.hoymercedes.com.ar\/principal\/wp-json\/wp\/v2\/tags?post=88650"}],"curies":[{"name":"wp","href":"https:\/\/api.w.org\/{rel}","templated":true}]}}