{"id":88652,"date":"2019-02-25T14:51:32","date_gmt":"2019-02-25T17:51:32","guid":{"rendered":"http:\/\/www.hoymercedes.com.ar\/principal\/?p=88652"},"modified":"2019-02-25T15:25:31","modified_gmt":"2019-02-25T18:25:31","slug":"cambiemos-evalua-una-denuncia-judicial","status":"publish","type":"post","link":"https:\/\/www.hoymercedes.com.ar\/principal\/2019\/02\/25\/cambiemos-evalua-una-denuncia-judicial\/","title":{"rendered":"Cambiemos eval\u00faa una denuncia judicial"},"content":{"rendered":"\n<p>Ser\u00eda por la falta de respuesta a pedidos de informes desde que asumieron en el Concejo Deliberante. Edgard Killmeate, presidente del bloque, se\u00f1al\u00f3 que realizar\u00e1n un expediente pidiendo pronto despacho y, de no ser respondido en los plazos, ir\u00e1n al Contencioso Administrativo.<\/p>\n\n\n\n<p>El presidente del bloque de Cambiemos, Edgard Killmeate sostuvo: \u201cNosotros venimos insistiendo que desde que asumimos el 10 de diciembre de 2015, a la fecha, no hemos tenido respuesta a muchos de los pedidos de informes que hemos hecho. Es un tema que nos preocupa porque muchas cuestiones sobre las que queremos trabajar, y eso dificulta\u201d.<\/p>\n\n\n\n<p>Adem\u00e1s, el edil resalt\u00f3 que se est\u00e1 confeccionando un listado de todos los expedientes que no fueron respondidos por el Ejecutivo. \u201cA veces nos cuesta mucho trabajar correctamente porque no tenemos respuesta a cosas que requerimos. Los mismos han surgido de inquietudes de vecinos o de cuestiones que nos interesan saber sobre hechos, n\u00fameros y cuestiones para estar informados, para controlar y dem\u00e1s funciones que hacen a la labor de los concejales\u201d, remarc\u00f3.<\/p>\n\n\n\n<p>Entre otros temas que est\u00e1n a la espera de una respuesta, record\u00f3: \u201cEn el a\u00f1o 2017 se realiz\u00f3 la clausura del Moto Club. Nosotros preguntamos los motivos de la misma, dado que fue preventiva y ya pasaron dos a\u00f1os sobre el tema. Entendemos que puede estar en la justicia hoy en d\u00eda pero esperamos que si pedimos algo por escrito, nos respondan por el mismo medio. Otro tema fue cuando preguntamos sobre la situaci\u00f3n en la que se encontraba la Cooperadora del Villa Abrille, sobre empleados, sobre camionetas, tema RAFAM, la Casa del Ni\u00f1o; y as\u00ed muchos temas que han ido pasando\u201d. <\/p>\n\n\n\n<p>Y a\u00f1adi\u00f3: \u201cTambi\u00e9n tenemos dudas sobre esta cuesti\u00f3n de que el municipio le dio a un grupo de padres para la creaci\u00f3n de una escuela como El Pampero en Agote. Pero tomamos conocimiento de que el predio que se piensa utilizar tiene un juicio de usucapi\u00f3n con lo no podr\u00edan tomar parte de ese terreno. Y sobre esto habr\u00eda una denuncia. Si esto persiste podr\u00edamos tener un problema judicial\u201d, agreg\u00f3 el concejal. <\/p>\n\n\n\n<p>En cuanto a los motivos por los que cre\u00eda que se daba esta situaci\u00f3n, se\u00f1al\u00f3: \u201cCreo que por un lado es burocracia. Pero a veces tambi\u00e9n creo que hay una decisi\u00f3n de no contestar, quiz\u00e1s porque conviene que no tengamos respuesta sobre muchas cosas\u201d.<\/p>\n\n\n\n<p>\u201cEstamos viendo la posibilidad de realizar una denuncia en el Contencioso Administrativo, que es la v\u00eda que nos corresponde\u201d, se\u00f1al\u00f3 Killmeate y agreg\u00f3 que ya se est\u00e1n asesorando con abogados allegados sobre el tema. <br> \u201cEstamos conformando el listado de los expedientes. Es probable que primero solicitemos una pronta respuesta, y si pasado el tiempo que ello llevar\u00eda, tomaremos la determinaci\u00f3n de iniciar la denuncia correspondiente\u201d, concluy\u00f3.<\/p>\n\n\n\n<p>Por Y. L.<\/p>\n","protected":false},"excerpt":{"rendered":"<p>Ser\u00eda por la falta de respuesta a pedidos de informes desde que asumieron en el Concejo Deliberante. Edgard Killmeate, presidente &#8230; <a title=\"Cambiemos eval\u00faa una denuncia judicial\" class=\"read-more\" href=\"https:\/\/www.hoymercedes.com.ar\/principal\/2019\/02\/25\/cambiemos-evalua-una-denuncia-judicial\/\" aria-label=\"Leer m\u00e1s sobre Cambiemos eval\u00faa una denuncia judicial\">Leer m\u00e1s<\/a><\/p>\n","protected":false},"author":1,"featured_media":88669,"comment_status":"closed","ping_status":"open","sticky":false,"template":"","format":"standard","meta":{"_monsterinsights_skip_tracking":false,"_monsterinsights_sitenote_active":false,"_monsterinsights_sitenote_note":"","_monsterinsights_sitenote_category":0,"jetpack_post_was_ever_published":false,"_jetpack_newsletter_access":"","_jetpack_dont_email_post_to_subs":false,"_jetpack_newsletter_tier_id":0,"_jetpack_memberships_contains_paywalled_content":false,"_jetpack_memberships_contains_paid_content":false,"footnotes":"","jetpack_publicize_message":"","jetpack_publicize_feature_enabled":true,"jetpack_social_post_already_shared":true,"jetpack_social_options":{"image_generator_settings":{"template":"highway","default_image_id":0,"font":"","enabled":false},"version":2},"_wpas_customize_per_network":false},"categories":[5],"tags":[7492,5319],"class_list":["post-88652","post","type-post","status-publish","format-standard","has-post-thumbnail","hentry","category-politica","tag-frente-cambiemos","tag-politica-2","generate-columns","tablet-grid-50","mobile-grid-100","grid-parent","grid-50"],"jetpack_publicize_connections":[],"jetpack_featured_media_url":"https:\/\/www.hoymercedes.com.ar\/principal\/wp-content\/uploads\/2019\/02\/25-kilmeatte.jpg","wps_subtitle":"","jetpack_sharing_enabled":true,"_links":{"self":[{"href":"https:\/\/www.hoymercedes.com.ar\/principal\/wp-json\/wp\/v2\/posts\/88652","targetHints":{"allow":["GET"]}}],"collection":[{"href":"https:\/\/www.hoymercedes.com.ar\/principal\/wp-json\/wp\/v2\/posts"}],"about":[{"href":"https:\/\/www.hoymercedes.com.ar\/principal\/wp-json\/wp\/v2\/types\/post"}],"author":[{"embeddable":true,"href":"https:\/\/www.hoymercedes.com.ar\/principal\/wp-json\/wp\/v2\/users\/1"}],"replies":[{"embeddable":true,"href":"https:\/\/www.hoymercedes.com.ar\/principal\/wp-json\/wp\/v2\/comments?post=88652"}],"version-history":[{"count":0,"href":"https:\/\/www.hoymercedes.com.ar\/principal\/wp-json\/wp\/v2\/posts\/88652\/revisions"}],"wp:featuredmedia":[{"embeddable":true,"href":"https:\/\/www.hoymercedes.com.ar\/principal\/wp-json\/wp\/v2\/media\/88669"}],"wp:attachment":[{"href":"https:\/\/www.hoymercedes.com.ar\/principal\/wp-json\/wp\/v2\/media?parent=88652"}],"wp:term":[{"taxonomy":"category","embeddable":true,"href":"https:\/\/www.hoymercedes.com.ar\/principal\/wp-json\/wp\/v2\/categories?post=88652"},{"taxonomy":"post_tag","embeddable":true,"href":"https:\/\/www.hoymercedes.com.ar\/principal\/wp-json\/wp\/v2\/tags?post=88652"}],"curies":[{"name":"wp","href":"https:\/\/api.w.org\/{rel}","templated":true}]}}