{"id":88655,"date":"2019-02-26T11:56:50","date_gmt":"2019-02-26T14:56:50","guid":{"rendered":"http:\/\/www.hoymercedes.com.ar\/principal\/?p=88655"},"modified":"2019-02-25T15:25:06","modified_gmt":"2019-02-25T18:25:06","slug":"francisco-alvarez-convocado-a-la-seleccion-argentina-fadesir","status":"publish","type":"post","link":"https:\/\/www.hoymercedes.com.ar\/principal\/2019\/02\/26\/francisco-alvarez-convocado-a-la-seleccion-argentina-fadesir\/","title":{"rendered":"Francisco \u00c1lvarez, convocado a la Selecci\u00f3n Argentina FADESIR"},"content":{"rendered":"\n<p>Luego de un 2018 muy bueno, con medallas en torneos Bonaerenses y Evita, a Francisco \u00c1lvarez le lleg\u00f3 el llamado de la Selecci\u00f3n Argentina, seg\u00fan confirm\u00f3 su entrenadora a HoyMercedes, Daniela Libares.<\/p>\n\n\n\n<figure class=\"wp-block-image\"><img loading=\"lazy\" decoding=\"async\" width=\"750\" height=\"450\" data-attachment-id=\"88658\" data-permalink=\"https:\/\/www.hoymercedes.com.ar\/principal\/2019\/02\/26\/francisco-alvarez-convocado-a-la-seleccion-argentina-fadesir\/francisco-alvarez-daniela-libares\/#main\" data-orig-file=\"https:\/\/www.hoymercedes.com.ar\/principal\/wp-content\/uploads\/2019\/02\/Francisco-\u00c1lvarez-Daniela-Libares.jpg\" data-orig-size=\"750,450\" data-comments-opened=\"0\" data-image-meta=\"{&quot;aperture&quot;:&quot;0&quot;,&quot;credit&quot;:&quot;&quot;,&quot;camera&quot;:&quot;&quot;,&quot;caption&quot;:&quot;&quot;,&quot;created_timestamp&quot;:&quot;0&quot;,&quot;copyright&quot;:&quot;&quot;,&quot;focal_length&quot;:&quot;0&quot;,&quot;iso&quot;:&quot;0&quot;,&quot;shutter_speed&quot;:&quot;0&quot;,&quot;title&quot;:&quot;&quot;,&quot;orientation&quot;:&quot;0&quot;}\" data-image-title=\"Francisco \u00c1lvarez Daniela Libares\" data-image-description=\"\" data-image-caption=\"\" data-large-file=\"https:\/\/www.hoymercedes.com.ar\/principal\/wp-content\/uploads\/2019\/02\/Francisco-\u00c1lvarez-Daniela-Libares.jpg\" src=\"https:\/\/www.hoymercedes.com.ar\/principal\/wp-content\/uploads\/2019\/02\/Francisco-\u00c1lvarez-Daniela-Libares.jpg\" alt=\"\" class=\"wp-image-88658\" srcset=\"https:\/\/www.hoymercedes.com.ar\/principal\/wp-content\/uploads\/2019\/02\/Francisco-\u00c1lvarez-Daniela-Libares.jpg 750w, https:\/\/www.hoymercedes.com.ar\/principal\/wp-content\/uploads\/2019\/02\/Francisco-\u00c1lvarez-Daniela-Libares-150x90.jpg 150w, https:\/\/www.hoymercedes.com.ar\/principal\/wp-content\/uploads\/2019\/02\/Francisco-\u00c1lvarez-Daniela-Libares-630x378.jpg 630w\" sizes=\"auto, (max-width: 750px) 100vw, 750px\" \/><\/figure>\n\n\n\n<p>\u00c1lvarez, que consigui\u00f3 dos oros y una medalla de plata en los Juegos Evita que se desarrollaron en noviembre pasado en Mar del Plata, fue convocado este viernes para comenzar a entrenar en el CENARD para entrenar con los otros deportistas motores, amputados y de estaturas bajas. \u00c1lvarez se sum\u00f3 a Romina Fern\u00e1ndez a nivel Selecci\u00f3n.<\/p>\n","protected":false},"excerpt":{"rendered":"<p>Luego de un 2018 muy bueno, con medallas en torneos Bonaerenses y Evita, a Francisco \u00c1lvarez le lleg\u00f3 el llamado &#8230; <a title=\"Francisco \u00c1lvarez, convocado a la Selecci\u00f3n Argentina FADESIR\" class=\"read-more\" href=\"https:\/\/www.hoymercedes.com.ar\/principal\/2019\/02\/26\/francisco-alvarez-convocado-a-la-seleccion-argentina-fadesir\/\" aria-label=\"Leer m\u00e1s sobre Francisco \u00c1lvarez, convocado a la Selecci\u00f3n Argentina FADESIR\">Leer m\u00e1s<\/a><\/p>\n","protected":false},"author":1,"featured_media":88658,"comment_status":"closed","ping_status":"open","sticky":false,"template":"","format":"standard","meta":{"_monsterinsights_skip_tracking":false,"_monsterinsights_sitenote_active":false,"_monsterinsights_sitenote_note":"","_monsterinsights_sitenote_category":0,"jetpack_post_was_ever_published":false,"_jetpack_newsletter_access":"","_jetpack_dont_email_post_to_subs":false,"_jetpack_newsletter_tier_id":0,"_jetpack_memberships_contains_paywalled_content":false,"_jetpack_memberships_contains_paid_content":false,"footnotes":"","jetpack_publicize_message":"","jetpack_publicize_feature_enabled":true,"jetpack_social_post_already_shared":true,"jetpack_social_options":{"image_generator_settings":{"template":"highway","default_image_id":0,"font":"","enabled":false},"version":2},"_wpas_customize_per_network":false},"categories":[21],"tags":[803,204,13867],"class_list":["post-88655","post","type-post","status-publish","format-standard","has-post-thumbnail","hentry","category-deportes","tag-atletismo","tag-deportes-2","tag-francisco-alvarez","generate-columns","tablet-grid-50","mobile-grid-100","grid-parent","grid-50"],"jetpack_publicize_connections":[],"jetpack_featured_media_url":"https:\/\/www.hoymercedes.com.ar\/principal\/wp-content\/uploads\/2019\/02\/Francisco-\u00c1lvarez-Daniela-Libares.jpg","wps_subtitle":"Atletismo","jetpack_sharing_enabled":true,"_links":{"self":[{"href":"https:\/\/www.hoymercedes.com.ar\/principal\/wp-json\/wp\/v2\/posts\/88655","targetHints":{"allow":["GET"]}}],"collection":[{"href":"https:\/\/www.hoymercedes.com.ar\/principal\/wp-json\/wp\/v2\/posts"}],"about":[{"href":"https:\/\/www.hoymercedes.com.ar\/principal\/wp-json\/wp\/v2\/types\/post"}],"author":[{"embeddable":true,"href":"https:\/\/www.hoymercedes.com.ar\/principal\/wp-json\/wp\/v2\/users\/1"}],"replies":[{"embeddable":true,"href":"https:\/\/www.hoymercedes.com.ar\/principal\/wp-json\/wp\/v2\/comments?post=88655"}],"version-history":[{"count":0,"href":"https:\/\/www.hoymercedes.com.ar\/principal\/wp-json\/wp\/v2\/posts\/88655\/revisions"}],"wp:featuredmedia":[{"embeddable":true,"href":"https:\/\/www.hoymercedes.com.ar\/principal\/wp-json\/wp\/v2\/media\/88658"}],"wp:attachment":[{"href":"https:\/\/www.hoymercedes.com.ar\/principal\/wp-json\/wp\/v2\/media?parent=88655"}],"wp:term":[{"taxonomy":"category","embeddable":true,"href":"https:\/\/www.hoymercedes.com.ar\/principal\/wp-json\/wp\/v2\/categories?post=88655"},{"taxonomy":"post_tag","embeddable":true,"href":"https:\/\/www.hoymercedes.com.ar\/principal\/wp-json\/wp\/v2\/tags?post=88655"}],"curies":[{"name":"wp","href":"https:\/\/api.w.org\/{rel}","templated":true}]}}