{"id":88671,"date":"2019-02-25T15:50:01","date_gmt":"2019-02-25T18:50:01","guid":{"rendered":"http:\/\/www.hoymercedes.com.ar\/principal\/?p=88671"},"modified":"2019-02-25T20:24:51","modified_gmt":"2019-02-25T23:24:51","slug":"no-habria-sido-secuestro-sino-una-discusion-familiar","status":"publish","type":"post","link":"https:\/\/www.hoymercedes.com.ar\/principal\/2019\/02\/25\/no-habria-sido-secuestro-sino-una-discusion-familiar\/","title":{"rendered":"No habr\u00eda sido secuestro sino una discusi\u00f3n familiar"},"content":{"rendered":"\n<p>En horas del mediod\u00eda de este lunes, se tom\u00f3 conocimiento el esclarecimiento\nde los hechos ocurridos en la noche del s\u00e1bado, luego de que una joven denunciara\npor redes sociales un posible supuesto en la intersecci\u00f3n de 17 y 12. De\nacuerdo a la informaci\u00f3n recabada, el hecho habr\u00eda sido una discusi\u00f3n familiar.\nUn menor se habr\u00eda escapado de su casa y un familiar lo encontr\u00f3 en esa esquina\npara llevarlo nuevamente a su domicilio. Esto motiv\u00f3 que el Servicio Local\nintervenga en la ma\u00f1ana de este lunes. <\/p>\n\n\n\n<p>Aunque no hay palabra oficial hasta el momento, fuentes relacionadas con el Municipio y la Fiscal\u00eda que llev\u00f3 la investigaci\u00f3n expresan el esclarecimiento de los hechos del s\u00e1bado que signific\u00f3 una actuaci\u00f3n de oficio por parte de la Polic\u00eda local y la Justicia y una b\u00fasqueda de un utilitario blanco por la ciudad y la regi\u00f3n ante un posible secuestro de una mujer. <\/p>\n\n\n\n<p>Lo que habr\u00eda escuchado la joven fueron los gritos de un menor que se hab\u00eda escapado de su casa y un t\u00edo lo encontr\u00f3 en esa esquina y lo estaba llevando de nuevo a su domicilio. Habr\u00eda sido entonces una discusi\u00f3n familiar por la cual, al estar involucrado un menor, debi\u00f3 intervenir el Servicio Local de Protecci\u00f3n al ni\u00f1o\/a del Municipio. <\/p>\n\n\n\n<p>Horas antes de conocerse que los gritos escuchados por la joven en la esquina de 17 y 12 habr\u00eda sido una discusi\u00f3n familiar, la Secretaria de Seguridad, la abogada Josefina Kelly dialog\u00f3 con distintos medios radiales asegurando que no hab\u00eda denuncia de b\u00fasqueda de paradero ni en Mercedes, ni en la regi\u00f3n. Asimismo, explic\u00f3 que la Justicia hab\u00eda solicitado las c\u00e1maras de seguridad de los comercios de la zona para completar la investigaci\u00f3n con las c\u00e1maras de seguridad del Municipio. <\/p>\n\n\n\n<p>Sobre las actuaciones durante el s\u00e1bado y el domingo, la Dra. Kelly expres\u00f3 que trabajaron con cautela \u201cpara no generar m\u00e1s temor en la sociedad\u201d, as\u00ed como la Polic\u00eda y la Fiscal\u00eda iniciaron las investigaciones apenas se tom\u00f3 conocimiento de lo expresado en redes sociales y \u201cactuar r\u00e1pidamente\u201d. Asimismo, destac\u00f3 que es importante que la poblaci\u00f3n \u201cante situaciones similares\u201d llame al 911, se haga presente a una de las comisar\u00edas o se comunique con el 147 del Municipio, cosa de hacer la denuncia de manera inmediata para iniciar la investigaci\u00f3n de manera r\u00e1pida. <\/p>\n\n\n\n<p>Por Hoy Mercedes<\/p>\n","protected":false},"excerpt":{"rendered":"<p>En horas del mediod\u00eda de este lunes, se tom\u00f3 conocimiento el esclarecimiento de los hechos ocurridos en la noche del &#8230; <a title=\"No habr\u00eda sido secuestro sino una discusi\u00f3n familiar\" class=\"read-more\" href=\"https:\/\/www.hoymercedes.com.ar\/principal\/2019\/02\/25\/no-habria-sido-secuestro-sino-una-discusion-familiar\/\" aria-label=\"Leer m\u00e1s sobre No habr\u00eda sido secuestro sino una discusi\u00f3n familiar\">Leer m\u00e1s<\/a><\/p>\n","protected":false},"author":1,"featured_media":88687,"comment_status":"closed","ping_status":"open","sticky":false,"template":"","format":"standard","meta":{"_monsterinsights_skip_tracking":false,"_monsterinsights_sitenote_active":false,"_monsterinsights_sitenote_note":"","_monsterinsights_sitenote_category":0,"jetpack_post_was_ever_published":false,"_jetpack_newsletter_access":"","_jetpack_dont_email_post_to_subs":false,"_jetpack_newsletter_tier_id":0,"_jetpack_memberships_contains_paywalled_content":false,"_jetpack_memberships_contains_paid_content":false,"footnotes":"","jetpack_publicize_message":"","jetpack_publicize_feature_enabled":true,"jetpack_social_post_already_shared":true,"jetpack_social_options":{"image_generator_settings":{"template":"highway","default_image_id":0,"font":"","enabled":false},"version":2},"_wpas_customize_per_network":false},"categories":[85],"tags":[14555,14556,96,14554,8904],"class_list":["post-88671","post","type-post","status-publish","format-standard","has-post-thumbnail","hentry","category-policial","tag-17-y-12","tag-denuncia-en-redes-sociales","tag-policial-2","tag-posible-secuestro","tag-resolucion","generate-columns","tablet-grid-50","mobile-grid-100","grid-parent","grid-50"],"jetpack_publicize_connections":[],"jetpack_featured_media_url":"https:\/\/www.hoymercedes.com.ar\/principal\/wp-content\/uploads\/2019\/02\/25-posible-secuestro-17y12.jpg","wps_subtitle":"Sobre el posible secuestro del s\u00e1bado a la noche","jetpack_sharing_enabled":true,"_links":{"self":[{"href":"https:\/\/www.hoymercedes.com.ar\/principal\/wp-json\/wp\/v2\/posts\/88671","targetHints":{"allow":["GET"]}}],"collection":[{"href":"https:\/\/www.hoymercedes.com.ar\/principal\/wp-json\/wp\/v2\/posts"}],"about":[{"href":"https:\/\/www.hoymercedes.com.ar\/principal\/wp-json\/wp\/v2\/types\/post"}],"author":[{"embeddable":true,"href":"https:\/\/www.hoymercedes.com.ar\/principal\/wp-json\/wp\/v2\/users\/1"}],"replies":[{"embeddable":true,"href":"https:\/\/www.hoymercedes.com.ar\/principal\/wp-json\/wp\/v2\/comments?post=88671"}],"version-history":[{"count":0,"href":"https:\/\/www.hoymercedes.com.ar\/principal\/wp-json\/wp\/v2\/posts\/88671\/revisions"}],"wp:featuredmedia":[{"embeddable":true,"href":"https:\/\/www.hoymercedes.com.ar\/principal\/wp-json\/wp\/v2\/media\/88687"}],"wp:attachment":[{"href":"https:\/\/www.hoymercedes.com.ar\/principal\/wp-json\/wp\/v2\/media?parent=88671"}],"wp:term":[{"taxonomy":"category","embeddable":true,"href":"https:\/\/www.hoymercedes.com.ar\/principal\/wp-json\/wp\/v2\/categories?post=88671"},{"taxonomy":"post_tag","embeddable":true,"href":"https:\/\/www.hoymercedes.com.ar\/principal\/wp-json\/wp\/v2\/tags?post=88671"}],"curies":[{"name":"wp","href":"https:\/\/api.w.org\/{rel}","templated":true}]}}