{"id":8868,"date":"2011-11-05T01:26:31","date_gmt":"2011-11-05T01:26:31","guid":{"rendered":"http:\/\/www.hoymercedes.com.ar\/principal\/?p=8868"},"modified":"2011-11-05T01:26:31","modified_gmt":"2011-11-05T01:26:31","slug":"se-realizo-el-concurso-%e2%80%9cel-arte-en-las-carceles-bonaerenses-2011%e2%80%9d","status":"publish","type":"post","link":"https:\/\/www.hoymercedes.com.ar\/principal\/2011\/11\/05\/se-realizo-el-concurso-%e2%80%9cel-arte-en-las-carceles-bonaerenses-2011%e2%80%9d\/","title":{"rendered":"Se realiz\u00f3 el concurso \u201cEl arte en las c\u00e1rceles bonaerenses 2011\u201d"},"content":{"rendered":"<p><a href=\"https:\/\/www.hoymercedes.com.ar\/principal\/wp-content\/uploads\/2011\/11\/Unidad5-Arte.jpg\"><img loading=\"lazy\" decoding=\"async\" data-attachment-id=\"8870\" data-permalink=\"https:\/\/www.hoymercedes.com.ar\/principal\/2011\/11\/05\/se-realizo-el-concurso-%e2%80%9cel-arte-en-las-carceles-bonaerenses-2011%e2%80%9d\/unidad5-arte\/#main\" data-orig-file=\"https:\/\/www.hoymercedes.com.ar\/principal\/wp-content\/uploads\/2011\/11\/Unidad5-Arte.jpg\" data-orig-size=\"612,406\" data-comments-opened=\"1\" data-image-meta=\"{&quot;aperture&quot;:&quot;3.8&quot;,&quot;credit&quot;:&quot;&quot;,&quot;camera&quot;:&quot;NIKON D90&quot;,&quot;caption&quot;:&quot;&quot;,&quot;created_timestamp&quot;:&quot;1320147699&quot;,&quot;copyright&quot;:&quot;&quot;,&quot;focal_length&quot;:&quot;18&quot;,&quot;iso&quot;:&quot;640&quot;,&quot;shutter_speed&quot;:&quot;0.016666666666667&quot;,&quot;title&quot;:&quot;&quot;}\" data-image-title=\"Unidad5-Arte\" data-image-description=\"\" data-image-caption=\"\" data-large-file=\"https:\/\/www.hoymercedes.com.ar\/principal\/wp-content\/uploads\/2011\/11\/Unidad5-Arte.jpg\" class=\"aligncenter size-full wp-image-8870\" title=\"Unidad5-Arte\" src=\"https:\/\/www.hoymercedes.com.ar\/principal\/wp-content\/uploads\/2011\/11\/Unidad5-Arte.jpg\" alt=\"\" width=\"612\" height=\"406\" \/><\/a><\/p>\n<p>Con el objeto de estimular, promover y difundir la actividad cultural de los internos alojados en las c\u00e1rceles de la provincia de Buenos Aires, la Jefatura del Servicio Penitenciario Bonaerense (SPB) a trav\u00e9s del Archivo Hist\u00f3rico y Museo, organiz\u00f3 una nueva edici\u00f3n del concurso \u201cEl arte en las c\u00e1rceles bonaerenses\u201d.<\/p>\n<p>Para este certamen, correspondiente a la expresi\u00f3n art\u00edstica en Pintura, Dibujo, Escultura y Cer\u00e1mica, participaron m\u00e1s de 50 detenidos que presentaron 150 obras, en la sede del Archivo Hist\u00f3rico y Museo.<\/p>\n<p>Los trabajos de los internos fueron evaluados en el museo, el martes 1 de noviembre, por el jurado que estuvo integrado por los artistas pl\u00e1sticos Elsa C\u00faccaro, Beatriz Englebienne, Mart\u00edn La Spina, Eduardo Migo y Jorge Rama. Asimismo, estuvieron presentes en la reuni\u00f3n, la Directora del Archivo Hist\u00f3rico y Museo, Ana Mar\u00eda Amerio, acompa\u00f1ada por Gustavo Jara y Juan Emilio Arana<\/p>\n<p>En esta sexta edici\u00f3n del concurso, los internos que obtengan del primer al quinto premio, se har\u00e1n acreedores de una suma de dinero que se depositar\u00e1 en su cuenta peculio; del mismo modo, se proceder\u00e1 con aquellos internos que obtengan de la primera a la quinta menci\u00f3n, y tambi\u00e9n se anticip\u00f3 desde el museo penitenciario que el jurado realizar\u00e1 algunas menciones honor\u00edficas a aquellas obras que lo ameriten.<\/p>\n<p>El acto de entrega de premios y menciones se llevar\u00e1 a cabo el 15 de noviembre en las instalaciones de la Unidad 31 Florencio Varela.<\/p>\n<p>\u201cEl arte en las c\u00e1rceles bonaerenses\u201d se realiza anualmente desde el 2006, con gran aceptaci\u00f3n y participaci\u00f3n de la poblaci\u00f3n carcelaria, y fue declarado de Inter\u00e9s Cultural por la provincia de Buenos Aires.<\/p>\n","protected":false},"excerpt":{"rendered":"<p>Con el objeto de estimular, promover y difundir la actividad cultural de los internos alojados en las c\u00e1rceles de la &#8230; <a title=\"Se realiz\u00f3 el concurso \u201cEl arte en las c\u00e1rceles bonaerenses 2011\u201d\" class=\"read-more\" href=\"https:\/\/www.hoymercedes.com.ar\/principal\/2011\/11\/05\/se-realizo-el-concurso-%e2%80%9cel-arte-en-las-carceles-bonaerenses-2011%e2%80%9d\/\" aria-label=\"Leer m\u00e1s sobre Se realiz\u00f3 el concurso \u201cEl arte en las c\u00e1rceles bonaerenses 2011\u201d\">Leer m\u00e1s<\/a><\/p>\n","protected":false},"author":1,"featured_media":0,"comment_status":"open","ping_status":"open","sticky":false,"template":"","format":"standard","meta":{"_monsterinsights_skip_tracking":false,"_monsterinsights_sitenote_active":false,"_monsterinsights_sitenote_note":"","_monsterinsights_sitenote_category":0,"jetpack_post_was_ever_published":false,"_jetpack_newsletter_access":"","_jetpack_dont_email_post_to_subs":false,"_jetpack_newsletter_tier_id":0,"_jetpack_memberships_contains_paywalled_content":false,"_jetpack_memberships_contains_paid_content":false,"footnotes":"","jetpack_publicize_message":"","jetpack_publicize_feature_enabled":true,"jetpack_social_post_already_shared":false,"jetpack_social_options":{"image_generator_settings":{"template":"highway","default_image_id":0,"font":"","enabled":false},"version":2},"_wpas_customize_per_network":false},"categories":[8],"tags":[1550,113],"class_list":["post-8868","post","type-post","status-publish","format-standard","hentry","category-sociedad","tag-arte","tag-unidad-5","generate-columns","tablet-grid-50","mobile-grid-100","grid-parent","grid-50"],"jetpack_publicize_connections":[],"jetpack_featured_media_url":"","wps_subtitle":"","jetpack_sharing_enabled":true,"_links":{"self":[{"href":"https:\/\/www.hoymercedes.com.ar\/principal\/wp-json\/wp\/v2\/posts\/8868","targetHints":{"allow":["GET"]}}],"collection":[{"href":"https:\/\/www.hoymercedes.com.ar\/principal\/wp-json\/wp\/v2\/posts"}],"about":[{"href":"https:\/\/www.hoymercedes.com.ar\/principal\/wp-json\/wp\/v2\/types\/post"}],"author":[{"embeddable":true,"href":"https:\/\/www.hoymercedes.com.ar\/principal\/wp-json\/wp\/v2\/users\/1"}],"replies":[{"embeddable":true,"href":"https:\/\/www.hoymercedes.com.ar\/principal\/wp-json\/wp\/v2\/comments?post=8868"}],"version-history":[{"count":0,"href":"https:\/\/www.hoymercedes.com.ar\/principal\/wp-json\/wp\/v2\/posts\/8868\/revisions"}],"wp:attachment":[{"href":"https:\/\/www.hoymercedes.com.ar\/principal\/wp-json\/wp\/v2\/media?parent=8868"}],"wp:term":[{"taxonomy":"category","embeddable":true,"href":"https:\/\/www.hoymercedes.com.ar\/principal\/wp-json\/wp\/v2\/categories?post=8868"},{"taxonomy":"post_tag","embeddable":true,"href":"https:\/\/www.hoymercedes.com.ar\/principal\/wp-json\/wp\/v2\/tags?post=8868"}],"curies":[{"name":"wp","href":"https:\/\/api.w.org\/{rel}","templated":true}]}}