{"id":88685,"date":"2019-02-25T20:23:35","date_gmt":"2019-02-25T23:23:35","guid":{"rendered":"http:\/\/www.hoymercedes.com.ar\/principal\/?p=88685"},"modified":"2019-02-25T20:47:36","modified_gmt":"2019-02-25T23:47:36","slug":"remodelacion-en-la-casa-del-estudiante-en-la-plata","status":"publish","type":"post","link":"https:\/\/www.hoymercedes.com.ar\/principal\/2019\/02\/25\/remodelacion-en-la-casa-del-estudiante-en-la-plata\/","title":{"rendered":"Remodelaci\u00f3n en la Casa del Estudiante en La Plata"},"content":{"rendered":"\n<p>La Municipalidad de Mercedes realiz\u00f3 obras en la Casa del Estudiantes en la ciudad de La Plata, vivienda del Municipio para que los estudiantes mercedinos puedan realizar estudios universitarios en la capital provincial. Entre los trabajos de remodelaci\u00f3n que se realizan en la casa son pintura, mejora en las ca\u00f1er\u00edas, reparaci\u00f3n de paredes, recuperaci\u00f3n de mobiliario y habitaciones, entre otras acciones. La inversi\u00f3n es cercana a los 170.000 pesos. <\/p>\n\n\n\n<p>Durante el mes de enero se trabaj\u00f3 en una serie de refacciones indispensables para el mantenimiento y mejoras en la Casa del Estudiante. Adem\u00e1s de llevar adelante modificaciones en el reglamento para la convivencia de los estudiantes. <\/p>\n\n\n\n<p>\u201cEn cuanto a la inversi\u00f3n se ve acciones enalba\u00f1ileria, plomer\u00eda, electricidad, mejoras de la red de agua, pintura, impermeabilizaci\u00f3n de la terraza, se recuper\u00f3 una habitaci\u00f3n y un ba\u00f1o, picando a fondo donde fue necesario y revocando, tambi\u00e9n mejoras en la cocina y sala de estudio\u201d, explic\u00f3 el coordinador del Centro Universitario Regional Mercedes, Sergio Carini.<\/p>\n\n\n\n<p><\/p>\n","protected":false},"excerpt":{"rendered":"<p>La Municipalidad de Mercedes realiz\u00f3 obras en la Casa del Estudiantes en la ciudad de La Plata, vivienda del Municipio &#8230; <a title=\"Remodelaci\u00f3n en la Casa del Estudiante en La Plata\" class=\"read-more\" href=\"https:\/\/www.hoymercedes.com.ar\/principal\/2019\/02\/25\/remodelacion-en-la-casa-del-estudiante-en-la-plata\/\" aria-label=\"Leer m\u00e1s sobre Remodelaci\u00f3n en la Casa del Estudiante en La Plata\">Leer m\u00e1s<\/a><\/p>\n","protected":false},"author":1,"featured_media":88686,"comment_status":"closed","ping_status":"open","sticky":false,"template":"","format":"standard","meta":{"_monsterinsights_skip_tracking":false,"_monsterinsights_sitenote_active":false,"_monsterinsights_sitenote_note":"","_monsterinsights_sitenote_category":0,"jetpack_post_was_ever_published":false,"_jetpack_newsletter_access":"","_jetpack_dont_email_post_to_subs":false,"_jetpack_newsletter_tier_id":0,"_jetpack_memberships_contains_paywalled_content":false,"_jetpack_memberships_contains_paid_content":false,"footnotes":"","jetpack_publicize_message":"","jetpack_publicize_feature_enabled":true,"jetpack_social_post_already_shared":true,"jetpack_social_options":{"image_generator_settings":{"template":"highway","default_image_id":0,"font":"","enabled":false},"version":2},"_wpas_customize_per_network":false},"categories":[30],"tags":[2914,14557,7985,244],"class_list":["post-88685","post","type-post","status-publish","format-standard","has-post-thumbnail","hentry","category-municipio","tag-casa-del-estudiante","tag-educacion-universataria","tag-la-plata","tag-municipio-2","generate-columns","tablet-grid-50","mobile-grid-100","grid-parent","grid-50"],"jetpack_publicize_connections":[],"jetpack_featured_media_url":"https:\/\/www.hoymercedes.com.ar\/principal\/wp-content\/uploads\/2019\/02\/25-muni-casa-La-Plata.jpg","wps_subtitle":"En la casa para estudiantes universitarios","jetpack_sharing_enabled":true,"_links":{"self":[{"href":"https:\/\/www.hoymercedes.com.ar\/principal\/wp-json\/wp\/v2\/posts\/88685","targetHints":{"allow":["GET"]}}],"collection":[{"href":"https:\/\/www.hoymercedes.com.ar\/principal\/wp-json\/wp\/v2\/posts"}],"about":[{"href":"https:\/\/www.hoymercedes.com.ar\/principal\/wp-json\/wp\/v2\/types\/post"}],"author":[{"embeddable":true,"href":"https:\/\/www.hoymercedes.com.ar\/principal\/wp-json\/wp\/v2\/users\/1"}],"replies":[{"embeddable":true,"href":"https:\/\/www.hoymercedes.com.ar\/principal\/wp-json\/wp\/v2\/comments?post=88685"}],"version-history":[{"count":0,"href":"https:\/\/www.hoymercedes.com.ar\/principal\/wp-json\/wp\/v2\/posts\/88685\/revisions"}],"wp:featuredmedia":[{"embeddable":true,"href":"https:\/\/www.hoymercedes.com.ar\/principal\/wp-json\/wp\/v2\/media\/88686"}],"wp:attachment":[{"href":"https:\/\/www.hoymercedes.com.ar\/principal\/wp-json\/wp\/v2\/media?parent=88685"}],"wp:term":[{"taxonomy":"category","embeddable":true,"href":"https:\/\/www.hoymercedes.com.ar\/principal\/wp-json\/wp\/v2\/categories?post=88685"},{"taxonomy":"post_tag","embeddable":true,"href":"https:\/\/www.hoymercedes.com.ar\/principal\/wp-json\/wp\/v2\/tags?post=88685"}],"curies":[{"name":"wp","href":"https:\/\/api.w.org\/{rel}","templated":true}]}}