{"id":88690,"date":"2019-02-25T21:45:41","date_gmt":"2019-02-26T00:45:41","guid":{"rendered":"http:\/\/www.hoymercedes.com.ar\/principal\/?p=88690"},"modified":"2019-02-25T22:20:19","modified_gmt":"2019-02-26T01:20:19","slug":"participantes-de-la-colonia-cultura-visitaron-muestra-de-carnavales","status":"publish","type":"post","link":"https:\/\/www.hoymercedes.com.ar\/principal\/2019\/02\/25\/participantes-de-la-colonia-cultura-visitaron-muestra-de-carnavales\/","title":{"rendered":"Participantes de la Colonia Cultural visitaron muestra de Carnavales"},"content":{"rendered":"\n<p>En la ma\u00f1ana del viernes \u00faltimos, los ni\u00f1os y ni\u00f1as que participan de la Colonia Cultural Municipal visitaron el Museo Miguez para conocer y tener sus actividades en el marco de la muestra de carnavales hist\u00f3ricos.  Recibidos por Alejandra, Marita y Antonio los ni\u00f1os y ni\u00f1as conocieron la historia de los corsos, la bici de Abelito, y los disfraces de otras \u00e9pocas.<\/p>\n\n\n\n<figure class=\"wp-block-image\"><img loading=\"lazy\" decoding=\"async\" width=\"750\" height=\"422\" data-attachment-id=\"88692\" data-permalink=\"https:\/\/www.hoymercedes.com.ar\/principal\/2019\/02\/25\/participantes-de-la-colonia-cultura-visitaron-muestra-de-carnavales\/25-muni-colonia-museo1\/#main\" data-orig-file=\"https:\/\/www.hoymercedes.com.ar\/principal\/wp-content\/uploads\/2019\/02\/25-muni-colonia-museo1.jpg\" data-orig-size=\"750,422\" data-comments-opened=\"0\" data-image-meta=\"{&quot;aperture&quot;:&quot;2.4&quot;,&quot;credit&quot;:&quot;&quot;,&quot;camera&quot;:&quot;SM-A300M&quot;,&quot;caption&quot;:&quot;?&quot;,&quot;created_timestamp&quot;:&quot;1550829914&quot;,&quot;copyright&quot;:&quot;&quot;,&quot;focal_length&quot;:&quot;3.3&quot;,&quot;iso&quot;:&quot;1250&quot;,&quot;shutter_speed&quot;:&quot;0.058823529411765&quot;,&quot;title&quot;:&quot;&quot;,&quot;orientation&quot;:&quot;1&quot;}\" data-image-title=\"25 muni colonia museo1\" data-image-description=\"\" data-image-caption=\"&lt;p&gt;?&lt;\/p&gt;\n\" data-large-file=\"https:\/\/www.hoymercedes.com.ar\/principal\/wp-content\/uploads\/2019\/02\/25-muni-colonia-museo1.jpg\" src=\"https:\/\/www.hoymercedes.com.ar\/principal\/wp-content\/uploads\/2019\/02\/25-muni-colonia-museo1.jpg\" alt=\"\" class=\"wp-image-88692\" srcset=\"https:\/\/www.hoymercedes.com.ar\/principal\/wp-content\/uploads\/2019\/02\/25-muni-colonia-museo1.jpg 750w, https:\/\/www.hoymercedes.com.ar\/principal\/wp-content\/uploads\/2019\/02\/25-muni-colonia-museo1-150x84.jpg 150w, https:\/\/www.hoymercedes.com.ar\/principal\/wp-content\/uploads\/2019\/02\/25-muni-colonia-museo1-630x354.jpg 630w\" sizes=\"auto, (max-width: 750px) 100vw, 750px\" \/><figcaption>?<\/figcaption><\/figure>\n\n\n\n<p>En el marco de la visita a la muestra con los objetos y trajes de los carnavales mercedinos, los peque\u00f1os y peque\u00f1as colorearon dibujos de las carrozas de C\u00e9sar Mariella y aprovecharon la oportunidad para recorrer todo el museo de historia, incluyendo las habitaciones del Dr. V\u00edctor M\u00edguez y la historia de su familia.<\/p>\n\n\n\n<p>Cabe recordar que el Museo M\u00edguez inici\u00f3 su ciclo de exposiciones 2019 con una muestra referida a los corsos en la ciudad. Con objetos de patrimonio como trajes, la bicicleta del reconocido Abelito, el estandarte de \u201cNegros Unidos\u00bb del a\u00f1o 1900. Adem\u00e1s de\u00a0 fotograf\u00edas de las carrozas de C\u00e9sar Mariella , de \u201cEl Orfe\u00f3n de Plata\u201d , y otras. Junto a\u00a0referencias hist\u00f3ricas y a un video, el espectador podr\u00e1 conocer en este recorrido algo de\u00a0 la historia de los corsos mercedinos. <\/p>\n\n\n\n<figure class=\"wp-block-image\"><img loading=\"lazy\" decoding=\"async\" width=\"750\" height=\"500\" data-attachment-id=\"88691\" data-permalink=\"https:\/\/www.hoymercedes.com.ar\/principal\/2019\/02\/25\/participantes-de-la-colonia-cultura-visitaron-muestra-de-carnavales\/25-muni-colonia-museo\/#main\" data-orig-file=\"https:\/\/www.hoymercedes.com.ar\/principal\/wp-content\/uploads\/2019\/02\/25-muni-colonia-museo.jpg\" data-orig-size=\"750,500\" data-comments-opened=\"0\" data-image-meta=\"{&quot;aperture&quot;:&quot;3.1&quot;,&quot;credit&quot;:&quot;&quot;,&quot;camera&quot;:&quot;COOLPIX L120&quot;,&quot;caption&quot;:&quot;&quot;,&quot;created_timestamp&quot;:&quot;-62169984000&quot;,&quot;copyright&quot;:&quot;&quot;,&quot;focal_length&quot;:&quot;4.5&quot;,&quot;iso&quot;:&quot;200&quot;,&quot;shutter_speed&quot;:&quot;0.033333333333333&quot;,&quot;title&quot;:&quot;&quot;,&quot;orientation&quot;:&quot;1&quot;}\" data-image-title=\"25 muni colonia museo\" data-image-description=\"\" data-image-caption=\"\" data-large-file=\"https:\/\/www.hoymercedes.com.ar\/principal\/wp-content\/uploads\/2019\/02\/25-muni-colonia-museo.jpg\" src=\"https:\/\/www.hoymercedes.com.ar\/principal\/wp-content\/uploads\/2019\/02\/25-muni-colonia-museo.jpg\" alt=\"\" class=\"wp-image-88691\" srcset=\"https:\/\/www.hoymercedes.com.ar\/principal\/wp-content\/uploads\/2019\/02\/25-muni-colonia-museo.jpg 750w, https:\/\/www.hoymercedes.com.ar\/principal\/wp-content\/uploads\/2019\/02\/25-muni-colonia-museo-150x100.jpg 150w, https:\/\/www.hoymercedes.com.ar\/principal\/wp-content\/uploads\/2019\/02\/25-muni-colonia-museo-630x420.jpg 630w, https:\/\/www.hoymercedes.com.ar\/principal\/wp-content\/uploads\/2019\/02\/25-muni-colonia-museo-720x480.jpg 720w, https:\/\/www.hoymercedes.com.ar\/principal\/wp-content\/uploads\/2019\/02\/25-muni-colonia-museo-360x240.jpg 360w\" sizes=\"auto, (max-width: 750px) 100vw, 750px\" \/><\/figure>\n\n\n\n<p>La exposici\u00f3n se puede visitar hasta el 4 de marzo, de martes a viernes de 8 a 16 y s\u00e1bados, domingos y feriados de 10 a 14. Hasta el lunes 4 de marzo. En calle 12 esquina 23.\u00a0 <\/p>\n\n\n\n<figure class=\"wp-block-image\"><img loading=\"lazy\" decoding=\"async\" width=\"750\" height=\"500\" data-attachment-id=\"88693\" data-permalink=\"https:\/\/www.hoymercedes.com.ar\/principal\/2019\/02\/25\/participantes-de-la-colonia-cultura-visitaron-muestra-de-carnavales\/25-muni-colonia-museo2\/#main\" data-orig-file=\"https:\/\/www.hoymercedes.com.ar\/principal\/wp-content\/uploads\/2019\/02\/25-muni-colonia-museo2.jpg\" data-orig-size=\"750,500\" data-comments-opened=\"0\" data-image-meta=\"{&quot;aperture&quot;:&quot;3.1&quot;,&quot;credit&quot;:&quot;&quot;,&quot;camera&quot;:&quot;COOLPIX L120&quot;,&quot;caption&quot;:&quot;&quot;,&quot;created_timestamp&quot;:&quot;-62169984000&quot;,&quot;copyright&quot;:&quot;&quot;,&quot;focal_length&quot;:&quot;4.5&quot;,&quot;iso&quot;:&quot;400&quot;,&quot;shutter_speed&quot;:&quot;0.16666666666667&quot;,&quot;title&quot;:&quot;&quot;,&quot;orientation&quot;:&quot;8&quot;}\" data-image-title=\"25 muni colonia museo2\" data-image-description=\"\" data-image-caption=\"\" data-large-file=\"https:\/\/www.hoymercedes.com.ar\/principal\/wp-content\/uploads\/2019\/02\/25-muni-colonia-museo2.jpg\" src=\"https:\/\/www.hoymercedes.com.ar\/principal\/wp-content\/uploads\/2019\/02\/25-muni-colonia-museo2.jpg\" alt=\"\" class=\"wp-image-88693\" srcset=\"https:\/\/www.hoymercedes.com.ar\/principal\/wp-content\/uploads\/2019\/02\/25-muni-colonia-museo2.jpg 750w, https:\/\/www.hoymercedes.com.ar\/principal\/wp-content\/uploads\/2019\/02\/25-muni-colonia-museo2-150x100.jpg 150w, https:\/\/www.hoymercedes.com.ar\/principal\/wp-content\/uploads\/2019\/02\/25-muni-colonia-museo2-630x420.jpg 630w, https:\/\/www.hoymercedes.com.ar\/principal\/wp-content\/uploads\/2019\/02\/25-muni-colonia-museo2-720x480.jpg 720w, https:\/\/www.hoymercedes.com.ar\/principal\/wp-content\/uploads\/2019\/02\/25-muni-colonia-museo2-360x240.jpg 360w\" sizes=\"auto, (max-width: 750px) 100vw, 750px\" \/><\/figure>\n","protected":false},"excerpt":{"rendered":"<p>En la ma\u00f1ana del viernes \u00faltimos, los ni\u00f1os y ni\u00f1as que participan de la Colonia Cultural Municipal visitaron el Museo &#8230; <a title=\"Participantes de la Colonia Cultural visitaron muestra de Carnavales\" class=\"read-more\" href=\"https:\/\/www.hoymercedes.com.ar\/principal\/2019\/02\/25\/participantes-de-la-colonia-cultura-visitaron-muestra-de-carnavales\/\" aria-label=\"Leer m\u00e1s sobre Participantes de la Colonia Cultural visitaron muestra de Carnavales\">Leer m\u00e1s<\/a><\/p>\n","protected":false},"author":1,"featured_media":88693,"comment_status":"closed","ping_status":"open","sticky":false,"template":"","format":"standard","meta":{"_monsterinsights_skip_tracking":false,"_monsterinsights_sitenote_active":false,"_monsterinsights_sitenote_note":"","_monsterinsights_sitenote_category":0,"jetpack_post_was_ever_published":false,"_jetpack_newsletter_access":"","_jetpack_dont_email_post_to_subs":false,"_jetpack_newsletter_tier_id":0,"_jetpack_memberships_contains_paywalled_content":false,"_jetpack_memberships_contains_paid_content":false,"footnotes":"","jetpack_publicize_message":"","jetpack_publicize_feature_enabled":true,"jetpack_social_post_already_shared":true,"jetpack_social_options":{"image_generator_settings":{"template":"highway","default_image_id":0,"font":"","enabled":false},"version":2},"_wpas_customize_per_network":false},"categories":[104],"tags":[14317,7805,3766],"class_list":["post-88690","post","type-post","status-publish","format-standard","has-post-thumbnail","hentry","category-cultura","tag-colonia-cultural","tag-cultura","tag-museo-miguez","generate-columns","tablet-grid-50","mobile-grid-100","grid-parent","grid-50"],"jetpack_publicize_connections":[],"jetpack_featured_media_url":"https:\/\/www.hoymercedes.com.ar\/principal\/wp-content\/uploads\/2019\/02\/25-muni-colonia-museo2.jpg","wps_subtitle":"En los \u00faltimos d\u00edas de colonia","jetpack_sharing_enabled":true,"_links":{"self":[{"href":"https:\/\/www.hoymercedes.com.ar\/principal\/wp-json\/wp\/v2\/posts\/88690","targetHints":{"allow":["GET"]}}],"collection":[{"href":"https:\/\/www.hoymercedes.com.ar\/principal\/wp-json\/wp\/v2\/posts"}],"about":[{"href":"https:\/\/www.hoymercedes.com.ar\/principal\/wp-json\/wp\/v2\/types\/post"}],"author":[{"embeddable":true,"href":"https:\/\/www.hoymercedes.com.ar\/principal\/wp-json\/wp\/v2\/users\/1"}],"replies":[{"embeddable":true,"href":"https:\/\/www.hoymercedes.com.ar\/principal\/wp-json\/wp\/v2\/comments?post=88690"}],"version-history":[{"count":0,"href":"https:\/\/www.hoymercedes.com.ar\/principal\/wp-json\/wp\/v2\/posts\/88690\/revisions"}],"wp:featuredmedia":[{"embeddable":true,"href":"https:\/\/www.hoymercedes.com.ar\/principal\/wp-json\/wp\/v2\/media\/88693"}],"wp:attachment":[{"href":"https:\/\/www.hoymercedes.com.ar\/principal\/wp-json\/wp\/v2\/media?parent=88690"}],"wp:term":[{"taxonomy":"category","embeddable":true,"href":"https:\/\/www.hoymercedes.com.ar\/principal\/wp-json\/wp\/v2\/categories?post=88690"},{"taxonomy":"post_tag","embeddable":true,"href":"https:\/\/www.hoymercedes.com.ar\/principal\/wp-json\/wp\/v2\/tags?post=88690"}],"curies":[{"name":"wp","href":"https:\/\/api.w.org\/{rel}","templated":true}]}}