{"id":88696,"date":"2019-02-26T07:36:42","date_gmt":"2019-02-26T10:36:42","guid":{"rendered":"http:\/\/www.hoymercedes.com.ar\/principal\/?p=88696"},"modified":"2019-02-25T20:58:25","modified_gmt":"2019-02-25T23:58:25","slug":"la-liga-mercedina-dio-a-conocer-el-fixture-de-primera-y-reserva","status":"publish","type":"post","link":"https:\/\/www.hoymercedes.com.ar\/principal\/2019\/02\/26\/la-liga-mercedina-dio-a-conocer-el-fixture-de-primera-y-reserva\/","title":{"rendered":"La Liga Mercedina dio a conocer el fixture de Primera y Reserva"},"content":{"rendered":"\n<p>Luego de haber realizado el viernes pasado la confecci\u00f3n del torneo anual que jugar\u00e1 el f\u00fatbol grande de Mercedes, restaba saber c\u00f3mo iban a ser las 28 fechas que se llevar\u00e1n adelante de marzo a octubre, para luego pasar a la Liguilla. <\/p>\n\n\n\n<figure class=\"wp-block-image\"><img loading=\"lazy\" decoding=\"async\" width=\"750\" height=\"562\" data-attachment-id=\"88699\" data-permalink=\"https:\/\/www.hoymercedes.com.ar\/principal\/2019\/02\/26\/la-liga-mercedina-dio-a-conocer-el-fixture-de-primera-y-reserva\/dscn0448\/#main\" data-orig-file=\"https:\/\/www.hoymercedes.com.ar\/principal\/wp-content\/uploads\/2019\/02\/DSCN0448.jpg\" data-orig-size=\"750,562\" data-comments-opened=\"0\" data-image-meta=\"{&quot;aperture&quot;:&quot;5.4&quot;,&quot;credit&quot;:&quot;&quot;,&quot;camera&quot;:&quot;COOLPIX L310&quot;,&quot;caption&quot;:&quot;&quot;,&quot;created_timestamp&quot;:&quot;1542564169&quot;,&quot;copyright&quot;:&quot;&quot;,&quot;focal_length&quot;:&quot;39.7&quot;,&quot;iso&quot;:&quot;80&quot;,&quot;shutter_speed&quot;:&quot;0.0015625&quot;,&quot;title&quot;:&quot;&quot;,&quot;orientation&quot;:&quot;1&quot;}\" data-image-title=\"DSCN0448\" data-image-description=\"\" data-image-caption=\"\" data-large-file=\"https:\/\/www.hoymercedes.com.ar\/principal\/wp-content\/uploads\/2019\/02\/DSCN0448.jpg\" src=\"https:\/\/www.hoymercedes.com.ar\/principal\/wp-content\/uploads\/2019\/02\/DSCN0448.jpg\" alt=\"\" class=\"wp-image-88699\" srcset=\"https:\/\/www.hoymercedes.com.ar\/principal\/wp-content\/uploads\/2019\/02\/DSCN0448.jpg 750w, https:\/\/www.hoymercedes.com.ar\/principal\/wp-content\/uploads\/2019\/02\/DSCN0448-150x112.jpg 150w, https:\/\/www.hoymercedes.com.ar\/principal\/wp-content\/uploads\/2019\/02\/DSCN0448-630x472.jpg 630w, https:\/\/www.hoymercedes.com.ar\/principal\/wp-content\/uploads\/2019\/02\/DSCN0448-320x240.jpg 320w, https:\/\/www.hoymercedes.com.ar\/principal\/wp-content\/uploads\/2019\/02\/DSCN0448-100x75.jpg 100w\" sizes=\"auto, (max-width: 750px) 100vw, 750px\" \/><\/figure>\n\n\n\n<p>De los 21 clubes, ser\u00e1n 16 los que jueguen la Liguilla, quedando sin chances el \u00faltimo de las zonas A, B y C y los dos \u00faltimos dos de la D. De ah\u00ed, se jugar\u00e1 16avos entre terceros y cuartos para clasificar a octavos, donde se sumar\u00e1n los segundos, luego los cuartos, donde se sumar\u00e1n los primeros, en instancias a un s\u00f3lo partido. Las primeras dos con ventaja deportiva y local\u00eda, la tercera sin ventaja, mientras que las \u00faltimas dos instancias ser\u00e1n a partido ida y vuelta, sin ventaja deportiva.<\/p>\n\n\n\n<p>La semifinal, en caso de empate en puntos y diferencia de gol tras los dos partidos, se definir\u00e1 por penales. La final, de haber empate en puntos y diferencia de gol al cabo de los 180 minutos, se jugar\u00e1n un tiempo extra de dos tiempo de 15 minutos, y de persistir la igualdad, tiros penales. <\/p>\n\n\n\n<p>Los dieciseisavos se medir\u00e1n de la siguiente manera:<\/p>\n\n\n\n<p>1) 3\u00ba Zona \u201cA\u201d Vs. 4\u00ba Zona \u201cC\u201d<br>2) 3\u00ba Zona \u201cB\u201d Vs. 4\u00ba Zona \u201cD\u201d<br>3) 3\u00ba Zona \u201cC\u201d Vs. 4\u00ba Zona \u201cA\u201d<br>4) 3\u00ba Zona \u201cD\u201d Vs. 4\u00ba Zona \u201cB\u201d <\/p>\n\n\n\n<p>Los octavos se cruzar\u00e1n as\u00ed:<\/p>\n\n\n\n<p>A) 2\u00ba Zona \u201cA\u201d Vs. Ganador 2<br>B) 2\u00ba Zona \u201cB\u201d Vs. Ganador 1<br>C) 2\u00ba Zona \u201cC\u201d Vs. Ganador 4<br>D) 2\u00ba Zona \u201cD\u201d Vs. Ganador 3 <\/p>\n\n\n\n<p>Los cuartos quedar\u00e1n de la siguiente manera:<\/p>\n\n\n\n<p>Partido 1: 1\u00ba Zona \u201cA\u201d Vs. Ganador \u201cD\u201d<br>Partido 2: 1\u00ba Zona \u201cB\u201d Vs. Ganador \u201cC\u201d<br>Partido 3: 1\u00ba Zona \u201cC\u201d Vs. Ganador \u201cB\u201d<br>Partido 4: 1\u00ba Zona \u201cD\u201d Vs. Ganador \u201cA\u201d <\/p>\n\n\n\n<p>Las semis ser\u00e1n as\u00ed:<\/p>\n\n\n\n<p>A) Ganador Partido 1 (L) Vs. Ganador Partido 3<br>B) Ganador Partido 2 Vs. Ganador Partido 4 (L)<br>(L) Locales en el partido de ida <\/p>\n\n\n\n<p>El campe\u00f3n jugar\u00e1 el pr\u00f3ximo torneo <strong>Regional Amateur 2020<\/strong>, siendo el segundo clasificado, ya que el primero es Club Mercedes, campe\u00f3n de la temporada 2018. En caso del <strong>Federaci\u00f3n Norte\u00a02020<\/strong>, las plazas se otorgar\u00e1n por m\u00e9rito deportivo. La primera plaza ser\u00e1 para el subcampe\u00f3n de la temporada, siempre que sea un equipo que no haya obtenido plaza al Torneo Federal. La segunda prioridad ser\u00e1 para aquellos equipos que hubiesen jugado semifinales, defiendo la posici\u00f3n de acuerdo a la ubicaci\u00f3n en etapa clasificatoria. <\/p>\n\n\n\n<p>Mientras que la definici\u00f3n de <strong>Reserva<\/strong>, ser\u00e1 m\u00e1s corta, ya que clasificar\u00e1n los primeros tres de cada zona y la Liguilla comenzar\u00e1 en octavos, a un solo partido, con ventaja deportiva y local\u00eda, midi\u00e9ndose de la siguiente manera:<\/p>\n\n\n\n<p>1) 2\u00ba Zona \u201cA\u201d Vs. 3\u00ba Zona \u201cC\u201d<br>2) 2\u00ba Zona \u201cB\u201d Vs. 3\u00ba Zona \u201cD\u201d<br>3) 2\u00ba Zona \u201cC\u201d Vs. 3\u00ba Zona \u201cA\u201d<br>4) 2\u00ba Zona \u201cD\u201d Vs. 3\u00ba Zona \u201cB\u201d <\/p>\n\n\n\n<p>En cuartos,  se jugar\u00e1 tambi\u00e9n con ventaja deportiva y local\u00eda, instancia a la que se sumar\u00e1n los equipos que terminaron en la primera colocaci\u00f3n de cada grupo.<\/p>\n\n\n\n<p>A) 1\u00ba Zona \u201cA\u201d Vs. Ganador Partido 2<br>B) 1\u00ba Zona \u201cB\u201d Vs. Ganador Partido 1<br>C) 1\u00ba Zona \u201cC\u201d Vs. Ganador Partido 4<br>D) 1\u00ba Zona \u201cD\u201d Vs. Ganador Partido 3 <\/p>\n\n\n\n<p>Los clasificados de cada llave jugar\u00e1n un solo partido de semifinal, sin ventaja deportiva. (La local\u00eda se definir\u00e1 seg\u00fan ubicaci\u00f3n en tabla)<br>1) Ganador A Vs. Ganador C<br>2) Ganador B Vs. Ganador D<\/p>\n\n\n\n<p>Por \u00faltimo, los clasificados jugar\u00e1n un partido final a disputarse en cancha de la Liga. (De ser necesario podr\u00e1 jugarse entre semana)<\/p>\n\n\n\n<p><strong>Fixture 2019<\/strong><\/p>\n\n\n\n<p><strong>FECHA 1<\/strong><\/p>\n\n\n\n<p>Uni\u00f3n Vs. La Diego Armando<\/p>\n\n\n\n<p>Pabell\u00f3n Argentino Vs. Holanda<\/p>\n\n\n\n<p>Mercedes Vs. Col\u00f3n<\/p>\n\n\n\n<p>Ateneo Vs. Atl. Marcos Paz<\/p>\n\n\n\n<p>Talleres Payr\u00f3 Vs. Quilmes<\/p>\n\n\n\n<p>Defensores Jrs. Vs. Los Carteros FC<\/p>\n\n\n\n<p>Palometas FC&nbsp;&nbsp;&nbsp;&nbsp;&nbsp;&nbsp;&nbsp;&nbsp;&nbsp;&nbsp;&nbsp; Vs. Costa Brava<\/p>\n\n\n\n<p>Juventud Vs. AMEFIP<\/p>\n\n\n\n<p>El Tim\u00f3n Vs. V\u00e9lez Sarsfield<\/p>\n\n\n\n<p><strong>FECHA 2<\/strong><\/p>\n\n\n\n<p>Atl. Marcos Paz Vs. Pabell\u00f3n Argentino<\/p>\n\n\n\n<p>Holanda &nbsp;Vs. Trocha<\/p>\n\n\n\n<p>Mercedes Vs. Estudiantes<\/p>\n\n\n\n<p>Uni\u00f3n Vs. Col\u00f3n<\/p>\n\n\n\n<p>La Diego Armando Vs. Ateneo<\/p>\n\n\n\n<p>AMEFIP Vs. Defensores Jrs.<\/p>\n\n\n\n<p>Los Carteros FC Vs. V\u00e9lez Sarsfield<\/p>\n\n\n\n<p>Costa Brava Vs. El Front\u00f3n<\/p>\n\n\n\n<p>Talleres Payr\u00f3 Vs. Juventud<\/p>\n\n\n\n<p>El Tim\u00f3n Vs. Quilmes<\/p>\n\n\n\n<p><strong>FECHA 3<\/strong><\/p>\n\n\n\n<p>Pabell\u00f3n Argentino Vs. Talleres Payr\u00f3<\/p>\n\n\n\n<p>Quilmes Vs. Holanda<\/p>\n\n\n\n<p>Estudiantes Vs. Defensores Jrs.<\/p>\n\n\n\n<p>Uni\u00f3n Vs. Los Carteros FC<\/p>\n\n\n\n<p>El Front\u00f3n Vs. La Diego Armando<\/p>\n\n\n\n<p>Ateneo Vs. Costa Brava<\/p>\n\n\n\n<p>Juventud Vs. Atl. Marcos Paz<\/p>\n\n\n\n<p>Trocha Vs. El Tim\u00f3n<\/p>\n\n\n\n<p>Palometas FC&nbsp;&nbsp;&nbsp;&nbsp;&nbsp;&nbsp;&nbsp;&nbsp;&nbsp;&nbsp;&nbsp; Vs.&nbsp; Mercedes<\/p>\n\n\n\n<p>Col\u00f3n Vs. AMEFIP<\/p>\n\n\n\n<p><strong>FECHA 4<\/strong><\/p>\n\n\n\n<p>La Diego Armando Vs. Pabell\u00f3n Argentino<\/p>\n\n\n\n<p>Holanda Vs. Estudiantes<\/p>\n\n\n\n<p>Col\u00f3n Vs. Ateneo<\/p>\n\n\n\n<p>Atl. Marcos Paz Vs. Trocha<\/p>\n\n\n\n<p>Quilmes Vs. Defensores Jrs.<\/p>\n\n\n\n<p>Los Carteros FC Vs. El Front\u00f3n<\/p>\n\n\n\n<p>V\u00e9lez Sarsfield Vs. Palometas FC<\/p>\n\n\n\n<p>AMEFIP Vs. El Tim\u00f3n<\/p>\n\n\n\n<p>Costa Brava Vs.&nbsp; Juventud<\/p>\n\n\n\n<p><strong>FECHA 5<\/strong><\/p>\n\n\n\n<p>Ateneo Vs. Defensores Jrs.<\/p>\n\n\n\n<p>Los Carteros FC Vs. Atl. Marcos Paz<\/p>\n\n\n\n<p>Trocha Vs. El Front\u00f3n<\/p>\n\n\n\n<p>Mercedes Vs. Talleres Payr\u00f3<\/p>\n\n\n\n<p>Col\u00f3n Vs. Quilmes<\/p>\n\n\n\n<p>Pabell\u00f3n Argentino Vs. Palometas FC<\/p>\n\n\n\n<p>Holanda Vs. AMEFIP<\/p>\n\n\n\n<p>Estudiantes Vs. V\u00e9lez Sarsfield<\/p>\n\n\n\n<p>Costa Brava Vs. Uni\u00f3n<\/p>\n\n\n\n<p>La Diego Armando Vs. Juventud<\/p>\n\n\n\n<p><strong>FECHA 6<\/strong><\/p>\n\n\n\n<p>Trocha Vs. Pabell\u00f3n Argentino<\/p>\n\n\n\n<p>Holanda Vs. Mercedes<\/p>\n\n\n\n<p>Estudiantes Vs. Col\u00f3n<\/p>\n\n\n\n<p>Uni\u00f3n Vs. Ateneo<\/p>\n\n\n\n<p>Atl. Marcos Paz Vs. La Diego Armando<\/p>\n\n\n\n<p>Defensores Jrs. Vs. V\u00e9lez Sarsfield<\/p>\n\n\n\n<p>Costa Brava Vs. Los Carteros FC<\/p>\n\n\n\n<p>El Front\u00f3n Vs. Juventud<\/p>\n\n\n\n<p>Talleres Payr\u00f3 Vs. El Tim\u00f3n<\/p>\n\n\n\n<p>Quilmes Vs. Palometas FC<\/p>\n\n\n\n<p><strong>FECHA 7<\/strong><\/p>\n\n\n\n<p>Pabell\u00f3n Argentino Vs. Estudiantes<\/p>\n\n\n\n<p>Holanda Vs. Uni\u00f3n<\/p>\n\n\n\n<p>Col\u00f3n Vs. Trocha<\/p>\n\n\n\n<p>Mercedes Vs. Ateneo<\/p>\n\n\n\n<p>El Front\u00f3n Vs. Defensores Jrs.<\/p>\n\n\n\n<p>Los Carteros FC Vs. Talleres Payr\u00f3<\/p>\n\n\n\n<p>Palometas FC&nbsp;&nbsp;&nbsp;&nbsp;&nbsp;&nbsp;&nbsp;&nbsp;&nbsp;&nbsp;&nbsp; Vs.. AMEFIP<\/p>\n\n\n\n<p>V\u00e9lez Sarsfield Vs. Costa Brava<\/p>\n\n\n\n<p>Juventud Vs. El Tim\u00f3n<\/p>\n\n\n\n<p><strong>FECHA 8<\/strong><\/p>\n\n\n\n<p>Ateneo Vs. El Tim\u00f3n<\/p>\n\n\n\n<p>Atl. Marcos Paz Vs. Palometas FC<\/p>\n\n\n\n<p>AMEFIP Vs. Trocha<\/p>\n\n\n\n<p>Mercedes Vs. V\u00e9lez Sarsfield<\/p>\n\n\n\n<p>Costa Brava Vs. Col\u00f3n<\/p>\n\n\n\n<p><strong>FECHA 9<\/strong><\/p>\n\n\n\n<p>Quilmes Vs. Ateneo<\/p>\n\n\n\n<p>Defensores Jrs. Vs. Atl. Marcos Paz<\/p>\n\n\n\n<p>Trocha Vs. Los Carteros FC<\/p>\n\n\n\n<p>El Front\u00f3n Vs. Mercedes<\/p>\n\n\n\n<p>Col\u00f3n Vs.&nbsp; Talleres Payr\u00f3<\/p>\n\n\n\n<p>Pabell\u00f3n Argentino Vs. Juventud<\/p>\n\n\n\n<p>El Tim\u00f3n Vs. Holanda<\/p>\n\n\n\n<p>Palometas FC Vs. Estudiantes<\/p>\n\n\n\n<p>Uni\u00f3n Vs. AMEFIP<\/p>\n\n\n\n<p>V\u00e9lez Sarsfield Vs. La Diego Armando<\/p>\n\n\n\n<p><strong>FECHA 10<\/strong><\/p>\n\n\n\n<p>La Diego Armando Vs. Estudiantes<\/p>\n\n\n\n<p>Uni\u00f3n Vs. Pabell\u00f3n Argentino<\/p>\n\n\n\n<p>Ateneo Vs. Trocha<\/p>\n\n\n\n<p>Atl. Marcos Paz Vs. Mercedes<\/p>\n\n\n\n<p>Quilmes Vs. El Front\u00f3n<\/p>\n\n\n\n<p>Talleres Payr\u00f3 Vs. Defensores Jrs.<\/p>\n\n\n\n<p>Palometas FC&nbsp;&nbsp;&nbsp;&nbsp;&nbsp;&nbsp;&nbsp;&nbsp;&nbsp;&nbsp;&nbsp; Vs. Juventud<\/p>\n\n\n\n<p>V\u00e9lez Sarsfield Vs. AMEFIP<\/p>\n\n\n\n<p>Costa Brava Vs. El Tim\u00f3n<\/p>\n\n\n\n<p><strong>FECHA 11<\/strong><\/p>\n\n\n\n<p>Pabell\u00f3n Argentino Vs. Mercedes<\/p>\n\n\n\n<p>Holanda Vs. Col\u00f3n<\/p>\n\n\n\n<p>Ateneo Vs. Estudiantes<\/p>\n\n\n\n<p>Uni\u00f3n Vs. Atl. Marcos Paz<\/p>\n\n\n\n<p>Trocha Vs. La Diego Armando<\/p>\n\n\n\n<p>Defensores Jrs. Vs. Costa Brava<\/p>\n\n\n\n<p>Juventud Vs. Los Carteros FC<\/p>\n\n\n\n<p>El Front\u00f3n Vs. El Tim\u00f3n<\/p>\n\n\n\n<p>Talleres Payr\u00f3 Vs. Palometas FC<\/p>\n\n\n\n<p>AMEFIP Vs. Quilmes<\/p>\n\n\n\n<p><strong>FECHA 12<\/strong><\/p>\n\n\n\n<p>Los Carteros FC Vs. Pabell\u00f3n Argentino<\/p>\n\n\n\n<p>Holanda Vs.El Front\u00f3n<\/p>\n\n\n\n<p>Estudiantes Vs. Talleres Payr\u00f3<\/p>\n\n\n\n<p>Quilmes Vs. Uni\u00f3n<\/p>\n\n\n\n<p>La Diego Armando Vs. Defensores Jrs.<\/p>\n\n\n\n<p>AMEFIP Vs. Ateneo<\/p>\n\n\n\n<p>Atl. Marcos Paz Vs. V\u00e9lez Sarsfield<\/p>\n\n\n\n<p>Costa Brava Vs. Trocha<\/p>\n\n\n\n<p>Mercedes Vs. Juventud<\/p>\n\n\n\n<p>El Tim\u00f3n Vs.Col\u00f3n<\/p>\n\n\n\n<p><strong>FECHA 13<\/strong><\/p>\n\n\n\n<p>La Diego Armando Vs. Holanda<\/p>\n\n\n\n<p>Uni\u00f3n Vs. Estudiantes<\/p>\n\n\n\n<p>Col\u00f3n Vs. Atl. Marcos Paz<\/p>\n\n\n\n<p>Mercedes Vs. Estudiantes<\/p>\n\n\n\n<p>Quilmes Vs. Los Carteros FC<\/p>\n\n\n\n<p>El Front\u00f3n Vs. Talleres Payr\u00f3<\/p>\n\n\n\n<p>El Tim\u00f3n Vs. Palometas FC<\/p>\n\n\n\n<p>AMEFIP Vs. Costa Brava<\/p>\n\n\n\n<p>Juventud Vs. V\u00e9lez Sarsfield<\/p>\n\n\n\n<p><strong>FECHA 14<\/strong><\/p>\n\n\n\n<p>Ateneo Vs. El Front\u00f3n<\/p>\n\n\n\n<p>Atl. Marcos Paz Vs. Talleres Payr\u00f3<\/p>\n\n\n\n<p>Quilmes Vs. Trocha<\/p>\n\n\n\n<p>Defensores Jrs. Vs. Mercedes<\/p>\n\n\n\n<p>Col\u00f3n Vs. Los Carteros FC<\/p>\n\n\n\n<p>V\u00e9lez Sarsfield Vs. Pabell\u00f3n Argentino<\/p>\n\n\n\n<p>Costa Brava Vs. Holanda<\/p>\n\n\n\n<p>Estudiantes Vs. Juventud<\/p>\n\n\n\n<p>Uni\u00f3n Vs. El Tim\u00f3n<\/p>\n\n\n\n<p>La Diego Armando Vs. Palometas FC<\/p>\n\n\n\n<p><strong>FECHA 15<\/strong><\/p>\n\n\n\n<p>Pabell\u00f3n Argentino&nbsp; Vs. Ateneo<\/p>\n\n\n\n<p>Holanda Vs. Atl. Marcos Paz<\/p>\n\n\n\n<p>Trocha Vs. Estudiantes<\/p>\n\n\n\n<p>Mercedes Vs. Uni\u00f3n<\/p>\n\n\n\n<p>La Diego Armando Vs. Col\u00f3n<\/p>\n\n\n\n<p>Palometas FC&nbsp;&nbsp;&nbsp;&nbsp;&nbsp;&nbsp;&nbsp;&nbsp;&nbsp;&nbsp;&nbsp; Vs.&nbsp; Defensores Jrs.<\/p>\n\n\n\n<p>Los Carteros FC Vs. AMEFIP<\/p>\n\n\n\n<p>El Front\u00f3n Vs. V\u00e9lez Sarsfield<\/p>\n\n\n\n<p>Talleres Payr\u00f3 Vs. Costa Brava<\/p>\n\n\n\n<p>Quilmes Vs. Juventud<\/p>\n\n\n\n<p><strong>FECHA 16<\/strong><\/p>\n\n\n\n<p>La Diego Armando Vs. Uni\u00f3n<\/p>\n\n\n\n<p>Holanda Vs. Pabell\u00f3n Argentino<\/p>\n\n\n\n<p>Col\u00f3n Vs. Mercedes<\/p>\n\n\n\n<p>Atl. Marcos Paz Vs. Ateneo<\/p>\n\n\n\n<p>Quilmes Vs. Talleres Payr\u00f3<\/p>\n\n\n\n<p>Los Carteros FC Vs. Defensores Jrs.<\/p>\n\n\n\n<p>Costa Brava Vs. Palometas FC<\/p>\n\n\n\n<p>AMEFIP Vs. Juventud<\/p>\n\n\n\n<p>V\u00e9lez Sarsfield Vs. El Tim\u00f3n<\/p>\n\n\n\n<p><strong>FECHA 17<\/strong><\/p>\n\n\n\n<p>Pabell\u00f3n Argentino Vs. Quilmes<\/p>\n\n\n\n<p>Defensores Jrs. Vs. Holanda<\/p>\n\n\n\n<p>Estudiantes Vs. Los Carteros FC<\/p>\n\n\n\n<p>Uni\u00f3n Vs. El Front\u00f3n<\/p>\n\n\n\n<p>Talleres Payr\u00f3 Vs. La Diego Armando<\/p>\n\n\n\n<p>Juventud Vs. Ateneo<\/p>\n\n\n\n<p>El Tim\u00f3n Vs. Atl. Marcos Paz<\/p>\n\n\n\n<p>Trocha Vs. Palometas FC<\/p>\n\n\n\n<p>Mercedes Vs. AMEFIP<\/p>\n\n\n\n<p>Col\u00f3n Vs. V\u00e9lez Sarsfield<\/p>\n\n\n\n<p><strong>FECHA 18<\/strong><\/p>\n\n\n\n<p>El Tim\u00f3n Vs. Pabell\u00f3n Argentino<\/p>\n\n\n\n<p>Holanda Vs. Palometas FC<\/p>\n\n\n\n<p>AMEFIP Vs. Estudiantes<\/p>\n\n\n\n<p>Uni\u00f3n Vs. V\u00e9lez Sarsfield<\/p>\n\n\n\n<p>La Diego Armando Vs. Costa Brava<\/p>\n\n\n\n<p><strong>FECHA 19<\/strong><\/p>\n\n\n\n<p>Pabell\u00f3n Argentino Vs. La Diego Armando<\/p>\n\n\n\n<p>Estudiantes Vs. Holanda<\/p>\n\n\n\n<p>Ateneo Vs. Col\u00f3n<\/p>\n\n\n\n<p>Trocha Vs. Atl. Marcos Paz<\/p>\n\n\n\n<p>Defensores Jrs. Vs. Quilmes<\/p>\n\n\n\n<p>El Front\u00f3n Vs. Los Carteros FC<\/p>\n\n\n\n<p>Palometas FC&nbsp;&nbsp;&nbsp;&nbsp;&nbsp;&nbsp;&nbsp;&nbsp;&nbsp;&nbsp;&nbsp; Vs. V\u00e9lez Sarsfield<\/p>\n\n\n\n<p>El Tim\u00f3n Vs. AMEFIP<\/p>\n\n\n\n<p>Juventud Vs. Costa Brava<\/p>\n\n\n\n<p><strong>FECHA 20<\/strong><\/p>\n\n\n\n<p>Col\u00f3n Vs. Pabell\u00f3n Argentino<\/p>\n\n\n\n<p>Holanda Vs. Ateneo<\/p>\n\n\n\n<p>Atl. Marcos Paz Vs. Estudiantes<\/p>\n\n\n\n<p>Uni\u00f3n Vs. Trocha<\/p>\n\n\n\n<p>La Diego Armando Vs. Mercedes<\/p>\n\n\n\n<p>Juventud Vs. Defensores Jrs.<\/p>\n\n\n\n<p>Los Carteros FC Vs. El Tim\u00f3n<\/p>\n\n\n\n<p>Palometas FC Vs. El Front\u00f3n<\/p>\n\n\n\n<p>AMEFIP Vs. Talleres Payr\u00f3<\/p>\n\n\n\n<p>Quilmes Vs. V\u00e9lez Sarsfield<\/p>\n\n\n\n<p><strong>FECHA 21<\/strong><\/p>\n\n\n\n<p>Pabell\u00f3n Argentino Vs. Defensores Jrs.<\/p>\n\n\n\n<p>Holanda Vs. Los Carteros FC<\/p>\n\n\n\n<p>El Front\u00f3n Vs. Estudiantes<\/p>\n\n\n\n<p>Talleres Payr\u00f3 Vs. Uni\u00f3n<\/p>\n\n\n\n<p>La Diego Armando Vs. Quilmes<\/p>\n\n\n\n<p>Ateneo Vs. Palometas FC<\/p>\n\n\n\n<p>AMEFIP Vs. Atl. Marcos Paz<\/p>\n\n\n\n<p>Trocha Vs. V\u00e9lez Sarsfield<\/p>\n\n\n\n<p>Mercedes Vs. Costa Brava<\/p>\n\n\n\n<p>Juventud Vs. Col\u00f3n<\/p>\n\n\n\n<p><strong>FECHA 22<\/strong><\/p>\n\n\n\n<p>Estudiantes Vs. Pabell\u00f3n Argentino<\/p>\n\n\n\n<p>Uni\u00f3n Vs. Holanda<\/p>\n\n\n\n<p>Trocha Vs. Col\u00f3n<\/p>\n\n\n\n<p>Ateneo Vs. Mercedes<\/p>\n\n\n\n<p>Defensores Jrs. Vs. El Front\u00f3n<\/p>\n\n\n\n<p>Talleres Payr\u00f3 Vs. Los Carteros FC<\/p>\n\n\n\n<p>AMEFIP Vs. Palometas FC<\/p>\n\n\n\n<p>Costa Brava Vs. V\u00e9lez Sarsfield<\/p>\n\n\n\n<p>El Tim\u00f3n Vs. Juventud<\/p>\n\n\n\n<p><strong>FECHA 23<\/strong><\/p>\n\n\n\n<p>Ateneo Vs. Los Carteros FC<\/p>\n\n\n\n<p>Atl. Marcos Paz Vs. El Front\u00f3n<\/p>\n\n\n\n<p>Trocha Vs. Talleres Payr\u00f3<\/p>\n\n\n\n<p>Mercedes Vs. Quilmes<\/p>\n\n\n\n<p>Col\u00f3n Vs. Defensores Jrs.<\/p>\n\n\n\n<p>AMEFIP Vs. Pabell\u00f3n Argentino<\/p>\n\n\n\n<p>V\u00e9lez Sarsfield Vs. Holanda<\/p>\n\n\n\n<p>Estudiantes Vs. Costa Brava<\/p>\n\n\n\n<p>Juventud Vs. Uni\u00f3n<\/p>\n\n\n\n<p>La Diego Armando Vs. El Tim\u00f3n<\/p>\n\n\n\n<p><strong>FECHA 24<\/strong><\/p>\n\n\n\n<p>Defensores Jrs. V El Tim\u00f3n<\/p>\n\n\n\n<p>Los Carteros FC Vs. Palometas FC<\/p>\n\n\n\n<p>El Front\u00f3n Vs. AMEFIP<\/p>\n\n\n\n<p>Talleres Payr\u00f3 Vs. V\u00e9lez Sarsfield<\/p>\n\n\n\n<p>Costa Brava Vs. Quilmes<\/p>\n\n\n\n<p><strong>FECHA 25<\/strong><\/p>\n\n\n\n<p>Estudiantes Vs. La Diego Armando<\/p>\n\n\n\n<p>Pabell\u00f3n Argentino Vs. Uni\u00f3n<\/p>\n\n\n\n<p>Trocha Vs. Ateneo<\/p>\n\n\n\n<p>Mercedes Vs. Atl. Marcos Paz<\/p>\n\n\n\n<p>El Front\u00f3n Vs. Quilmes<\/p>\n\n\n\n<p>Defensores Jrs. Vs. Talleres Payr\u00f3<\/p>\n\n\n\n<p>Juventud Vs. Palometas FC<\/p>\n\n\n\n<p>AMEFIP Vs. V\u00e9lez Sarsfield<\/p>\n\n\n\n<p>El Tim\u00f3n Vs. Costa Brava<\/p>\n\n\n\n<p><strong>FECHA 26<\/strong><\/p>\n\n\n\n<p>El Front\u00f3n Vs. Pabell\u00f3n Argentino<\/p>\n\n\n\n<p>Holanda Vs. Talleres Payr\u00f3<\/p>\n\n\n\n<p>Estudiantes Vs. Quilmes<\/p>\n\n\n\n<p>Uni\u00f3n Vs. Defensores Jrs.<\/p>\n\n\n\n<p>La Diego Armando Vs. Los Carteros FC<\/p>\n\n\n\n<p>Ateneo Vs. V\u00e9lez Sarsfield<\/p>\n\n\n\n<p>Atl. Marcos Paz Vs. Costa Brava<\/p>\n\n\n\n<p>Trocha Vs. Juventud<\/p>\n\n\n\n<p>Mercedes Vs. El Tim\u00f3n<\/p>\n\n\n\n<p>Col\u00f3n Vs. Palometas FC<\/p>\n\n\n\n<p><strong>FECHA 27<\/strong><\/p>\n\n\n\n<p>Ateneo Vs. Talleres Payr\u00f3<\/p>\n\n\n\n<p>Quilmes Vs. Atl. Marcos Paz<\/p>\n\n\n\n<p>Trocha Vs. Defensores Jrs.<\/p>\n\n\n\n<p>Mercedes Vs. Los Carteros FC<\/p>\n\n\n\n<p>Col\u00f3n Vs. El Front\u00f3n<\/p>\n\n\n\n<p>Pabell\u00f3n Argentino Vs. Costa Brava<\/p>\n\n\n\n<p>Juventud Vs. Holanda<\/p>\n\n\n\n<p>Estudiantes Vs. El Tim\u00f3n<\/p>\n\n\n\n<p>Uni\u00f3n Vs. Palometas FC<\/p>\n\n\n\n<p>La Diego Armando Vs. AMEFIP<\/p>\n\n\n\n<p><strong>FECHA 28<\/strong><\/p>\n\n\n\n<p>Holanda Vs. La Diego Armando<\/p>\n\n\n\n<p>Estudiantes Vs. Uni\u00f3n<\/p>\n\n\n\n<p>Atl. Marcos Paz Vs. Col\u00f3n<\/p>\n\n\n\n<p>Estudiantes Vs. Mercedes<\/p>\n\n\n\n<p>Los Carteros FC Vs. Quilmes<\/p>\n\n\n\n<p>Talleres Payr\u00f3 Vs. El Front\u00f3n<\/p>\n\n\n\n<p>Palometas FC Vs. El Tim\u00f3n<\/p>\n\n\n\n<p>Costa Brava Vs. AMEFIP<\/p>\n\n\n\n<p>V\u00e9lez Sarsfield Vs. Juventud<\/p>\n","protected":false},"excerpt":{"rendered":"<p>Luego de haber realizado el viernes pasado la confecci\u00f3n del torneo anual que jugar\u00e1 el f\u00fatbol grande de Mercedes, restaba &#8230; <a title=\"La Liga Mercedina dio a conocer el fixture de Primera y Reserva\" class=\"read-more\" href=\"https:\/\/www.hoymercedes.com.ar\/principal\/2019\/02\/26\/la-liga-mercedina-dio-a-conocer-el-fixture-de-primera-y-reserva\/\" aria-label=\"Leer m\u00e1s sobre La Liga Mercedina dio a conocer el fixture de Primera y Reserva\">Leer m\u00e1s<\/a><\/p>\n","protected":false},"author":1,"featured_media":88699,"comment_status":"closed","ping_status":"open","sticky":false,"template":"","format":"standard","meta":{"_monsterinsights_skip_tracking":false,"_monsterinsights_sitenote_active":false,"_monsterinsights_sitenote_note":"","_monsterinsights_sitenote_category":0,"jetpack_post_was_ever_published":false,"_jetpack_newsletter_access":"","_jetpack_dont_email_post_to_subs":false,"_jetpack_newsletter_tier_id":0,"_jetpack_memberships_contains_paywalled_content":false,"_jetpack_memberships_contains_paid_content":false,"footnotes":"","jetpack_publicize_message":"","jetpack_publicize_feature_enabled":true,"jetpack_social_post_already_shared":true,"jetpack_social_options":{"image_generator_settings":{"template":"highway","default_image_id":0,"font":"","enabled":false},"version":2},"_wpas_customize_per_network":false},"categories":[21],"tags":[10661,413],"class_list":["post-88696","post","type-post","status-publish","format-standard","has-post-thumbnail","hentry","category-deportes","tag-fixture","tag-liga-mercedina-de-futbol","generate-columns","tablet-grid-50","mobile-grid-100","grid-parent","grid-50"],"jetpack_publicize_connections":[],"jetpack_featured_media_url":"https:\/\/www.hoymercedes.com.ar\/principal\/wp-content\/uploads\/2019\/02\/DSCN0448.jpg","wps_subtitle":"Liga Mercedina","jetpack_sharing_enabled":true,"_links":{"self":[{"href":"https:\/\/www.hoymercedes.com.ar\/principal\/wp-json\/wp\/v2\/posts\/88696","targetHints":{"allow":["GET"]}}],"collection":[{"href":"https:\/\/www.hoymercedes.com.ar\/principal\/wp-json\/wp\/v2\/posts"}],"about":[{"href":"https:\/\/www.hoymercedes.com.ar\/principal\/wp-json\/wp\/v2\/types\/post"}],"author":[{"embeddable":true,"href":"https:\/\/www.hoymercedes.com.ar\/principal\/wp-json\/wp\/v2\/users\/1"}],"replies":[{"embeddable":true,"href":"https:\/\/www.hoymercedes.com.ar\/principal\/wp-json\/wp\/v2\/comments?post=88696"}],"version-history":[{"count":0,"href":"https:\/\/www.hoymercedes.com.ar\/principal\/wp-json\/wp\/v2\/posts\/88696\/revisions"}],"wp:featuredmedia":[{"embeddable":true,"href":"https:\/\/www.hoymercedes.com.ar\/principal\/wp-json\/wp\/v2\/media\/88699"}],"wp:attachment":[{"href":"https:\/\/www.hoymercedes.com.ar\/principal\/wp-json\/wp\/v2\/media?parent=88696"}],"wp:term":[{"taxonomy":"category","embeddable":true,"href":"https:\/\/www.hoymercedes.com.ar\/principal\/wp-json\/wp\/v2\/categories?post=88696"},{"taxonomy":"post_tag","embeddable":true,"href":"https:\/\/www.hoymercedes.com.ar\/principal\/wp-json\/wp\/v2\/tags?post=88696"}],"curies":[{"name":"wp","href":"https:\/\/api.w.org\/{rel}","templated":true}]}}