{"id":88702,"date":"2019-02-27T12:20:59","date_gmt":"2019-02-27T15:20:59","guid":{"rendered":"http:\/\/www.hoymercedes.com.ar\/principal\/?p=88702"},"modified":"2019-02-27T10:06:40","modified_gmt":"2019-02-27T13:06:40","slug":"lentini-robledo-seran-los-representantes-mercedinos-en-la-cuenca-del-salado-en-paddle","status":"publish","type":"post","link":"https:\/\/www.hoymercedes.com.ar\/principal\/2019\/02\/27\/lentini-robledo-seran-los-representantes-mercedinos-en-la-cuenca-del-salado-en-paddle\/","title":{"rendered":"Lentini &#8211; Robledo ser\u00e1n los representantes mercedinos en la Cuenca del Salado en paddle"},"content":{"rendered":"\n<p>Se realiz\u00f3 en el Club Gimnasia la selecci\u00f3n para representar a Mercedes en las Olimp\u00edadas de la Cuenca del Salado en la disciplina de paddle. Para la ocasi\u00f3n se presentaron ocho parejas: Robledo-Lentini, Gorosito-Blanco, Gerardi-Mastromarino, Lapolla-V\u00e1zquez, Lab\u00edn-Coronel, Lagos-Karp, Bernal-Bernal, Clavellino-Ballesteros.<\/p>\n\n\n\n<figure class=\"wp-block-image\"><img loading=\"lazy\" decoding=\"async\" width=\"869\" height=\"501\" data-attachment-id=\"88703\" data-permalink=\"https:\/\/www.hoymercedes.com.ar\/principal\/2019\/02\/27\/lentini-robledo-seran-los-representantes-mercedinos-en-la-cuenca-del-salado-en-paddle\/captura-de-pantalla-2019-02-25-21-05-26\/#main\" data-orig-file=\"https:\/\/www.hoymercedes.com.ar\/principal\/wp-content\/uploads\/2019\/02\/Captura-de-pantalla-2019-02-25-21.05.26.png\" data-orig-size=\"869,501\" data-comments-opened=\"0\" data-image-meta=\"{&quot;aperture&quot;:&quot;0&quot;,&quot;credit&quot;:&quot;&quot;,&quot;camera&quot;:&quot;&quot;,&quot;caption&quot;:&quot;&quot;,&quot;created_timestamp&quot;:&quot;0&quot;,&quot;copyright&quot;:&quot;&quot;,&quot;focal_length&quot;:&quot;0&quot;,&quot;iso&quot;:&quot;0&quot;,&quot;shutter_speed&quot;:&quot;0&quot;,&quot;title&quot;:&quot;&quot;,&quot;orientation&quot;:&quot;0&quot;}\" data-image-title=\"Captura de pantalla 2019-02-25 21.05.26\" data-image-description=\"\" data-image-caption=\"\" data-large-file=\"https:\/\/www.hoymercedes.com.ar\/principal\/wp-content\/uploads\/2019\/02\/Captura-de-pantalla-2019-02-25-21.05.26.png\" src=\"https:\/\/www.hoymercedes.com.ar\/principal\/wp-content\/uploads\/2019\/02\/Captura-de-pantalla-2019-02-25-21.05.26.png\" alt=\"\" class=\"wp-image-88703\" srcset=\"https:\/\/www.hoymercedes.com.ar\/principal\/wp-content\/uploads\/2019\/02\/Captura-de-pantalla-2019-02-25-21.05.26.png 869w, https:\/\/www.hoymercedes.com.ar\/principal\/wp-content\/uploads\/2019\/02\/Captura-de-pantalla-2019-02-25-21.05.26-150x86.png 150w, https:\/\/www.hoymercedes.com.ar\/principal\/wp-content\/uploads\/2019\/02\/Captura-de-pantalla-2019-02-25-21.05.26-630x363.png 630w\" sizes=\"auto, (max-width: 869px) 100vw, 869px\" \/><\/figure>\n\n\n\n<p>A la final llegaron Lagos-Karp ante Lentini-Robledo con triunfo de la segunda pareja 6-4, 6\/7 y 4\/4. La clasificaci\u00f3n fue organizada por Ra\u00fal Torres, impulsor de la disciplina en la ciudad.\u00a0\u00a0 <\/p>\n","protected":false},"excerpt":{"rendered":"<p>Se realiz\u00f3 en el Club Gimnasia la selecci\u00f3n para representar a Mercedes en las Olimp\u00edadas de la Cuenca del Salado &#8230; <a title=\"Lentini &#8211; Robledo ser\u00e1n los representantes mercedinos en la Cuenca del Salado en paddle\" class=\"read-more\" href=\"https:\/\/www.hoymercedes.com.ar\/principal\/2019\/02\/27\/lentini-robledo-seran-los-representantes-mercedinos-en-la-cuenca-del-salado-en-paddle\/\" aria-label=\"Leer m\u00e1s sobre Lentini &#8211; Robledo ser\u00e1n los representantes mercedinos en la Cuenca del Salado en paddle\">Leer m\u00e1s<\/a><\/p>\n","protected":false},"author":1,"featured_media":88703,"comment_status":"closed","ping_status":"open","sticky":false,"template":"","format":"standard","meta":{"_monsterinsights_skip_tracking":false,"_monsterinsights_sitenote_active":false,"_monsterinsights_sitenote_note":"","_monsterinsights_sitenote_category":0,"jetpack_post_was_ever_published":false,"_jetpack_newsletter_access":"","_jetpack_dont_email_post_to_subs":false,"_jetpack_newsletter_tier_id":0,"_jetpack_memberships_contains_paywalled_content":false,"_jetpack_memberships_contains_paid_content":false,"footnotes":"","jetpack_publicize_message":"","jetpack_publicize_feature_enabled":true,"jetpack_social_post_already_shared":true,"jetpack_social_options":{"image_generator_settings":{"template":"highway","default_image_id":0,"font":"","enabled":false},"version":2},"_wpas_customize_per_network":false},"categories":[21],"tags":[2060],"class_list":["post-88702","post","type-post","status-publish","format-standard","has-post-thumbnail","hentry","category-deportes","tag-cuenca-del-salado","generate-columns","tablet-grid-50","mobile-grid-100","grid-parent","grid-50"],"jetpack_publicize_connections":[],"jetpack_featured_media_url":"https:\/\/www.hoymercedes.com.ar\/principal\/wp-content\/uploads\/2019\/02\/Captura-de-pantalla-2019-02-25-21.05.26.png","wps_subtitle":"Cuenca del Salado","jetpack_sharing_enabled":true,"_links":{"self":[{"href":"https:\/\/www.hoymercedes.com.ar\/principal\/wp-json\/wp\/v2\/posts\/88702","targetHints":{"allow":["GET"]}}],"collection":[{"href":"https:\/\/www.hoymercedes.com.ar\/principal\/wp-json\/wp\/v2\/posts"}],"about":[{"href":"https:\/\/www.hoymercedes.com.ar\/principal\/wp-json\/wp\/v2\/types\/post"}],"author":[{"embeddable":true,"href":"https:\/\/www.hoymercedes.com.ar\/principal\/wp-json\/wp\/v2\/users\/1"}],"replies":[{"embeddable":true,"href":"https:\/\/www.hoymercedes.com.ar\/principal\/wp-json\/wp\/v2\/comments?post=88702"}],"version-history":[{"count":0,"href":"https:\/\/www.hoymercedes.com.ar\/principal\/wp-json\/wp\/v2\/posts\/88702\/revisions"}],"wp:featuredmedia":[{"embeddable":true,"href":"https:\/\/www.hoymercedes.com.ar\/principal\/wp-json\/wp\/v2\/media\/88703"}],"wp:attachment":[{"href":"https:\/\/www.hoymercedes.com.ar\/principal\/wp-json\/wp\/v2\/media?parent=88702"}],"wp:term":[{"taxonomy":"category","embeddable":true,"href":"https:\/\/www.hoymercedes.com.ar\/principal\/wp-json\/wp\/v2\/categories?post=88702"},{"taxonomy":"post_tag","embeddable":true,"href":"https:\/\/www.hoymercedes.com.ar\/principal\/wp-json\/wp\/v2\/tags?post=88702"}],"curies":[{"name":"wp","href":"https:\/\/api.w.org\/{rel}","templated":true}]}}