{"id":88743,"date":"2019-02-27T10:55:00","date_gmt":"2019-02-27T13:55:00","guid":{"rendered":"http:\/\/www.hoymercedes.com.ar\/principal\/?p=88743"},"modified":"2019-02-27T10:05:48","modified_gmt":"2019-02-27T13:05:48","slug":"continua-la-entrega-de-utiles-y-guardapolvos-en-mercedes-aprende","status":"publish","type":"post","link":"https:\/\/www.hoymercedes.com.ar\/principal\/2019\/02\/27\/continua-la-entrega-de-utiles-y-guardapolvos-en-mercedes-aprende\/","title":{"rendered":"Contin\u00faa la entrega de \u00fatiles y guardapolvos en \u00abMercedes Aprende\u00bb"},"content":{"rendered":"\n<p>Este\u00a0mi\u00e9rcoles 27, en la Plaza San Luis, contin\u00faa la entrega de \u00fatiles escolares y guardapolvos en el marco del programa \u00abMercedes Aprende\u00bb que lleva adelante el Municipio de Mercedes a trav\u00e9s de las \u00e1reas de Ni\u00f1ez, Educaci\u00f3n, Desarrollo Social y Educaci\u00f3n Barrial. <\/p>\n\n\n\n<p>En distintas carpas y puntos de entrega, las familias se acercan de acuerdo a las escuelas a la que concurren los ni\u00f1os, ni\u00f1as y adolescentes. Con DNI del menor y del adulto responsable, se presenta informa la escuela a la que pertenecen y le ofrecen lo necesario para el inicio de clases. Principalmente \u00fatiles escolares y los guardapolvos. Los libros y manuales ser\u00e1n entregados en las escuelas una vez iniciada las clases.  <\/p>\n\n\n\n<figure class=\"wp-block-image\"><img loading=\"lazy\" decoding=\"async\" width=\"723\" height=\"1024\" data-attachment-id=\"88131\" data-permalink=\"https:\/\/www.hoymercedes.com.ar\/principal\/2019\/02\/12\/cronograma-de-entrega-de-utiles-escolares-y-guardapolvos\/fb_img_15500646957760323\/#main\" data-orig-file=\"https:\/\/www.hoymercedes.com.ar\/principal\/wp-content\/uploads\/2019\/02\/FB_IMG_15500646957760323.jpg\" data-orig-size=\"1080,1529\" data-comments-opened=\"0\" data-image-meta=\"{&quot;aperture&quot;:&quot;0&quot;,&quot;credit&quot;:&quot;&quot;,&quot;camera&quot;:&quot;&quot;,&quot;caption&quot;:&quot;&quot;,&quot;created_timestamp&quot;:&quot;0&quot;,&quot;copyright&quot;:&quot;&quot;,&quot;focal_length&quot;:&quot;0&quot;,&quot;iso&quot;:&quot;0&quot;,&quot;shutter_speed&quot;:&quot;0&quot;,&quot;title&quot;:&quot;&quot;,&quot;orientation&quot;:&quot;0&quot;}\" data-image-title=\"FB_IMG_15500646957760323\" data-image-description=\"\" data-image-caption=\"\" data-large-file=\"https:\/\/www.hoymercedes.com.ar\/principal\/wp-content\/uploads\/2019\/02\/FB_IMG_15500646957760323-723x1024.jpg\" src=\"https:\/\/www.hoymercedes.com.ar\/principal\/wp-content\/uploads\/2019\/02\/FB_IMG_15500646957760323-723x1024.jpg\" alt=\"\" class=\"wp-image-88131\" srcset=\"https:\/\/www.hoymercedes.com.ar\/principal\/wp-content\/uploads\/2019\/02\/FB_IMG_15500646957760323-723x1024.jpg 723w, https:\/\/www.hoymercedes.com.ar\/principal\/wp-content\/uploads\/2019\/02\/FB_IMG_15500646957760323-106x150.jpg 106w, https:\/\/www.hoymercedes.com.ar\/principal\/wp-content\/uploads\/2019\/02\/FB_IMG_15500646957760323-438x620.jpg 438w, https:\/\/www.hoymercedes.com.ar\/principal\/wp-content\/uploads\/2019\/02\/FB_IMG_15500646957760323.jpg 1080w\" sizes=\"auto, (max-width: 723px) 100vw, 723px\" \/><\/figure>\n","protected":false},"excerpt":{"rendered":"<p>Este\u00a0mi\u00e9rcoles 27, en la Plaza San Luis, contin\u00faa la entrega de \u00fatiles escolares y guardapolvos en el marco del programa &#8230; <a title=\"Contin\u00faa la entrega de \u00fatiles y guardapolvos en \u00abMercedes Aprende\u00bb\" class=\"read-more\" href=\"https:\/\/www.hoymercedes.com.ar\/principal\/2019\/02\/27\/continua-la-entrega-de-utiles-y-guardapolvos-en-mercedes-aprende\/\" aria-label=\"Leer m\u00e1s sobre Contin\u00faa la entrega de \u00fatiles y guardapolvos en \u00abMercedes Aprende\u00bb\">Leer m\u00e1s<\/a><\/p>\n","protected":false},"author":1,"featured_media":88744,"comment_status":"closed","ping_status":"open","sticky":false,"template":"","format":"standard","meta":{"_monsterinsights_skip_tracking":false,"_monsterinsights_sitenote_active":false,"_monsterinsights_sitenote_note":"","_monsterinsights_sitenote_category":0,"jetpack_post_was_ever_published":false,"_jetpack_newsletter_access":"","_jetpack_dont_email_post_to_subs":false,"_jetpack_newsletter_tier_id":0,"_jetpack_memberships_contains_paywalled_content":false,"_jetpack_memberships_contains_paid_content":false,"footnotes":"","jetpack_publicize_message":"","jetpack_publicize_feature_enabled":true,"jetpack_social_post_already_shared":true,"jetpack_social_options":{"image_generator_settings":{"template":"highway","default_image_id":0,"font":"","enabled":false},"version":2},"_wpas_customize_per_network":false},"categories":[30],"tags":[47,13953,244],"class_list":["post-88743","post","type-post","status-publish","format-standard","has-post-thumbnail","hentry","category-municipio","tag-educacion-2","tag-mercedes-aprende","tag-municipio-2","generate-columns","tablet-grid-50","mobile-grid-100","grid-parent","grid-50"],"jetpack_publicize_connections":[],"jetpack_featured_media_url":"https:\/\/www.hoymercedes.com.ar\/principal\/wp-content\/uploads\/2019\/02\/27-mercedes-aprende.jpg","wps_subtitle":"","jetpack_sharing_enabled":true,"_links":{"self":[{"href":"https:\/\/www.hoymercedes.com.ar\/principal\/wp-json\/wp\/v2\/posts\/88743","targetHints":{"allow":["GET"]}}],"collection":[{"href":"https:\/\/www.hoymercedes.com.ar\/principal\/wp-json\/wp\/v2\/posts"}],"about":[{"href":"https:\/\/www.hoymercedes.com.ar\/principal\/wp-json\/wp\/v2\/types\/post"}],"author":[{"embeddable":true,"href":"https:\/\/www.hoymercedes.com.ar\/principal\/wp-json\/wp\/v2\/users\/1"}],"replies":[{"embeddable":true,"href":"https:\/\/www.hoymercedes.com.ar\/principal\/wp-json\/wp\/v2\/comments?post=88743"}],"version-history":[{"count":0,"href":"https:\/\/www.hoymercedes.com.ar\/principal\/wp-json\/wp\/v2\/posts\/88743\/revisions"}],"wp:featuredmedia":[{"embeddable":true,"href":"https:\/\/www.hoymercedes.com.ar\/principal\/wp-json\/wp\/v2\/media\/88744"}],"wp:attachment":[{"href":"https:\/\/www.hoymercedes.com.ar\/principal\/wp-json\/wp\/v2\/media?parent=88743"}],"wp:term":[{"taxonomy":"category","embeddable":true,"href":"https:\/\/www.hoymercedes.com.ar\/principal\/wp-json\/wp\/v2\/categories?post=88743"},{"taxonomy":"post_tag","embeddable":true,"href":"https:\/\/www.hoymercedes.com.ar\/principal\/wp-json\/wp\/v2\/tags?post=88743"}],"curies":[{"name":"wp","href":"https:\/\/api.w.org\/{rel}","templated":true}]}}