{"id":88760,"date":"2019-02-27T15:56:19","date_gmt":"2019-02-27T18:56:19","guid":{"rendered":"http:\/\/www.hoymercedes.com.ar\/principal\/?p=88760"},"modified":"2019-02-27T16:02:45","modified_gmt":"2019-02-27T19:02:45","slug":"anticiparon-actividades-para-el-dia-de-la-mujer","status":"publish","type":"post","link":"https:\/\/www.hoymercedes.com.ar\/principal\/2019\/02\/27\/anticiparon-actividades-para-el-dia-de-la-mujer\/","title":{"rendered":"Anticiparon actividades para el D\u00eda de la Mujer"},"content":{"rendered":"\n<p>La Municipalidad de Mercedes adelant\u00f3 las distintas actividades que las \u00e1reas comunales organizar\u00e1n en el marco del D\u00eda Internacional de la Mujer del pr\u00f3ximo 8 de marzo. Desde la ma\u00f1ana y hasta la noche, habr\u00e1 charlas debate, muestras y m\u00fasica en distintos horarios y lugares de la ciudad. La Casa de la Mujer \u00abJuana Azurduy\u00bb y la Coordinaci\u00f3n de G\u00e9nero, \u00e1reas conjuntas de las Secretar\u00edas de Seguridad y de Desarrollo Social organiza actividades en conjunto con cultura y turismo.<\/p>\n\n\n\n<figure class=\"wp-block-image\"><img loading=\"lazy\" decoding=\"async\" width=\"750\" height=\"500\" data-attachment-id=\"88761\" data-permalink=\"https:\/\/www.hoymercedes.com.ar\/principal\/2019\/02\/27\/anticiparon-actividades-para-el-dia-de-la-mujer\/27-silva-kelly\/#main\" data-orig-file=\"https:\/\/www.hoymercedes.com.ar\/principal\/wp-content\/uploads\/2019\/02\/27-Silva-Kelly.jpg\" data-orig-size=\"750,500\" data-comments-opened=\"0\" data-image-meta=\"{&quot;aperture&quot;:&quot;0&quot;,&quot;credit&quot;:&quot;&quot;,&quot;camera&quot;:&quot;&quot;,&quot;caption&quot;:&quot;&quot;,&quot;created_timestamp&quot;:&quot;0&quot;,&quot;copyright&quot;:&quot;&quot;,&quot;focal_length&quot;:&quot;0&quot;,&quot;iso&quot;:&quot;0&quot;,&quot;shutter_speed&quot;:&quot;0&quot;,&quot;title&quot;:&quot;&quot;,&quot;orientation&quot;:&quot;0&quot;}\" data-image-title=\"27 Silva-Kelly\" data-image-description=\"\" data-image-caption=\"\" data-large-file=\"https:\/\/www.hoymercedes.com.ar\/principal\/wp-content\/uploads\/2019\/02\/27-Silva-Kelly.jpg\" src=\"https:\/\/www.hoymercedes.com.ar\/principal\/wp-content\/uploads\/2019\/02\/27-Silva-Kelly.jpg\" alt=\"\" class=\"wp-image-88761\" srcset=\"https:\/\/www.hoymercedes.com.ar\/principal\/wp-content\/uploads\/2019\/02\/27-Silva-Kelly.jpg 750w, https:\/\/www.hoymercedes.com.ar\/principal\/wp-content\/uploads\/2019\/02\/27-Silva-Kelly-150x100.jpg 150w, https:\/\/www.hoymercedes.com.ar\/principal\/wp-content\/uploads\/2019\/02\/27-Silva-Kelly-630x420.jpg 630w, https:\/\/www.hoymercedes.com.ar\/principal\/wp-content\/uploads\/2019\/02\/27-Silva-Kelly-720x480.jpg 720w, https:\/\/www.hoymercedes.com.ar\/principal\/wp-content\/uploads\/2019\/02\/27-Silva-Kelly-360x240.jpg 360w\" sizes=\"auto, (max-width: 750px) 100vw, 750px\" \/><\/figure>\n\n\n\n<p>Jorgelina Silva, Secretaria de Desarrollo Social y Josefina Kelly, Secretaria de Seguridad, est\u00e1n al frente de las diferentes actividades proyectadas para la jornada del 8 de marzo. <\/p>\n\n\n\n<p>\u201cEs un d\u00eda que queremos visibilizar, por un lado, porque es una conmemoraci\u00f3n importante que ha dejado a lo largo del tiempo muchas v\u00edctimas. Pero a pesar de ello, queremos reivindicar las cuestiones m\u00e1s pensadas desde el eje de la mujer trabajadora. En momento de crisis, la mujer es la primera que sufre la p\u00e9rdida y la ca\u00edda de la econom\u00eda. Las diferentes actividades van a transcurrir durante todo el d\u00eda para que tomemos conciencia, no s\u00f3lo las mujeres sino tambi\u00e9n los hombres de lo que es el d\u00eda internacional de la mujer trabajadora\u201d, expres\u00f3 Silva.<\/p>\n\n\n\n<p>Por su parte, Kelly hizo un repaso de las actividades que habr\u00e1 desde las primeras horas de la ma\u00f1ana en el Museo V\u00edctor M\u00edguez con el relato de las mujeres en sus diferentes roles. \u00abHabr\u00e1 debates o puntos de inflexi\u00f3n que hagan repensar y replantear el rol de la mujer y el mundo del trabajo\u201d, dijo la funcionaria y enfatiz\u00f3 en que a la par habr\u00e1 una muestra cultural en el marco del Museo. <\/p>\n\n\n\n<p>Por otro lado, tambi\u00e9n se llevar\u00e1n a cabo actividades en el Centro Cultural Teatro Argentino \u00abInt Julio C\u00e9sar Gioscio\u00bb, donde estar\u00e1 la exposici\u00f3n de la profesora de la Universidad de Buenos Aires y especialista en g\u00e9nero Alicia Stolkiner. Para luego, a la noche, sum\u00e1ndose al festejo por el aniversario de Tom\u00e1s Jofr\u00e9 habr\u00e1 en la localidad rural espect\u00e1culos musicales y el homenaje a  \u201cLas Mujeres Camperas\u201d, primera agrupaci\u00f3n gaucha de mujeres.<\/p>\n\n\n\n<p>El d\u00eda s\u00e1bado, se suma una muestra en el MAMM \u2013calle 23 N\u00b0 383- de Florencia Salas que se denomina \u201cPerseverancia. Serie Mujeres\u201d.<\/p>\n\n\n\n<p>Cronograma de Actividades del 8 de marzo:<\/p>\n\n\n\n<p>MUSEO MIGUEZ: 10.00 horas: Inicio de radio p\u00fablica en vivo. Armado de mural en vivo con material reciclado. ILKA MURALES. 10.30 horas: Muestra de Valeria Salum \u00abPuta Dignidad. El camino de la opresi\u00f3n\u00bb<\/p>\n\n\n\n<p>TEATRO ARGENTINO: 9.30 horas: Reflexiones sobre la perspectiva de g\u00e9nero en salud mental conducido por Alicia Stolkiner <\/p>\n\n\n\n<p>T\u00d3MAS JOFR\u00c9 &#8211; PLAZA DE TOMAS JOFRE: 19.00 horas: Pe\u00f1a folclorica: llevada adelante por \u00abMujeres Camperas\u00bb la primera agrupaci\u00f3n Gaucha de Mercedes. Actuar\u00e1n: Fernanda Otolini y la banda, Fernando Pazos (Folkore) y La Banda Norte\u00f1a (cumbia)<br><\/p>\n","protected":false},"excerpt":{"rendered":"<p>La Municipalidad de Mercedes adelant\u00f3 las distintas actividades que las \u00e1reas comunales organizar\u00e1n en el marco del D\u00eda Internacional de &#8230; <a title=\"Anticiparon actividades para el D\u00eda de la Mujer\" class=\"read-more\" href=\"https:\/\/www.hoymercedes.com.ar\/principal\/2019\/02\/27\/anticiparon-actividades-para-el-dia-de-la-mujer\/\" aria-label=\"Leer m\u00e1s sobre Anticiparon actividades para el D\u00eda de la Mujer\">Leer m\u00e1s<\/a><\/p>\n","protected":false},"author":1,"featured_media":88761,"comment_status":"closed","ping_status":"open","sticky":false,"template":"","format":"standard","meta":{"_monsterinsights_skip_tracking":false,"_monsterinsights_sitenote_active":false,"_monsterinsights_sitenote_note":"","_monsterinsights_sitenote_category":0,"jetpack_post_was_ever_published":false,"_jetpack_newsletter_access":"","_jetpack_dont_email_post_to_subs":false,"_jetpack_newsletter_tier_id":0,"_jetpack_memberships_contains_paywalled_content":false,"_jetpack_memberships_contains_paid_content":false,"footnotes":"","jetpack_publicize_message":"","jetpack_publicize_feature_enabled":true,"jetpack_social_post_already_shared":true,"jetpack_social_options":{"image_generator_settings":{"template":"highway","default_image_id":0,"font":"","enabled":false},"version":2},"_wpas_customize_per_network":false},"categories":[30],"tags":[14563,525,244],"class_list":["post-88760","post","type-post","status-publish","format-standard","has-post-thumbnail","hentry","category-municipio","tag-actividades-8-de-marzo","tag-dia-de-la-mujer","tag-municipio-2","generate-columns","tablet-grid-50","mobile-grid-100","grid-parent","grid-50"],"jetpack_publicize_connections":[],"jetpack_featured_media_url":"https:\/\/www.hoymercedes.com.ar\/principal\/wp-content\/uploads\/2019\/02\/27-Silva-Kelly.jpg","wps_subtitle":"Para agendar","jetpack_sharing_enabled":true,"_links":{"self":[{"href":"https:\/\/www.hoymercedes.com.ar\/principal\/wp-json\/wp\/v2\/posts\/88760","targetHints":{"allow":["GET"]}}],"collection":[{"href":"https:\/\/www.hoymercedes.com.ar\/principal\/wp-json\/wp\/v2\/posts"}],"about":[{"href":"https:\/\/www.hoymercedes.com.ar\/principal\/wp-json\/wp\/v2\/types\/post"}],"author":[{"embeddable":true,"href":"https:\/\/www.hoymercedes.com.ar\/principal\/wp-json\/wp\/v2\/users\/1"}],"replies":[{"embeddable":true,"href":"https:\/\/www.hoymercedes.com.ar\/principal\/wp-json\/wp\/v2\/comments?post=88760"}],"version-history":[{"count":0,"href":"https:\/\/www.hoymercedes.com.ar\/principal\/wp-json\/wp\/v2\/posts\/88760\/revisions"}],"wp:featuredmedia":[{"embeddable":true,"href":"https:\/\/www.hoymercedes.com.ar\/principal\/wp-json\/wp\/v2\/media\/88761"}],"wp:attachment":[{"href":"https:\/\/www.hoymercedes.com.ar\/principal\/wp-json\/wp\/v2\/media?parent=88760"}],"wp:term":[{"taxonomy":"category","embeddable":true,"href":"https:\/\/www.hoymercedes.com.ar\/principal\/wp-json\/wp\/v2\/categories?post=88760"},{"taxonomy":"post_tag","embeddable":true,"href":"https:\/\/www.hoymercedes.com.ar\/principal\/wp-json\/wp\/v2\/tags?post=88760"}],"curies":[{"name":"wp","href":"https:\/\/api.w.org\/{rel}","templated":true}]}}