{"id":88777,"date":"2019-02-28T09:49:39","date_gmt":"2019-02-28T12:49:39","guid":{"rendered":"http:\/\/www.hoymercedes.com.ar\/principal\/?p=88777"},"modified":"2019-02-28T15:06:52","modified_gmt":"2019-02-28T18:06:52","slug":"la-sociedad-argentina-de-primera-infancia-planifica-proyectos-en-mercedes","status":"publish","type":"post","link":"https:\/\/www.hoymercedes.com.ar\/principal\/2019\/02\/28\/la-sociedad-argentina-de-primera-infancia-planifica-proyectos-en-mercedes\/","title":{"rendered":"La Sociedad Argentina de Primera Infancia planifica proyectos en Mercedes"},"content":{"rendered":"\n<p>Referentes de SAPI se reunieron con el intendente de cara a la planificaci\u00f3n 2019. La Sociedad Argentina de Primera Infancia propuso m\u00e1s capacitaci\u00f3n y proyectos conjuntos con el Municipio.  <\/p>\n\n\n\n<figure class=\"wp-block-image\"><img loading=\"lazy\" decoding=\"async\" width=\"750\" height=\"499\" data-attachment-id=\"88778\" data-permalink=\"https:\/\/www.hoymercedes.com.ar\/principal\/2019\/02\/28\/la-sociedad-argentina-de-primera-infancia-planifica-proyectos-en-mercedes\/28-sapi-muni\/#main\" data-orig-file=\"https:\/\/www.hoymercedes.com.ar\/principal\/wp-content\/uploads\/2019\/02\/28-sapi-muni.jpg\" data-orig-size=\"750,499\" data-comments-opened=\"0\" data-image-meta=\"{&quot;aperture&quot;:&quot;0&quot;,&quot;credit&quot;:&quot;&quot;,&quot;camera&quot;:&quot;&quot;,&quot;caption&quot;:&quot;&quot;,&quot;created_timestamp&quot;:&quot;0&quot;,&quot;copyright&quot;:&quot;&quot;,&quot;focal_length&quot;:&quot;0&quot;,&quot;iso&quot;:&quot;0&quot;,&quot;shutter_speed&quot;:&quot;0&quot;,&quot;title&quot;:&quot;&quot;,&quot;orientation&quot;:&quot;0&quot;}\" data-image-title=\"28 sapi muni\" data-image-description=\"\" data-image-caption=\"\" data-large-file=\"https:\/\/www.hoymercedes.com.ar\/principal\/wp-content\/uploads\/2019\/02\/28-sapi-muni.jpg\" src=\"https:\/\/www.hoymercedes.com.ar\/principal\/wp-content\/uploads\/2019\/02\/28-sapi-muni.jpg\" alt=\"\" class=\"wp-image-88778\" srcset=\"https:\/\/www.hoymercedes.com.ar\/principal\/wp-content\/uploads\/2019\/02\/28-sapi-muni.jpg 750w, https:\/\/www.hoymercedes.com.ar\/principal\/wp-content\/uploads\/2019\/02\/28-sapi-muni-150x100.jpg 150w, https:\/\/www.hoymercedes.com.ar\/principal\/wp-content\/uploads\/2019\/02\/28-sapi-muni-630x419.jpg 630w, https:\/\/www.hoymercedes.com.ar\/principal\/wp-content\/uploads\/2019\/02\/28-sapi-muni-720x480.jpg 720w, https:\/\/www.hoymercedes.com.ar\/principal\/wp-content\/uploads\/2019\/02\/28-sapi-muni-360x240.jpg 360w\" sizes=\"auto, (max-width: 750px) 100vw, 750px\" \/><\/figure>\n\n\n\n<p>En una reuni\u00f3n con el Intendente Juan Ignacio Ustarroz y el Secretario de Salud, el m\u00e9dico Pablo Cassiani, los referentes de SAPI expusieron sus ideas para llevar adelante en el Municipio de Mercedes en materia de Primera Infancia. <\/p>\n\n\n\n<p>\u00abTrabajamos en conjunto de capacitaci\u00f3n de abordaje interdisciplinario en primer infancia durante todo el 2018. Casi 300 personas participaron. Hoy estamos trabajando sobre lo que se llevar\u00e1 a cabo durante todo el 2019 y los a\u00f1os venideros\u201d, explic\u00f3 Cassiani.<\/p>\n\n\n\n<p>Por su parte, Marcela Armus y Alejandra giacobone, ambas de SAPI hablaron de la importancia de la capacitaci\u00f3n entre los profesionales y as\u00ed visibilizar las problem\u00e1ticas que pueden surgir en la primera infancia, etapa fundamental en el desarrollo de un ni\u00f1o o ni\u00f1a. <\/p>\n\n\n\n<p>\u201cLos primeros mil d\u00edas son importantes, pero la primera infancia es un poco m\u00e1s extensa porque esta los cinco a\u00f1os. No tienen que terminar los cuidados en esos dos primeros a\u00f1os. Hay que dedicarse y proponer m\u00e1s\u00bb, agregaron.<\/p>\n\n\n\n<p>Los funcionarios presentes en la reuni\u00f3n recordaron que unas 300 personas se capacitaron el a\u00f1o pasado, personas que trabajan diariamente con la ni\u00f1ez.  \u00abEl desaf\u00edo m\u00e1s grande es poder amalgamar todos los programas, poder potenciarlos a trav\u00e9s del pensamiento, la experiencia y el conocimiento de otros actores\u00bb, destac\u00f3 el Jefe Comunal. <\/p>\n\n\n\n<p><\/p>\n","protected":false},"excerpt":{"rendered":"<p>Referentes de SAPI se reunieron con el intendente de cara a la planificaci\u00f3n 2019. La Sociedad Argentina de Primera Infancia &#8230; <a title=\"La Sociedad Argentina de Primera Infancia planifica proyectos en Mercedes\" class=\"read-more\" href=\"https:\/\/www.hoymercedes.com.ar\/principal\/2019\/02\/28\/la-sociedad-argentina-de-primera-infancia-planifica-proyectos-en-mercedes\/\" aria-label=\"Leer m\u00e1s sobre La Sociedad Argentina de Primera Infancia planifica proyectos en Mercedes\">Leer m\u00e1s<\/a><\/p>\n","protected":false},"author":1,"featured_media":88778,"comment_status":"closed","ping_status":"open","sticky":false,"template":"","format":"standard","meta":{"_monsterinsights_skip_tracking":false,"_monsterinsights_sitenote_active":false,"_monsterinsights_sitenote_note":"","_monsterinsights_sitenote_category":0,"jetpack_post_was_ever_published":false,"_jetpack_newsletter_access":"","_jetpack_dont_email_post_to_subs":false,"_jetpack_newsletter_tier_id":0,"_jetpack_memberships_contains_paywalled_content":false,"_jetpack_memberships_contains_paid_content":false,"footnotes":"","jetpack_publicize_message":"","jetpack_publicize_feature_enabled":true,"jetpack_social_post_already_shared":true,"jetpack_social_options":{"image_generator_settings":{"template":"highway","default_image_id":0,"font":"","enabled":false},"version":2},"_wpas_customize_per_network":false},"categories":[30],"tags":[244,9197,11368,14564],"class_list":["post-88777","post","type-post","status-publish","format-standard","has-post-thumbnail","hentry","category-municipio","tag-municipio-2","tag-primera-infancia","tag-programa-mil-dias","tag-sapi","generate-columns","tablet-grid-50","mobile-grid-100","grid-parent","grid-50"],"jetpack_publicize_connections":[],"jetpack_featured_media_url":"https:\/\/www.hoymercedes.com.ar\/principal\/wp-content\/uploads\/2019\/02\/28-sapi-muni.jpg","wps_subtitle":"Salud para los primeros a\u00f1os","jetpack_sharing_enabled":true,"_links":{"self":[{"href":"https:\/\/www.hoymercedes.com.ar\/principal\/wp-json\/wp\/v2\/posts\/88777","targetHints":{"allow":["GET"]}}],"collection":[{"href":"https:\/\/www.hoymercedes.com.ar\/principal\/wp-json\/wp\/v2\/posts"}],"about":[{"href":"https:\/\/www.hoymercedes.com.ar\/principal\/wp-json\/wp\/v2\/types\/post"}],"author":[{"embeddable":true,"href":"https:\/\/www.hoymercedes.com.ar\/principal\/wp-json\/wp\/v2\/users\/1"}],"replies":[{"embeddable":true,"href":"https:\/\/www.hoymercedes.com.ar\/principal\/wp-json\/wp\/v2\/comments?post=88777"}],"version-history":[{"count":0,"href":"https:\/\/www.hoymercedes.com.ar\/principal\/wp-json\/wp\/v2\/posts\/88777\/revisions"}],"wp:featuredmedia":[{"embeddable":true,"href":"https:\/\/www.hoymercedes.com.ar\/principal\/wp-json\/wp\/v2\/media\/88778"}],"wp:attachment":[{"href":"https:\/\/www.hoymercedes.com.ar\/principal\/wp-json\/wp\/v2\/media?parent=88777"}],"wp:term":[{"taxonomy":"category","embeddable":true,"href":"https:\/\/www.hoymercedes.com.ar\/principal\/wp-json\/wp\/v2\/categories?post=88777"},{"taxonomy":"post_tag","embeddable":true,"href":"https:\/\/www.hoymercedes.com.ar\/principal\/wp-json\/wp\/v2\/tags?post=88777"}],"curies":[{"name":"wp","href":"https:\/\/api.w.org\/{rel}","templated":true}]}}