{"id":88780,"date":"2019-02-28T10:40:54","date_gmt":"2019-02-28T13:40:54","guid":{"rendered":"http:\/\/www.hoymercedes.com.ar\/principal\/?p=88780"},"modified":"2019-02-28T15:06:23","modified_gmt":"2019-02-28T18:06:23","slug":"en-jornadas-solidarias-pintan-clubes-y-escuelas","status":"publish","type":"post","link":"https:\/\/www.hoymercedes.com.ar\/principal\/2019\/02\/28\/en-jornadas-solidarias-pintan-clubes-y-escuelas\/","title":{"rendered":"En Jornadas Solidarias pintan clubes y escuelas"},"content":{"rendered":"\n<p>Desde la Coordinaci\u00f3n de Pol\u00edticas Juveniles se est\u00e1n llevando a cabo las jornadas solidarias \u201cSomos Juventud\u201d. El objetivo de reunir vecinos que tengan ganas de realizar trabajos de manera solidaria en espacios p\u00fablicos y establecimientos educativos. En esta oportunidad se efectuaron labores de pintura en el Jard\u00edn de Infantes 910 antes del inicio de clases.<\/p>\n\n\n\n<figure class=\"wp-block-image\"><img loading=\"lazy\" decoding=\"async\" width=\"718\" height=\"478\" data-attachment-id=\"88781\" data-permalink=\"https:\/\/www.hoymercedes.com.ar\/principal\/2019\/02\/28\/en-jornadas-solidarias-pintan-clubes-y-escuelas\/28-juventud-a\/#main\" data-orig-file=\"https:\/\/www.hoymercedes.com.ar\/principal\/wp-content\/uploads\/2019\/02\/28-JUVENTUD-A.jpg\" data-orig-size=\"718,478\" data-comments-opened=\"0\" data-image-meta=\"{&quot;aperture&quot;:&quot;0&quot;,&quot;credit&quot;:&quot;&quot;,&quot;camera&quot;:&quot;&quot;,&quot;caption&quot;:&quot;&quot;,&quot;created_timestamp&quot;:&quot;0&quot;,&quot;copyright&quot;:&quot;&quot;,&quot;focal_length&quot;:&quot;0&quot;,&quot;iso&quot;:&quot;0&quot;,&quot;shutter_speed&quot;:&quot;0&quot;,&quot;title&quot;:&quot;&quot;,&quot;orientation&quot;:&quot;0&quot;}\" data-image-title=\"28 JUVENTUD-A\" data-image-description=\"\" data-image-caption=\"\" data-large-file=\"https:\/\/www.hoymercedes.com.ar\/principal\/wp-content\/uploads\/2019\/02\/28-JUVENTUD-A.jpg\" src=\"https:\/\/www.hoymercedes.com.ar\/principal\/wp-content\/uploads\/2019\/02\/28-JUVENTUD-A.jpg\" alt=\"\" class=\"wp-image-88781\" srcset=\"https:\/\/www.hoymercedes.com.ar\/principal\/wp-content\/uploads\/2019\/02\/28-JUVENTUD-A.jpg 718w, https:\/\/www.hoymercedes.com.ar\/principal\/wp-content\/uploads\/2019\/02\/28-JUVENTUD-A-150x100.jpg 150w, https:\/\/www.hoymercedes.com.ar\/principal\/wp-content\/uploads\/2019\/02\/28-JUVENTUD-A-630x419.jpg 630w, https:\/\/www.hoymercedes.com.ar\/principal\/wp-content\/uploads\/2019\/02\/28-JUVENTUD-A-360x240.jpg 360w\" sizes=\"auto, (max-width: 718px) 100vw, 718px\" \/><\/figure>\n\n\n\n<p>Eugenia C\u00f3dega, Coordinadora de Pol\u00edticas Juveniles municipales cont\u00f3 que pintaron el patio del Jard\u00edn de Infantes y agradeci\u00f3 a quienes participaron del a jornada, as\u00ed como al equipo directivo, docentes, y al Consejo Escolar. <\/p>\n\n\n\n<p>\u201cSe trata trabajar mancomunadamente. El martes \u00e9ramos m\u00e1s de 30 j\u00f3venes en el establecimiento educativo compartiendo una gran tarde de trabajo. Me parece que es una gran manera de apoyar a la educaci\u00f3n p\u00fablica como Estado Municipal\u201d dijo C\u00f3dega y adelant\u00f3 que tambi\u00e9n pintar\u00e1n clubes y espacios verdes \u00abpromoviendo el esp\u00edritu solidario, el compromiso con la comunidad y con el otro\u201d.  <\/p>\n\n\n\n<p>Finalmente, la funcionaria invit\u00f3 a todos los j\u00f3venes y a todas aquellas personas que se quieran sumar a estas actividades acerc\u00e1ndose en la Coordinaci\u00f3n de Juventud, ubicada en el Instituto Unzu\u00e9. <\/p>\n\n\n\n<figure class=\"wp-block-image\"><img loading=\"lazy\" decoding=\"async\" width=\"718\" height=\"478\" data-attachment-id=\"88782\" data-permalink=\"https:\/\/www.hoymercedes.com.ar\/principal\/2019\/02\/28\/en-jornadas-solidarias-pintan-clubes-y-escuelas\/28-juventud-r\/#main\" data-orig-file=\"https:\/\/www.hoymercedes.com.ar\/principal\/wp-content\/uploads\/2019\/02\/28-JUVENTUD-R.jpg\" data-orig-size=\"718,478\" data-comments-opened=\"0\" data-image-meta=\"{&quot;aperture&quot;:&quot;0&quot;,&quot;credit&quot;:&quot;&quot;,&quot;camera&quot;:&quot;&quot;,&quot;caption&quot;:&quot;&quot;,&quot;created_timestamp&quot;:&quot;0&quot;,&quot;copyright&quot;:&quot;&quot;,&quot;focal_length&quot;:&quot;0&quot;,&quot;iso&quot;:&quot;0&quot;,&quot;shutter_speed&quot;:&quot;0&quot;,&quot;title&quot;:&quot;&quot;,&quot;orientation&quot;:&quot;0&quot;}\" data-image-title=\"28 JUVENTUD-R\" data-image-description=\"\" data-image-caption=\"\" data-large-file=\"https:\/\/www.hoymercedes.com.ar\/principal\/wp-content\/uploads\/2019\/02\/28-JUVENTUD-R.jpg\" src=\"https:\/\/www.hoymercedes.com.ar\/principal\/wp-content\/uploads\/2019\/02\/28-JUVENTUD-R.jpg\" alt=\"\" class=\"wp-image-88782\" srcset=\"https:\/\/www.hoymercedes.com.ar\/principal\/wp-content\/uploads\/2019\/02\/28-JUVENTUD-R.jpg 718w, https:\/\/www.hoymercedes.com.ar\/principal\/wp-content\/uploads\/2019\/02\/28-JUVENTUD-R-150x100.jpg 150w, https:\/\/www.hoymercedes.com.ar\/principal\/wp-content\/uploads\/2019\/02\/28-JUVENTUD-R-630x419.jpg 630w, https:\/\/www.hoymercedes.com.ar\/principal\/wp-content\/uploads\/2019\/02\/28-JUVENTUD-R-360x240.jpg 360w\" sizes=\"auto, (max-width: 718px) 100vw, 718px\" \/><\/figure>\n","protected":false},"excerpt":{"rendered":"<p>Desde la Coordinaci\u00f3n de Pol\u00edticas Juveniles se est\u00e1n llevando a cabo las jornadas solidarias \u201cSomos Juventud\u201d. El objetivo de reunir &#8230; <a title=\"En Jornadas Solidarias pintan clubes y escuelas\" class=\"read-more\" href=\"https:\/\/www.hoymercedes.com.ar\/principal\/2019\/02\/28\/en-jornadas-solidarias-pintan-clubes-y-escuelas\/\" aria-label=\"Leer m\u00e1s sobre En Jornadas Solidarias pintan clubes y escuelas\">Leer m\u00e1s<\/a><\/p>\n","protected":false},"author":1,"featured_media":88782,"comment_status":"closed","ping_status":"open","sticky":false,"template":"","format":"standard","meta":{"_monsterinsights_skip_tracking":false,"_monsterinsights_sitenote_active":false,"_monsterinsights_sitenote_note":"","_monsterinsights_sitenote_category":0,"jetpack_post_was_ever_published":false,"_jetpack_newsletter_access":"","_jetpack_dont_email_post_to_subs":false,"_jetpack_newsletter_tier_id":0,"_jetpack_memberships_contains_paywalled_content":false,"_jetpack_memberships_contains_paid_content":false,"footnotes":"","jetpack_publicize_message":"","jetpack_publicize_feature_enabled":true,"jetpack_social_post_already_shared":true,"jetpack_social_options":{"image_generator_settings":{"template":"highway","default_image_id":0,"font":"","enabled":false},"version":2},"_wpas_customize_per_network":false},"categories":[30],"tags":[2252,244,3361],"class_list":["post-88780","post","type-post","status-publish","format-standard","has-post-thumbnail","hentry","category-municipio","tag-juventud","tag-municipio-2","tag-solidaridad","generate-columns","tablet-grid-50","mobile-grid-100","grid-parent","grid-50"],"jetpack_publicize_connections":[],"jetpack_featured_media_url":"https:\/\/www.hoymercedes.com.ar\/principal\/wp-content\/uploads\/2019\/02\/28-JUVENTUD-R.jpg","wps_subtitle":"Pol\u00edticas Juveniles","jetpack_sharing_enabled":true,"_links":{"self":[{"href":"https:\/\/www.hoymercedes.com.ar\/principal\/wp-json\/wp\/v2\/posts\/88780","targetHints":{"allow":["GET"]}}],"collection":[{"href":"https:\/\/www.hoymercedes.com.ar\/principal\/wp-json\/wp\/v2\/posts"}],"about":[{"href":"https:\/\/www.hoymercedes.com.ar\/principal\/wp-json\/wp\/v2\/types\/post"}],"author":[{"embeddable":true,"href":"https:\/\/www.hoymercedes.com.ar\/principal\/wp-json\/wp\/v2\/users\/1"}],"replies":[{"embeddable":true,"href":"https:\/\/www.hoymercedes.com.ar\/principal\/wp-json\/wp\/v2\/comments?post=88780"}],"version-history":[{"count":0,"href":"https:\/\/www.hoymercedes.com.ar\/principal\/wp-json\/wp\/v2\/posts\/88780\/revisions"}],"wp:featuredmedia":[{"embeddable":true,"href":"https:\/\/www.hoymercedes.com.ar\/principal\/wp-json\/wp\/v2\/media\/88782"}],"wp:attachment":[{"href":"https:\/\/www.hoymercedes.com.ar\/principal\/wp-json\/wp\/v2\/media?parent=88780"}],"wp:term":[{"taxonomy":"category","embeddable":true,"href":"https:\/\/www.hoymercedes.com.ar\/principal\/wp-json\/wp\/v2\/categories?post=88780"},{"taxonomy":"post_tag","embeddable":true,"href":"https:\/\/www.hoymercedes.com.ar\/principal\/wp-json\/wp\/v2\/tags?post=88780"}],"curies":[{"name":"wp","href":"https:\/\/api.w.org\/{rel}","templated":true}]}}