{"id":88794,"date":"2019-02-28T16:10:10","date_gmt":"2019-02-28T19:10:10","guid":{"rendered":"http:\/\/www.hoymercedes.com.ar\/principal\/?p=88794"},"modified":"2019-02-28T16:17:18","modified_gmt":"2019-02-28T19:17:18","slug":"clausuran-preventivamente-aulas-y-laboratorios-de-la-tecnica-n-2","status":"publish","type":"post","link":"https:\/\/www.hoymercedes.com.ar\/principal\/2019\/02\/28\/clausuran-preventivamente-aulas-y-laboratorios-de-la-tecnica-n-2\/","title":{"rendered":"Clausuran preventivamente aulas y laboratorios de la T\u00e9cnica N\u00b0 2"},"content":{"rendered":"\n<p>Desde el Consejo Escolar de Mercedes y el \u00e1rea de Infraestructura Escolar de\nla Provincia decidieron clausurar dos aulas y dos laboratorios en la Escuela de\nEducaci\u00f3n T\u00e9cnica N\u00b0 2 de Gowland. Los cierres de las aulas se hacen de manera\npreventiva hasta que el informe arquitect\u00f3nico determine si existe riesgo o no\nen el edificio. <\/p>\n\n\n\n<figure class=\"wp-block-image\"><img loading=\"lazy\" decoding=\"async\" width=\"750\" height=\"500\" data-attachment-id=\"88796\" data-permalink=\"https:\/\/www.hoymercedes.com.ar\/principal\/2019\/02\/28\/clausuran-preventivamente-aulas-y-laboratorios-de-la-tecnica-n-2\/28-tecnica-2-4\/#main\" data-orig-file=\"https:\/\/www.hoymercedes.com.ar\/principal\/wp-content\/uploads\/2019\/02\/28-tecnica-2-4.jpg\" data-orig-size=\"750,500\" data-comments-opened=\"0\" data-image-meta=\"{&quot;aperture&quot;:&quot;0&quot;,&quot;credit&quot;:&quot;&quot;,&quot;camera&quot;:&quot;&quot;,&quot;caption&quot;:&quot;&quot;,&quot;created_timestamp&quot;:&quot;0&quot;,&quot;copyright&quot;:&quot;&quot;,&quot;focal_length&quot;:&quot;0&quot;,&quot;iso&quot;:&quot;0&quot;,&quot;shutter_speed&quot;:&quot;0&quot;,&quot;title&quot;:&quot;&quot;,&quot;orientation&quot;:&quot;0&quot;}\" data-image-title=\"28 tecnica 2 4\" data-image-description=\"\" data-image-caption=\"\" data-large-file=\"https:\/\/www.hoymercedes.com.ar\/principal\/wp-content\/uploads\/2019\/02\/28-tecnica-2-4.jpg\" src=\"https:\/\/www.hoymercedes.com.ar\/principal\/wp-content\/uploads\/2019\/02\/28-tecnica-2-4.jpg\" alt=\"\" class=\"wp-image-88796\" srcset=\"https:\/\/www.hoymercedes.com.ar\/principal\/wp-content\/uploads\/2019\/02\/28-tecnica-2-4.jpg 750w, https:\/\/www.hoymercedes.com.ar\/principal\/wp-content\/uploads\/2019\/02\/28-tecnica-2-4-150x100.jpg 150w, https:\/\/www.hoymercedes.com.ar\/principal\/wp-content\/uploads\/2019\/02\/28-tecnica-2-4-630x420.jpg 630w, https:\/\/www.hoymercedes.com.ar\/principal\/wp-content\/uploads\/2019\/02\/28-tecnica-2-4-720x480.jpg 720w, https:\/\/www.hoymercedes.com.ar\/principal\/wp-content\/uploads\/2019\/02\/28-tecnica-2-4-360x240.jpg 360w\" sizes=\"auto, (max-width: 750px) 100vw, 750px\" \/><\/figure>\n\n\n\n<p>El edificio de la escuela T\u00e9cnica N\u00b0 2 de la localidad rural de Gowland fue\ninaugurado hace cerca de diez a\u00f1os. No obstante, desde el a\u00f1o pasado sus\nalumnos y docentes vienen advirtiendo a la comunidad las fisuras y\nproblem\u00e1ticas que aparecieron en sus paredes y techos. <\/p>\n\n\n\n<p>En una de las visitas realizadas a la instituci\u00f3n de parte de Departamento\nde Infraestructura de la provincia hab\u00eda notado \u201cmovimientos l\u00f3gicos de las\nconstrucciones\u201d en la construcci\u00f3n del edificio. M\u00e1s exactamente, en dos\nlaboratorios, en un sal\u00f3n de clases de la planta alta y en otro de la planta\nbaja. <\/p>\n\n\n\n<p>Esto motiv\u00f3 clausurar, de manera preventiva, las tres salas de la planta alta hasta hacer un estudio espec\u00edfico para determinar el grado de riesgo. \u201cTienen que venir de La Plata para hacer otros estudios. Vendr\u00edan el viernes a evaluar la estructura. El inspector epxlicaba que hab\u00eda movimientos l\u00f3gicos, pero lo que vio escapaba a lo l\u00f3gico esperable. No hay peligro de derrumbe, todo lo que se puede usar por los docentes y los alumnos, est\u00e1 seguro. Pero sobre estos lugares hab\u00eda que tomar medidas\u201d, explic\u00f3 Ana Darritchon titular del Consejo Escolar al confirmar una informaci\u00f3n que circul\u00f3 durante la semana. <\/p>\n\n\n\n<figure class=\"wp-block-image\"><img loading=\"lazy\" decoding=\"async\" width=\"750\" height=\"500\" data-attachment-id=\"88797\" data-permalink=\"https:\/\/www.hoymercedes.com.ar\/principal\/2019\/02\/28\/clausuran-preventivamente-aulas-y-laboratorios-de-la-tecnica-n-2\/28-tecnica-2-5\/#main\" data-orig-file=\"https:\/\/www.hoymercedes.com.ar\/principal\/wp-content\/uploads\/2019\/02\/28-tecnica-2-5.jpg\" data-orig-size=\"750,500\" data-comments-opened=\"0\" data-image-meta=\"{&quot;aperture&quot;:&quot;0&quot;,&quot;credit&quot;:&quot;&quot;,&quot;camera&quot;:&quot;&quot;,&quot;caption&quot;:&quot;&quot;,&quot;created_timestamp&quot;:&quot;0&quot;,&quot;copyright&quot;:&quot;&quot;,&quot;focal_length&quot;:&quot;0&quot;,&quot;iso&quot;:&quot;0&quot;,&quot;shutter_speed&quot;:&quot;0&quot;,&quot;title&quot;:&quot;&quot;,&quot;orientation&quot;:&quot;0&quot;}\" data-image-title=\"28 tecnica 2 5\" data-image-description=\"\" data-image-caption=\"\" data-large-file=\"https:\/\/www.hoymercedes.com.ar\/principal\/wp-content\/uploads\/2019\/02\/28-tecnica-2-5.jpg\" src=\"https:\/\/www.hoymercedes.com.ar\/principal\/wp-content\/uploads\/2019\/02\/28-tecnica-2-5.jpg\" alt=\"\" class=\"wp-image-88797\" srcset=\"https:\/\/www.hoymercedes.com.ar\/principal\/wp-content\/uploads\/2019\/02\/28-tecnica-2-5.jpg 750w, https:\/\/www.hoymercedes.com.ar\/principal\/wp-content\/uploads\/2019\/02\/28-tecnica-2-5-150x100.jpg 150w, https:\/\/www.hoymercedes.com.ar\/principal\/wp-content\/uploads\/2019\/02\/28-tecnica-2-5-630x420.jpg 630w, https:\/\/www.hoymercedes.com.ar\/principal\/wp-content\/uploads\/2019\/02\/28-tecnica-2-5-720x480.jpg 720w, https:\/\/www.hoymercedes.com.ar\/principal\/wp-content\/uploads\/2019\/02\/28-tecnica-2-5-360x240.jpg 360w\" sizes=\"auto, (max-width: 750px) 100vw, 750px\" \/><\/figure>\n\n\n\n<p>Mientras el cuarto, el sal\u00f3n de sexto a\u00f1o en la Plata Baja, se cerr\u00f3 para hacer\narreglos en las ventanas antes del inicio de clases del nivel secundario\nprevisto para el d\u00eda 11 de marzo. \u201cEn el sal\u00f3n de abajo hay que cambiar los\nvidrios y hacer una reparaci\u00f3n de ventana. Para el 6 estar\u00e1 disponible, aunque\nen la escuela T\u00e9cnica solo primer a\u00f1o empieza el mi\u00e9rcoles pr\u00f3ximo\u201d, explic\u00f3 la\npresidenta del Consejo Escolar. <\/p>\n\n\n\n<p>Asimismo, Darritchon asegur\u00f3 que la redistribuci\u00f3n de las actividades en cada uno de los salones lo determina el equipo directivo. \u201cLe pedimos a la directora que nos informe si los espacios dentro de la escuela no les alcanzaba, para encontrar otros por fuera, pero, por ahora hay una reestructuraci\u00f3n interna. Mientras tanto esperamos una nueva inspecci\u00f3n edilicia para saber qu\u00e9 trabajos hay que hacer y cu\u00e1nto tardar\u00e1n\u201d, agreg\u00f3 la titular del Consejo en el marco de una conferencia de prensa para hablar sobre distintos temas relacionados con educaci\u00f3n dentro del distrito de Mercedes. <\/p>\n\n\n\n<p>Por Hoy Mercedes<\/p>\n\n\n\n<figure class=\"wp-block-image\"><img loading=\"lazy\" decoding=\"async\" width=\"1024\" height=\"768\" data-attachment-id=\"88795\" data-permalink=\"https:\/\/www.hoymercedes.com.ar\/principal\/2019\/02\/28\/clausuran-preventivamente-aulas-y-laboratorios-de-la-tecnica-n-2\/28-tecnica-2-1\/#main\" data-orig-file=\"https:\/\/www.hoymercedes.com.ar\/principal\/wp-content\/uploads\/2019\/02\/28-tecnica-2-1.jpg\" data-orig-size=\"1152,864\" data-comments-opened=\"0\" data-image-meta=\"{&quot;aperture&quot;:&quot;0&quot;,&quot;credit&quot;:&quot;&quot;,&quot;camera&quot;:&quot;&quot;,&quot;caption&quot;:&quot;&quot;,&quot;created_timestamp&quot;:&quot;0&quot;,&quot;copyright&quot;:&quot;&quot;,&quot;focal_length&quot;:&quot;0&quot;,&quot;iso&quot;:&quot;0&quot;,&quot;shutter_speed&quot;:&quot;0&quot;,&quot;title&quot;:&quot;&quot;,&quot;orientation&quot;:&quot;0&quot;}\" data-image-title=\"28 tecnica 2 1\" data-image-description=\"\" data-image-caption=\"\" data-large-file=\"https:\/\/www.hoymercedes.com.ar\/principal\/wp-content\/uploads\/2019\/02\/28-tecnica-2-1-1024x768.jpg\" src=\"https:\/\/www.hoymercedes.com.ar\/principal\/wp-content\/uploads\/2019\/02\/28-tecnica-2-1-1024x768.jpg\" alt=\"\" class=\"wp-image-88795\" srcset=\"https:\/\/www.hoymercedes.com.ar\/principal\/wp-content\/uploads\/2019\/02\/28-tecnica-2-1-1024x768.jpg 1024w, https:\/\/www.hoymercedes.com.ar\/principal\/wp-content\/uploads\/2019\/02\/28-tecnica-2-1-150x113.jpg 150w, https:\/\/www.hoymercedes.com.ar\/principal\/wp-content\/uploads\/2019\/02\/28-tecnica-2-1-630x473.jpg 630w, https:\/\/www.hoymercedes.com.ar\/principal\/wp-content\/uploads\/2019\/02\/28-tecnica-2-1-320x240.jpg 320w, https:\/\/www.hoymercedes.com.ar\/principal\/wp-content\/uploads\/2019\/02\/28-tecnica-2-1-100x75.jpg 100w, https:\/\/www.hoymercedes.com.ar\/principal\/wp-content\/uploads\/2019\/02\/28-tecnica-2-1.jpg 1152w\" sizes=\"auto, (max-width: 1024px) 100vw, 1024px\" \/><\/figure>\n","protected":false},"excerpt":{"rendered":"<p>Desde el Consejo Escolar de Mercedes y el \u00e1rea de Infraestructura Escolar de la Provincia decidieron clausurar dos aulas y &#8230; <a title=\"Clausuran preventivamente aulas y laboratorios de la T\u00e9cnica N\u00b0 2\" class=\"read-more\" href=\"https:\/\/www.hoymercedes.com.ar\/principal\/2019\/02\/28\/clausuran-preventivamente-aulas-y-laboratorios-de-la-tecnica-n-2\/\" aria-label=\"Leer m\u00e1s sobre Clausuran preventivamente aulas y laboratorios de la T\u00e9cnica N\u00b0 2\">Leer m\u00e1s<\/a><\/p>\n","protected":false},"author":1,"featured_media":88795,"comment_status":"closed","ping_status":"open","sticky":false,"template":"","format":"standard","meta":{"_monsterinsights_skip_tracking":false,"_monsterinsights_sitenote_active":false,"_monsterinsights_sitenote_note":"","_monsterinsights_sitenote_category":0,"jetpack_post_was_ever_published":false,"_jetpack_newsletter_access":"","_jetpack_dont_email_post_to_subs":false,"_jetpack_newsletter_tier_id":0,"_jetpack_memberships_contains_paywalled_content":false,"_jetpack_memberships_contains_paid_content":false,"footnotes":"","jetpack_publicize_message":"","jetpack_publicize_feature_enabled":true,"jetpack_social_post_already_shared":true,"jetpack_social_options":{"image_generator_settings":{"template":"highway","default_image_id":0,"font":"","enabled":false},"version":2},"_wpas_customize_per_network":false},"categories":[23],"tags":[14265,12933,875,5597],"class_list":["post-88794","post","type-post","status-publish","format-standard","has-post-thumbnail","hentry","category-educacion","tag-educacion","tag-escuela-tecnica-n-2","tag-gowland","tag-infraestructura","generate-columns","tablet-grid-50","mobile-grid-100","grid-parent","grid-50"],"jetpack_publicize_connections":[],"jetpack_featured_media_url":"https:\/\/www.hoymercedes.com.ar\/principal\/wp-content\/uploads\/2019\/02\/28-tecnica-2-1.jpg","wps_subtitle":"Por fisuras en la construcci\u00f3n","jetpack_sharing_enabled":true,"_links":{"self":[{"href":"https:\/\/www.hoymercedes.com.ar\/principal\/wp-json\/wp\/v2\/posts\/88794","targetHints":{"allow":["GET"]}}],"collection":[{"href":"https:\/\/www.hoymercedes.com.ar\/principal\/wp-json\/wp\/v2\/posts"}],"about":[{"href":"https:\/\/www.hoymercedes.com.ar\/principal\/wp-json\/wp\/v2\/types\/post"}],"author":[{"embeddable":true,"href":"https:\/\/www.hoymercedes.com.ar\/principal\/wp-json\/wp\/v2\/users\/1"}],"replies":[{"embeddable":true,"href":"https:\/\/www.hoymercedes.com.ar\/principal\/wp-json\/wp\/v2\/comments?post=88794"}],"version-history":[{"count":0,"href":"https:\/\/www.hoymercedes.com.ar\/principal\/wp-json\/wp\/v2\/posts\/88794\/revisions"}],"wp:featuredmedia":[{"embeddable":true,"href":"https:\/\/www.hoymercedes.com.ar\/principal\/wp-json\/wp\/v2\/media\/88795"}],"wp:attachment":[{"href":"https:\/\/www.hoymercedes.com.ar\/principal\/wp-json\/wp\/v2\/media?parent=88794"}],"wp:term":[{"taxonomy":"category","embeddable":true,"href":"https:\/\/www.hoymercedes.com.ar\/principal\/wp-json\/wp\/v2\/categories?post=88794"},{"taxonomy":"post_tag","embeddable":true,"href":"https:\/\/www.hoymercedes.com.ar\/principal\/wp-json\/wp\/v2\/tags?post=88794"}],"curies":[{"name":"wp","href":"https:\/\/api.w.org\/{rel}","templated":true}]}}