{"id":88811,"date":"2019-03-01T11:38:55","date_gmt":"2019-03-01T14:38:55","guid":{"rendered":"http:\/\/www.hoymercedes.com.ar\/principal\/?p=88811"},"modified":"2019-02-28T18:51:55","modified_gmt":"2019-02-28T21:51:55","slug":"en-sitas-de-el-palomar-se-perfecciono-el-patin-de-club-mercedes","status":"publish","type":"post","link":"https:\/\/www.hoymercedes.com.ar\/principal\/2019\/03\/01\/en-sitas-de-el-palomar-se-perfecciono-el-patin-de-club-mercedes\/","title":{"rendered":"En SITAS de El Palomar, se perfeccion\u00f3 el Pat\u00edn de Club Mercedes"},"content":{"rendered":"\n<p>Las t\u00e9cnicas nacionales Mar\u00eda Laura Brunello y Ernestina Guichonet, junto a algunas de sus alumnas federadas por el Club Mercedes, participaron de la capacitaci\u00f3n del Rollar, dictada por el juez y \u00e1rbitro internacional Carlos Gomez D\u00edaz.<\/p>\n\n\n\n<figure class=\"wp-block-image\"><img loading=\"lazy\" decoding=\"async\" width=\"1024\" height=\"767\" data-attachment-id=\"88812\" data-permalink=\"https:\/\/www.hoymercedes.com.ar\/principal\/2019\/03\/01\/en-sitas-de-el-palomar-se-perfecciono-el-patin-de-club-mercedes\/53020125_2280956352177298_3589308794946977792_n\/#main\" data-orig-file=\"https:\/\/www.hoymercedes.com.ar\/principal\/wp-content\/uploads\/2019\/02\/53020125_2280956352177298_3589308794946977792_n.jpg\" data-orig-size=\"1440,1079\" data-comments-opened=\"0\" data-image-meta=\"{&quot;aperture&quot;:&quot;0&quot;,&quot;credit&quot;:&quot;&quot;,&quot;camera&quot;:&quot;&quot;,&quot;caption&quot;:&quot;&quot;,&quot;created_timestamp&quot;:&quot;0&quot;,&quot;copyright&quot;:&quot;&quot;,&quot;focal_length&quot;:&quot;0&quot;,&quot;iso&quot;:&quot;0&quot;,&quot;shutter_speed&quot;:&quot;0&quot;,&quot;title&quot;:&quot;&quot;,&quot;orientation&quot;:&quot;0&quot;}\" data-image-title=\"53020125_2280956352177298_3589308794946977792_n\" data-image-description=\"\" data-image-caption=\"\" data-large-file=\"https:\/\/www.hoymercedes.com.ar\/principal\/wp-content\/uploads\/2019\/02\/53020125_2280956352177298_3589308794946977792_n-1024x767.jpg\" src=\"https:\/\/www.hoymercedes.com.ar\/principal\/wp-content\/uploads\/2019\/02\/53020125_2280956352177298_3589308794946977792_n-1024x767.jpg\" alt=\"\" class=\"wp-image-88812\" srcset=\"https:\/\/www.hoymercedes.com.ar\/principal\/wp-content\/uploads\/2019\/02\/53020125_2280956352177298_3589308794946977792_n-1024x767.jpg 1024w, https:\/\/www.hoymercedes.com.ar\/principal\/wp-content\/uploads\/2019\/02\/53020125_2280956352177298_3589308794946977792_n-150x112.jpg 150w, https:\/\/www.hoymercedes.com.ar\/principal\/wp-content\/uploads\/2019\/02\/53020125_2280956352177298_3589308794946977792_n-630x472.jpg 630w, https:\/\/www.hoymercedes.com.ar\/principal\/wp-content\/uploads\/2019\/02\/53020125_2280956352177298_3589308794946977792_n-320x240.jpg 320w, https:\/\/www.hoymercedes.com.ar\/principal\/wp-content\/uploads\/2019\/02\/53020125_2280956352177298_3589308794946977792_n-100x75.jpg 100w, https:\/\/www.hoymercedes.com.ar\/principal\/wp-content\/uploads\/2019\/02\/53020125_2280956352177298_3589308794946977792_n.jpg 1440w\" sizes=\"auto, (max-width: 1024px) 100vw, 1024px\" \/><\/figure>\n\n\n\n<p>En este caso, Lola Montenegro, Catalina Ocampo, Serena Silva Pasos, Camila Capurro, Luc\u00eda \u00c1lvarez, Delfina Ricca, Celina Mateuchi, Malena, Martina  y Abril Marcos y Luc\u00eda Andr\u00e9s, participaron de una jornada de perfeccionamiento donde el punto de encuentro fue el club SITAS de El Palomar organizado por la Federaci\u00f3n Porte\u00f1a de Pat\u00edn, dirigido a los t\u00e9cnicos de la Liga CIEPA.  <\/p>\n\n\n\n<figure class=\"wp-block-image\"><img loading=\"lazy\" decoding=\"async\" width=\"1024\" height=\"768\" data-attachment-id=\"88813\" data-permalink=\"https:\/\/www.hoymercedes.com.ar\/principal\/2019\/03\/01\/en-sitas-de-el-palomar-se-perfecciono-el-patin-de-club-mercedes\/53117685_266534747580760_5961956580181147648_n\/#main\" data-orig-file=\"https:\/\/www.hoymercedes.com.ar\/principal\/wp-content\/uploads\/2019\/02\/53117685_266534747580760_5961956580181147648_n.jpg\" data-orig-size=\"1440,1080\" data-comments-opened=\"0\" data-image-meta=\"{&quot;aperture&quot;:&quot;0&quot;,&quot;credit&quot;:&quot;&quot;,&quot;camera&quot;:&quot;&quot;,&quot;caption&quot;:&quot;&quot;,&quot;created_timestamp&quot;:&quot;0&quot;,&quot;copyright&quot;:&quot;&quot;,&quot;focal_length&quot;:&quot;0&quot;,&quot;iso&quot;:&quot;0&quot;,&quot;shutter_speed&quot;:&quot;0&quot;,&quot;title&quot;:&quot;&quot;,&quot;orientation&quot;:&quot;0&quot;}\" data-image-title=\"53117685_266534747580760_5961956580181147648_n\" data-image-description=\"\" data-image-caption=\"\" data-large-file=\"https:\/\/www.hoymercedes.com.ar\/principal\/wp-content\/uploads\/2019\/02\/53117685_266534747580760_5961956580181147648_n-1024x768.jpg\" src=\"https:\/\/www.hoymercedes.com.ar\/principal\/wp-content\/uploads\/2019\/02\/53117685_266534747580760_5961956580181147648_n-1024x768.jpg\" alt=\"\" class=\"wp-image-88813\" srcset=\"https:\/\/www.hoymercedes.com.ar\/principal\/wp-content\/uploads\/2019\/02\/53117685_266534747580760_5961956580181147648_n-1024x768.jpg 1024w, https:\/\/www.hoymercedes.com.ar\/principal\/wp-content\/uploads\/2019\/02\/53117685_266534747580760_5961956580181147648_n-150x113.jpg 150w, https:\/\/www.hoymercedes.com.ar\/principal\/wp-content\/uploads\/2019\/02\/53117685_266534747580760_5961956580181147648_n-630x473.jpg 630w, https:\/\/www.hoymercedes.com.ar\/principal\/wp-content\/uploads\/2019\/02\/53117685_266534747580760_5961956580181147648_n-320x240.jpg 320w, https:\/\/www.hoymercedes.com.ar\/principal\/wp-content\/uploads\/2019\/02\/53117685_266534747580760_5961956580181147648_n-100x75.jpg 100w, https:\/\/www.hoymercedes.com.ar\/principal\/wp-content\/uploads\/2019\/02\/53117685_266534747580760_5961956580181147648_n.jpg 1440w\" sizes=\"auto, (max-width: 1024px) 100vw, 1024px\" \/><\/figure>\n\n\n\n<p>Las peque\u00f1as se preparan para enfrentar un nuevo a\u00f1o y nuevos objetivos. <\/p>\n","protected":false},"excerpt":{"rendered":"<p>Las t\u00e9cnicas nacionales Mar\u00eda Laura Brunello y Ernestina Guichonet, junto a algunas de sus alumnas federadas por el Club Mercedes, &#8230; <a title=\"En SITAS de El Palomar, se perfeccion\u00f3 el Pat\u00edn de Club Mercedes\" class=\"read-more\" href=\"https:\/\/www.hoymercedes.com.ar\/principal\/2019\/03\/01\/en-sitas-de-el-palomar-se-perfecciono-el-patin-de-club-mercedes\/\" aria-label=\"Leer m\u00e1s sobre En SITAS de El Palomar, se perfeccion\u00f3 el Pat\u00edn de Club Mercedes\">Leer m\u00e1s<\/a><\/p>\n","protected":false},"author":1,"featured_media":88812,"comment_status":"closed","ping_status":"open","sticky":false,"template":"","format":"standard","meta":{"_monsterinsights_skip_tracking":false,"_monsterinsights_sitenote_active":false,"_monsterinsights_sitenote_note":"","_monsterinsights_sitenote_category":0,"jetpack_post_was_ever_published":false,"_jetpack_newsletter_access":"","_jetpack_dont_email_post_to_subs":false,"_jetpack_newsletter_tier_id":0,"_jetpack_memberships_contains_paywalled_content":false,"_jetpack_memberships_contains_paid_content":false,"footnotes":"","jetpack_publicize_message":"","jetpack_publicize_feature_enabled":true,"jetpack_social_post_already_shared":true,"jetpack_social_options":{"image_generator_settings":{"template":"highway","default_image_id":0,"font":"","enabled":false},"version":2},"_wpas_customize_per_network":false},"categories":[21],"tags":[14569,14567,9183,14568],"class_list":["post-88811","post","type-post","status-publish","format-standard","has-post-thumbnail","hentry","category-deportes","tag-el-palomar","tag-federacion-portena-patin","tag-patin-artistico","tag-sitas","generate-columns","tablet-grid-50","mobile-grid-100","grid-parent","grid-50"],"jetpack_publicize_connections":[],"jetpack_featured_media_url":"https:\/\/www.hoymercedes.com.ar\/principal\/wp-content\/uploads\/2019\/02\/53020125_2280956352177298_3589308794946977792_n.jpg","wps_subtitle":"Pat\u00edn Art\u00edstico","jetpack_sharing_enabled":true,"_links":{"self":[{"href":"https:\/\/www.hoymercedes.com.ar\/principal\/wp-json\/wp\/v2\/posts\/88811","targetHints":{"allow":["GET"]}}],"collection":[{"href":"https:\/\/www.hoymercedes.com.ar\/principal\/wp-json\/wp\/v2\/posts"}],"about":[{"href":"https:\/\/www.hoymercedes.com.ar\/principal\/wp-json\/wp\/v2\/types\/post"}],"author":[{"embeddable":true,"href":"https:\/\/www.hoymercedes.com.ar\/principal\/wp-json\/wp\/v2\/users\/1"}],"replies":[{"embeddable":true,"href":"https:\/\/www.hoymercedes.com.ar\/principal\/wp-json\/wp\/v2\/comments?post=88811"}],"version-history":[{"count":0,"href":"https:\/\/www.hoymercedes.com.ar\/principal\/wp-json\/wp\/v2\/posts\/88811\/revisions"}],"wp:featuredmedia":[{"embeddable":true,"href":"https:\/\/www.hoymercedes.com.ar\/principal\/wp-json\/wp\/v2\/media\/88812"}],"wp:attachment":[{"href":"https:\/\/www.hoymercedes.com.ar\/principal\/wp-json\/wp\/v2\/media?parent=88811"}],"wp:term":[{"taxonomy":"category","embeddable":true,"href":"https:\/\/www.hoymercedes.com.ar\/principal\/wp-json\/wp\/v2\/categories?post=88811"},{"taxonomy":"post_tag","embeddable":true,"href":"https:\/\/www.hoymercedes.com.ar\/principal\/wp-json\/wp\/v2\/tags?post=88811"}],"curies":[{"name":"wp","href":"https:\/\/api.w.org\/{rel}","templated":true}]}}