{"id":88866,"date":"2019-03-03T20:00:51","date_gmt":"2019-03-03T23:00:51","guid":{"rendered":"http:\/\/www.hoymercedes.com.ar\/principal\/?p=88866"},"modified":"2019-03-02T11:37:10","modified_gmt":"2019-03-02T14:37:10","slug":"regresa-el-cinemamm-con-peliculas-referidas-al-nuevo-ano-persa","status":"publish","type":"post","link":"https:\/\/www.hoymercedes.com.ar\/principal\/2019\/03\/03\/regresa-el-cinemamm-con-peliculas-referidas-al-nuevo-ano-persa\/","title":{"rendered":"Regresa el CineMAMM con pel\u00edculas referidas al Nuevo A\u00f1o Persa"},"content":{"rendered":"\n<p>A partir del venidero jueves 7 de marzo, retoma sus actividades el ciclo de cine del Museo de Arte Municipalidad de Mercedes. La propuesta de este mes es ver pel\u00edculas que se relacionan con el Nuevo A\u00f1o Persa, el Nouruz, que se festeja el 21 de marzo. Es as\u00ed que se proyectar\u00e1n pel\u00edculas de producci\u00f3n iran\u00ed a excepci\u00f3n de la francesa \u201cPers\u00e9polis\u201d, basada en la novela gr\u00e1fica de\u00a0Marjane Satrapi.<\/p>\n\n\n\n<p>\u00abBas\u00e1ndonos en \u201cel nuevo d\u00eda\u201d que la fecha relaciona con el equinoccio de primavera seg\u00fan los antiguos calendarios agr\u00edcolas de esta cultura, presentaremos una serie de t\u00edtulos que reflejan al nuevo cine iran\u00ed, \u00a0luego de que la revoluci\u00f3n de 1979 derrocara al r\u00e9gimen de la\u00a0Dinast\u00eda Pahlav\u00ed\u00bb, cuentan desde el MAMM \u00a0<\/p>\n\n\n\n<p>Los t\u00edtulos son:<br>7 de marzo &#8211; \u201cPrimer Plano\u201d, de Abbas Kiarostami (1990)<br>14 de marzo \u2013 \u201cPers\u00e9polis\u201d, de M. Satrapi y V. Paronnaud (2007)<br>21 de marzo \u2013 \u201cTaxi Teher\u00e1n\u201d, de Jafar Panahi (2015) <br>28 de marzo &#8211;  \u201cEl Cliente\u201d, de Asghar Farhadi (2016)<\/p>\n\n\n\n<p>Todos los jueves de marzo, a las 21 horas, con entrada libre y gratuita.<\/p>\n","protected":false},"excerpt":{"rendered":"<p>A partir del venidero jueves 7 de marzo, retoma sus actividades el ciclo de cine del Museo de Arte Municipalidad &#8230; <a title=\"Regresa el CineMAMM con pel\u00edculas referidas al Nuevo A\u00f1o Persa\" class=\"read-more\" href=\"https:\/\/www.hoymercedes.com.ar\/principal\/2019\/03\/03\/regresa-el-cinemamm-con-peliculas-referidas-al-nuevo-ano-persa\/\" aria-label=\"Leer m\u00e1s sobre Regresa el CineMAMM con pel\u00edculas referidas al Nuevo A\u00f1o Persa\">Leer m\u00e1s<\/a><\/p>\n","protected":false},"author":1,"featured_media":88867,"comment_status":"closed","ping_status":"open","sticky":false,"template":"","format":"standard","meta":{"_monsterinsights_skip_tracking":false,"_monsterinsights_sitenote_active":false,"_monsterinsights_sitenote_note":"","_monsterinsights_sitenote_category":0,"jetpack_post_was_ever_published":false,"_jetpack_newsletter_access":"","_jetpack_dont_email_post_to_subs":false,"_jetpack_newsletter_tier_id":0,"_jetpack_memberships_contains_paywalled_content":false,"_jetpack_memberships_contains_paid_content":false,"footnotes":"","jetpack_publicize_message":"","jetpack_publicize_feature_enabled":true,"jetpack_social_post_already_shared":true,"jetpack_social_options":{"image_generator_settings":{"template":"highway","default_image_id":0,"font":"","enabled":false},"version":2},"_wpas_customize_per_network":false},"categories":[104],"tags":[10181,5273,7805,8674],"class_list":["post-88866","post","type-post","status-publish","format-standard","has-post-thumbnail","hentry","category-cultura","tag-ciclo-de-cine","tag-cine","tag-cultura","tag-mamm","generate-columns","tablet-grid-50","mobile-grid-100","grid-parent","grid-50"],"jetpack_publicize_connections":[],"jetpack_featured_media_url":"https:\/\/www.hoymercedes.com.ar\/principal\/wp-content\/uploads\/2019\/03\/03-Iran-Cine.jpg","wps_subtitle":"","jetpack_sharing_enabled":true,"_links":{"self":[{"href":"https:\/\/www.hoymercedes.com.ar\/principal\/wp-json\/wp\/v2\/posts\/88866","targetHints":{"allow":["GET"]}}],"collection":[{"href":"https:\/\/www.hoymercedes.com.ar\/principal\/wp-json\/wp\/v2\/posts"}],"about":[{"href":"https:\/\/www.hoymercedes.com.ar\/principal\/wp-json\/wp\/v2\/types\/post"}],"author":[{"embeddable":true,"href":"https:\/\/www.hoymercedes.com.ar\/principal\/wp-json\/wp\/v2\/users\/1"}],"replies":[{"embeddable":true,"href":"https:\/\/www.hoymercedes.com.ar\/principal\/wp-json\/wp\/v2\/comments?post=88866"}],"version-history":[{"count":0,"href":"https:\/\/www.hoymercedes.com.ar\/principal\/wp-json\/wp\/v2\/posts\/88866\/revisions"}],"wp:featuredmedia":[{"embeddable":true,"href":"https:\/\/www.hoymercedes.com.ar\/principal\/wp-json\/wp\/v2\/media\/88867"}],"wp:attachment":[{"href":"https:\/\/www.hoymercedes.com.ar\/principal\/wp-json\/wp\/v2\/media?parent=88866"}],"wp:term":[{"taxonomy":"category","embeddable":true,"href":"https:\/\/www.hoymercedes.com.ar\/principal\/wp-json\/wp\/v2\/categories?post=88866"},{"taxonomy":"post_tag","embeddable":true,"href":"https:\/\/www.hoymercedes.com.ar\/principal\/wp-json\/wp\/v2\/tags?post=88866"}],"curies":[{"name":"wp","href":"https:\/\/api.w.org\/{rel}","templated":true}]}}