{"id":88869,"date":"2019-03-01T16:26:22","date_gmt":"2019-03-01T19:26:22","guid":{"rendered":"http:\/\/www.hoymercedes.com.ar\/principal\/?p=88869"},"modified":"2019-03-02T09:42:15","modified_gmt":"2019-03-02T12:42:15","slug":"reclamo-por-el-peaje-reunion-de-vecinos-y-autoridades-comunales","status":"publish","type":"post","link":"https:\/\/www.hoymercedes.com.ar\/principal\/2019\/03\/01\/reclamo-por-el-peaje-reunion-de-vecinos-y-autoridades-comunales\/","title":{"rendered":"Reclamo por el Peaje: Reuni\u00f3n de vecinos y autoridades comunales"},"content":{"rendered":"\n<p>Promediando\nla ma\u00f1ana de este viernes, en la oficina privada del Jefe Comunal se reunieron\nun grupo de vecinos, concejales y funcionarios municipales para armar una carta\nque se envi\u00f3 a Vialidad Nacional solicitando una nueva reuni\u00f3n para tratar\ntemas relacionados con las obras en la Ruta N\u00b0 5 y el peaje de Olivera\/Gowland.\n<\/p>\n\n\n\n<p>Luego de un\nencuentro el pasado 7 de enero, los vecinos y funcionarios de Mercedes hab\u00edan\nacordado con Vialidad Nacional que en la segunda quincena de febrero\nmantendr\u00edan una nueva reuni\u00f3n para continuar hablando de las obras en el\nCorredor de la Ruta 5 y el peaje. Al no haber sido convocados, en la ma\u00f1ana de\neste viernes, acordaron una carta para presentar ante la Ing. Patricia\nGutierrez de V.N. <\/p>\n\n\n\n<p>En la\nmisiva, le solicitan a la funcionaria nacional \u201cen forma urgente una reuni\u00f3n\u201d y\nresaltan que no han tenido respuesta a los requerimientos de los vecinos de\nMercedes. Entre los reclamos explicitados en la carta destacan: restituci\u00f3n del\nbeneficio de gratuidad del peaje en las cabinas de Olivera a los vecinos de\nMercedes, la restituci\u00f3n de aportes a los Bomberos Voluntarios de Mercedes y el\nHospital Blas L. Dubarry, la apertura de v\u00edas alternativas\/colectoras en el\ntramo Mercedes-Luj\u00e1n y el cambio de localizaci\u00f3n de las cabinas de peaje\npasando el kil\u00f3metro 100 de la ruta 5. <\/p>\n\n\n\n<p>Asimismo,\nacordaron con los vecinos que el martes 5 de marzo realizar\u00e1n una nueva\nmovilizaci\u00f3n hacia el peaje. Cerca de las cinco de la tarde se concentrar\u00e1n en\nla Plaza San Mart\u00edn para dirigirse hacia las cabinas de Olivera-Gowland donde\npronto se modificar\u00e1 la tarifa. <\/p>\n\n\n\n<p>De la reuni\u00f3n y la firma del petitorio participaron el Intendente Juan Ustarroz, el Secretario de Gobierno Juan Pablo L\u00f3pez Baggio, los Concejales Carlos Milhomme, Aida Laporta, Santiago Altube, Mar\u00eda Jos\u00e9 Piacentini y Juan Mart\u00edn Andr\u00e9s, y los vecinos Eduardo Zunino y Eduardo Rando, entre otros. <\/p>\n\n\n\n<p>La carta completa: <\/p>\n\n\n\n<figure class=\"wp-block-image\"><img loading=\"lazy\" decoding=\"async\" width=\"576\" height=\"1024\" data-attachment-id=\"88870\" data-permalink=\"https:\/\/www.hoymercedes.com.ar\/principal\/2019\/03\/01\/reclamo-por-el-peaje-reunion-de-vecinos-y-autoridades-comunales\/01-vialidad\/#main\" data-orig-file=\"https:\/\/www.hoymercedes.com.ar\/principal\/wp-content\/uploads\/2019\/03\/01-vialidad.jpg\" data-orig-size=\"720,1280\" data-comments-opened=\"0\" data-image-meta=\"{&quot;aperture&quot;:&quot;0&quot;,&quot;credit&quot;:&quot;&quot;,&quot;camera&quot;:&quot;&quot;,&quot;caption&quot;:&quot;&quot;,&quot;created_timestamp&quot;:&quot;0&quot;,&quot;copyright&quot;:&quot;&quot;,&quot;focal_length&quot;:&quot;0&quot;,&quot;iso&quot;:&quot;0&quot;,&quot;shutter_speed&quot;:&quot;0&quot;,&quot;title&quot;:&quot;&quot;,&quot;orientation&quot;:&quot;0&quot;}\" data-image-title=\"01 vialidad\" data-image-description=\"\" data-image-caption=\"\" data-large-file=\"https:\/\/www.hoymercedes.com.ar\/principal\/wp-content\/uploads\/2019\/03\/01-vialidad-576x1024.jpg\" src=\"https:\/\/www.hoymercedes.com.ar\/principal\/wp-content\/uploads\/2019\/03\/01-vialidad-576x1024.jpg\" alt=\"\" class=\"wp-image-88870\" srcset=\"https:\/\/www.hoymercedes.com.ar\/principal\/wp-content\/uploads\/2019\/03\/01-vialidad-576x1024.jpg 576w, https:\/\/www.hoymercedes.com.ar\/principal\/wp-content\/uploads\/2019\/03\/01-vialidad-84x150.jpg 84w, https:\/\/www.hoymercedes.com.ar\/principal\/wp-content\/uploads\/2019\/03\/01-vialidad-349x620.jpg 349w, https:\/\/www.hoymercedes.com.ar\/principal\/wp-content\/uploads\/2019\/03\/01-vialidad.jpg 720w\" sizes=\"auto, (max-width: 576px) 100vw, 576px\" \/><\/figure>\n","protected":false},"excerpt":{"rendered":"<p>Promediando la ma\u00f1ana de este viernes, en la oficina privada del Jefe Comunal se reunieron un grupo de vecinos, concejales &#8230; <a title=\"Reclamo por el Peaje: Reuni\u00f3n de vecinos y autoridades comunales\" class=\"read-more\" href=\"https:\/\/www.hoymercedes.com.ar\/principal\/2019\/03\/01\/reclamo-por-el-peaje-reunion-de-vecinos-y-autoridades-comunales\/\" aria-label=\"Leer m\u00e1s sobre Reclamo por el Peaje: Reuni\u00f3n de vecinos y autoridades comunales\">Leer m\u00e1s<\/a><\/p>\n","protected":false},"author":1,"featured_media":88870,"comment_status":"closed","ping_status":"open","sticky":false,"template":"","format":"standard","meta":{"_monsterinsights_skip_tracking":false,"_monsterinsights_sitenote_active":false,"_monsterinsights_sitenote_note":"","_monsterinsights_sitenote_category":0,"jetpack_post_was_ever_published":false,"_jetpack_newsletter_access":"","_jetpack_dont_email_post_to_subs":false,"_jetpack_newsletter_tier_id":0,"_jetpack_memberships_contains_paywalled_content":false,"_jetpack_memberships_contains_paid_content":false,"footnotes":"","jetpack_publicize_message":"","jetpack_publicize_feature_enabled":true,"jetpack_social_post_already_shared":true,"jetpack_social_options":{"image_generator_settings":{"template":"highway","default_image_id":0,"font":"","enabled":false},"version":2},"_wpas_customize_per_network":false},"categories":[8],"tags":[8993,740,14579,8684,9036],"class_list":["post-88869","post","type-post","status-publish","format-standard","has-post-thumbnail","hentry","category-sociedad","tag-concejales","tag-intendente","tag-reclamo-peaje","tag-reunion","tag-vecinos","generate-columns","tablet-grid-50","mobile-grid-100","grid-parent","grid-50"],"jetpack_publicize_connections":[],"jetpack_featured_media_url":"https:\/\/www.hoymercedes.com.ar\/principal\/wp-content\/uploads\/2019\/03\/01-vialidad.jpg","wps_subtitle":"El martes volver\u00e1n a marchar los vecinos","jetpack_sharing_enabled":true,"_links":{"self":[{"href":"https:\/\/www.hoymercedes.com.ar\/principal\/wp-json\/wp\/v2\/posts\/88869","targetHints":{"allow":["GET"]}}],"collection":[{"href":"https:\/\/www.hoymercedes.com.ar\/principal\/wp-json\/wp\/v2\/posts"}],"about":[{"href":"https:\/\/www.hoymercedes.com.ar\/principal\/wp-json\/wp\/v2\/types\/post"}],"author":[{"embeddable":true,"href":"https:\/\/www.hoymercedes.com.ar\/principal\/wp-json\/wp\/v2\/users\/1"}],"replies":[{"embeddable":true,"href":"https:\/\/www.hoymercedes.com.ar\/principal\/wp-json\/wp\/v2\/comments?post=88869"}],"version-history":[{"count":0,"href":"https:\/\/www.hoymercedes.com.ar\/principal\/wp-json\/wp\/v2\/posts\/88869\/revisions"}],"wp:featuredmedia":[{"embeddable":true,"href":"https:\/\/www.hoymercedes.com.ar\/principal\/wp-json\/wp\/v2\/media\/88870"}],"wp:attachment":[{"href":"https:\/\/www.hoymercedes.com.ar\/principal\/wp-json\/wp\/v2\/media?parent=88869"}],"wp:term":[{"taxonomy":"category","embeddable":true,"href":"https:\/\/www.hoymercedes.com.ar\/principal\/wp-json\/wp\/v2\/categories?post=88869"},{"taxonomy":"post_tag","embeddable":true,"href":"https:\/\/www.hoymercedes.com.ar\/principal\/wp-json\/wp\/v2\/tags?post=88869"}],"curies":[{"name":"wp","href":"https:\/\/api.w.org\/{rel}","templated":true}]}}