{"id":88914,"date":"2019-03-01T23:32:08","date_gmt":"2019-03-02T02:32:08","guid":{"rendered":"http:\/\/www.hoymercedes.com.ar\/principal\/?p=88914"},"modified":"2019-03-02T09:41:56","modified_gmt":"2019-03-02T12:41:56","slug":"detuvieron-a-dos-sujetos-que-simulaban-ser-gasistas","status":"publish","type":"post","link":"https:\/\/www.hoymercedes.com.ar\/principal\/2019\/03\/01\/detuvieron-a-dos-sujetos-que-simulaban-ser-gasistas\/","title":{"rendered":"Detuvieron a dos sujetos que simulaban ser gasistas"},"content":{"rendered":"\n<p>Durante la jornada del d\u00eda viernes, dos sujetos ingresaron a una vivienda con fines delictivo simulando ser trabajadores de una empresa de gas.<br><\/p>\n\n\n\n<figure class=\"wp-block-image\"><img loading=\"lazy\" decoding=\"async\" width=\"772\" height=\"665\" data-attachment-id=\"88929\" data-permalink=\"https:\/\/www.hoymercedes.com.ar\/principal\/2019\/03\/01\/detuvieron-a-dos-sujetos-que-simulaban-ser-gasistas\/01-detenidos\/#main\" data-orig-file=\"https:\/\/www.hoymercedes.com.ar\/principal\/wp-content\/uploads\/2019\/03\/01-detenidos.jpg\" data-orig-size=\"772,665\" data-comments-opened=\"0\" data-image-meta=\"{&quot;aperture&quot;:&quot;0&quot;,&quot;credit&quot;:&quot;&quot;,&quot;camera&quot;:&quot;&quot;,&quot;caption&quot;:&quot;&quot;,&quot;created_timestamp&quot;:&quot;0&quot;,&quot;copyright&quot;:&quot;&quot;,&quot;focal_length&quot;:&quot;0&quot;,&quot;iso&quot;:&quot;0&quot;,&quot;shutter_speed&quot;:&quot;0&quot;,&quot;title&quot;:&quot;&quot;,&quot;orientation&quot;:&quot;0&quot;}\" data-image-title=\"01 detenidos\" data-image-description=\"\" data-image-caption=\"\" data-large-file=\"https:\/\/www.hoymercedes.com.ar\/principal\/wp-content\/uploads\/2019\/03\/01-detenidos.jpg\" src=\"https:\/\/www.hoymercedes.com.ar\/principal\/wp-content\/uploads\/2019\/03\/01-detenidos.jpg\" alt=\"\" class=\"wp-image-88929\" srcset=\"https:\/\/www.hoymercedes.com.ar\/principal\/wp-content\/uploads\/2019\/03\/01-detenidos.jpg 772w, https:\/\/www.hoymercedes.com.ar\/principal\/wp-content\/uploads\/2019\/03\/01-detenidos-150x129.jpg 150w, https:\/\/www.hoymercedes.com.ar\/principal\/wp-content\/uploads\/2019\/03\/01-detenidos-630x543.jpg 630w\" sizes=\"auto, (max-width: 772px) 100vw, 772px\" \/><\/figure>\n\n\n\n<p>De acuerdo a lo que pudo conocerse, lograron cometer el robo a una pareja que se domicilia inmediaciones de calles 36 y entre 7 y 9 alrededor de las 10 de la ma\u00f1ana. Uno de los sujetos se acerc\u00f3 a la vivienda manifestando que desde la empresa de gas proceder\u00edan a cambiar el medidor de la vivienda. Si bien la moradora dud\u00f3 sobre ello, el argumento del ladr\u00f3n fue lo suficientemente convincente para que la mujer accediera.<\/p>\n\n\n\n<p>Al poco tiempo regres\u00f3 al lugar con un segundo sujeto, que simulaba ser supervisor, y al manifestarle que deb\u00eda firmar unos documentos le pidieron ingresar a la vivienda.<\/p>\n\n\n\n<p>Ambos sujetos ten\u00edan prendas de grafa, y uno de ellos contaba con un medidor y algunas herramientas por lo que la vecina confi\u00f3.<\/p>\n\n\n\n<p>Una vez dentro, recorrieron el lugar y efectuaron una rutina como si efectivamente fueran a realizar alguna tarea. Cuando tuvieron a la pareja distra\u00edda, redujeron a la pareja y se hicieron de dinero en efectivo y algunas alhajas, para luego darse a la fuga.<\/p>\n\n\n\n<p>Si bien en alg\u00fan momento circul\u00f3 que los hab\u00edan maniatado, ello no ocurri\u00f3 por lo que la pareja tras el hecho pudieron dar aviso a las autoridades.<br> De inmediato comenz\u00f3 una investigaci\u00f3n en la UFI N\u00b0 6 \u2013 en turno \u2013 a cargo del doctor Luis Carcagno con apoyo de la Polic\u00eda Comunal Mercedes. Los investigadores comenzaron a evaluar c\u00e1maras de seguridad en la zona, incluso de algunos frentistas.<\/p>\n\n\n\n<p>As\u00ed se conoci\u00f3 tambi\u00e9n, que previo a este robo, los sujetos hab\u00edan intentado ingresar en una vivienda de calles 9 entre 16 y 18. Pero all\u00ed, la empleada que los atendi\u00f3 se excus\u00f3 de dejarlos pasar al no tener \u00f3rdenes de los due\u00f1os de la casa.<\/p>\n\n\n\n<p><strong>Investigaci\u00f3n<\/strong><\/p>\n\n\n\n<p>Durante toda la jornada se estuvo trabajando sobre las c\u00e1maras de seguridad, y recopilando datos de inter\u00e9s entre los testimonios aportados. As\u00ed se logr\u00f3 identificar un autom\u00f3vil marca Renault Sandero, color oscuro, y se lo logr\u00f3 captar la patente del veh\u00edculo e identificar su procedencia. Es as\u00ed que en horas de la tarde-noche de hoy se llevaron a cabo dos allanamientos en domicilios de Moreno a cargo de la Polic\u00eda Comunal Mercedes, donde lograron identificar y detener a los dos imputados \u2013de donde son oriundos- por el hecho que fue caratulado como \u201cRobo simple\u201d, con intervenci\u00f3n de la UFI N\u00b0 6 y el Juzgado de Garant\u00edas N\u00b0 2.<\/p>\n\n\n\n<p>Los dos detenidos \u2013cuyos datos de momento se reservan- fueron llevados a la Fiscal\u00eda donde se le tomar\u00e1 declaraci\u00f3n indagatoria en las pr\u00f3ximas horas.<\/p>\n\n\n\n<p><strong>Llamado a la comunidad<\/strong><br><\/p>\n\n\n\n<p>Vale destacar que durante la jornada de hoy, tras conocerse el hecho, circularon por las redes sociales fotograf\u00edas de c\u00e1maras de seguridad privada donde se hab\u00eda captado a los sospechosos del robo perpetrado a esta familia. Si bien la investigaci\u00f3n fue altamente positiva y se logr\u00f3 aprehender a los imputados r\u00e1pidamente, los investigadores del caso destacaron que la viralizaci\u00f3n de dicha imagen bien pudo haber sido perjudicial.<\/p>\n\n\n\n<p>Y es que las im\u00e1genes de este tipo y todo elemento que se puede aportar a una investigaci\u00f3n policial y judicial debe realizarse en las dependencias correspondientes, y no en las redes sociales. Es de destacar que este tipo de conducta bien podr\u00eda perjudicar u obstruir las investigaciones arrojando datos a los sospechosos sobre su b\u00fasqueda o alert\u00e1ndolos sobre \u2013 en este caso \u2013 que podr\u00edan estar identificados.<\/p>\n\n\n\n<p>Al igual que ocurri\u00f3 la semana pasada, con el caso del presunto secuestro \u2013 que result\u00f3 ser una discusi\u00f3n familiar ante la fuga de un menor \u2013 se llama a la poblaci\u00f3n a tener cautela respecto de la informaci\u00f3n que se viraliza. No siempre el contenido de un mensaje que se recepta es para compartirlo sin previo an\u00e1lisis o constataci\u00f3n de la informaci\u00f3n mediante fuentes confiables; como ocurri\u00f3 en estos casos ya que pueden traer consecuencias que como usuarios de las redes sociales no suelen medirse, y que hasta podr\u00edan derivar en el plano legal.<\/p>\n","protected":false},"excerpt":{"rendered":"<p>Durante la jornada del d\u00eda viernes, dos sujetos ingresaron a una vivienda con fines delictivo simulando ser trabajadores de una &#8230; <a title=\"Detuvieron a dos sujetos que simulaban ser gasistas\" class=\"read-more\" href=\"https:\/\/www.hoymercedes.com.ar\/principal\/2019\/03\/01\/detuvieron-a-dos-sujetos-que-simulaban-ser-gasistas\/\" aria-label=\"Leer m\u00e1s sobre Detuvieron a dos sujetos que simulaban ser gasistas\">Leer m\u00e1s<\/a><\/p>\n","protected":false},"author":1,"featured_media":88929,"comment_status":"closed","ping_status":"open","sticky":false,"template":"","format":"standard","meta":{"_monsterinsights_skip_tracking":false,"_monsterinsights_sitenote_active":false,"_monsterinsights_sitenote_note":"","_monsterinsights_sitenote_category":0,"jetpack_post_was_ever_published":false,"_jetpack_newsletter_access":"","_jetpack_dont_email_post_to_subs":false,"_jetpack_newsletter_tier_id":0,"_jetpack_memberships_contains_paywalled_content":false,"_jetpack_memberships_contains_paid_content":false,"footnotes":"","jetpack_publicize_message":"","jetpack_publicize_feature_enabled":true,"jetpack_social_post_already_shared":true,"jetpack_social_options":{"image_generator_settings":{"template":"highway","default_image_id":0,"font":"","enabled":false},"version":2},"_wpas_customize_per_network":false},"categories":[85],"tags":[10352,96,889],"class_list":["post-88914","post","type-post","status-publish","format-standard","has-post-thumbnail","hentry","category-policial","tag-detencion","tag-policial-2","tag-robo","generate-columns","tablet-grid-50","mobile-grid-100","grid-parent","grid-50"],"jetpack_publicize_connections":[],"jetpack_featured_media_url":"https:\/\/www.hoymercedes.com.ar\/principal\/wp-content\/uploads\/2019\/03\/01-detenidos.jpg","wps_subtitle":"Durante la jornada del viernes","jetpack_sharing_enabled":true,"_links":{"self":[{"href":"https:\/\/www.hoymercedes.com.ar\/principal\/wp-json\/wp\/v2\/posts\/88914","targetHints":{"allow":["GET"]}}],"collection":[{"href":"https:\/\/www.hoymercedes.com.ar\/principal\/wp-json\/wp\/v2\/posts"}],"about":[{"href":"https:\/\/www.hoymercedes.com.ar\/principal\/wp-json\/wp\/v2\/types\/post"}],"author":[{"embeddable":true,"href":"https:\/\/www.hoymercedes.com.ar\/principal\/wp-json\/wp\/v2\/users\/1"}],"replies":[{"embeddable":true,"href":"https:\/\/www.hoymercedes.com.ar\/principal\/wp-json\/wp\/v2\/comments?post=88914"}],"version-history":[{"count":0,"href":"https:\/\/www.hoymercedes.com.ar\/principal\/wp-json\/wp\/v2\/posts\/88914\/revisions"}],"wp:featuredmedia":[{"embeddable":true,"href":"https:\/\/www.hoymercedes.com.ar\/principal\/wp-json\/wp\/v2\/media\/88929"}],"wp:attachment":[{"href":"https:\/\/www.hoymercedes.com.ar\/principal\/wp-json\/wp\/v2\/media?parent=88914"}],"wp:term":[{"taxonomy":"category","embeddable":true,"href":"https:\/\/www.hoymercedes.com.ar\/principal\/wp-json\/wp\/v2\/categories?post=88914"},{"taxonomy":"post_tag","embeddable":true,"href":"https:\/\/www.hoymercedes.com.ar\/principal\/wp-json\/wp\/v2\/tags?post=88914"}],"curies":[{"name":"wp","href":"https:\/\/api.w.org\/{rel}","templated":true}]}}