{"id":8899,"date":"2011-11-06T00:54:26","date_gmt":"2011-11-06T00:54:26","guid":{"rendered":"http:\/\/www.hoymercedes.com.ar\/principal\/?p=8899"},"modified":"2011-11-06T00:59:28","modified_gmt":"2011-11-06T00:59:28","slug":"cayeron-las-albitas-como-locales-ante-uba","status":"publish","type":"post","link":"https:\/\/www.hoymercedes.com.ar\/principal\/2011\/11\/06\/cayeron-las-albitas-como-locales-ante-uba\/","title":{"rendered":"Cayeron las Albitas como locales ante UBA"},"content":{"rendered":"<p><a href=\"https:\/\/www.hoymercedes.com.ar\/principal\/wp-content\/uploads\/2011\/11\/Albitas-UBA.jpg\"><img loading=\"lazy\" decoding=\"async\" data-attachment-id=\"8901\" data-permalink=\"https:\/\/www.hoymercedes.com.ar\/principal\/2011\/11\/06\/cayeron-las-albitas-como-locales-ante-uba\/albitas-uba\/#main\" data-orig-file=\"https:\/\/www.hoymercedes.com.ar\/principal\/wp-content\/uploads\/2011\/11\/Albitas-UBA.jpg\" data-orig-size=\"612,386\" data-comments-opened=\"1\" data-image-meta=\"{&quot;aperture&quot;:&quot;2.7&quot;,&quot;credit&quot;:&quot;&quot;,&quot;camera&quot;:&quot;GT-I5500L&quot;,&quot;caption&quot;:&quot;&quot;,&quot;created_timestamp&quot;:&quot;&quot;,&quot;copyright&quot;:&quot;&quot;,&quot;focal_length&quot;:&quot;2.73&quot;,&quot;iso&quot;:&quot;50&quot;,&quot;shutter_speed&quot;:&quot;0.00093808630393996&quot;,&quot;title&quot;:&quot;&quot;}\" data-image-title=\"Albitas-UBA\" data-image-description=\"\" data-image-caption=\"\" data-large-file=\"https:\/\/www.hoymercedes.com.ar\/principal\/wp-content\/uploads\/2011\/11\/Albitas-UBA.jpg\" class=\"aligncenter size-full wp-image-8901\" title=\"Albitas-UBA\" src=\"https:\/\/www.hoymercedes.com.ar\/principal\/wp-content\/uploads\/2011\/11\/Albitas-UBA.jpg\" alt=\"\" width=\"612\" height=\"386\" \/><\/a><\/p>\n<p>Las Albitas disputaron un nuevo encuentro por la primera divisi\u00f3n del f\u00fatbol femenino de la AFA en el campo de la Liga Mercedina.<\/p>\n<p>En esta ocasi\u00f3n oficiaron de locales ante el equipo de la UBA (Universidad de Buenos Aires) en la soleada tarde del s\u00e1bado.<\/p>\n<p>El resultado no fue el deseado para las mercedindas que representan a All Boys ya que cayeron por 9 goles contra 0.<\/p>\n<p>Apenas comenzado el primer tiempo un gol de la UBA marc\u00f3 la tendencia que no se quebrar\u00eda en ning\u00fan momento del partido. Al finalizar los primeros cuarenta y cinco minutos estaban 4 \u2013 0 abajo.<\/p>\n<p>En el segundo tiempo la situaci\u00f3n se agudiz\u00f3 recibiendo otros cinco tantos, dos de ellos de penal y terminando con una jugadora menos por expulsi\u00f3n al tocar el bal\u00f3n con la mano , convirtiendo penal y ajust\u00e1ndose a la ley de \u00faltimo recurso.<\/p>\n<p>Las integrantes de UBA fueron ampliamente superiores durante todo el encuentro teniendo muy buena relaci\u00f3n de pelota, constantes cambios de frente y piques que resultaron eficaces.<\/p>\n<p>Las Albitas no encontraron el rumbo con un segundo tiempo m\u00e1s jugado en su campo que en el contrario.<\/p>\n<p>Llam\u00f3 la atenci\u00f3n de algunos espectadores que una de las mejores jugadoras no estuviese siquiera convocada y mirara el partido desde la tribuna, nos referimos a Marilina Lucero, hermana de la talentosa Bel\u00e9n. Marilina que es una jugadora de amplio espectro lo vivi\u00f3 desde la tribuna junto a casi medio centenar de mercedinos que se dieron cita en la Liga.<\/p>\n<p>De esta manera las Albitas no logran levantar la performance, aunque, vale tener presente que son el equipo novato de la temporada con jugadoras que no ten\u00edan, en su mayor\u00eda, experiencia en este nivel de competici\u00f3n mientras que el resto de los integrantes del torneo hace mucho conocen el ritmo y cuentan con experiencia a nivel nacional.<\/p>\n<p>&nbsp;<\/p>\n","protected":false},"excerpt":{"rendered":"<p>Las Albitas disputaron un nuevo encuentro por la primera divisi\u00f3n del f\u00fatbol femenino de la AFA en el campo de &#8230; <a title=\"Cayeron las Albitas como locales ante UBA\" class=\"read-more\" href=\"https:\/\/www.hoymercedes.com.ar\/principal\/2011\/11\/06\/cayeron-las-albitas-como-locales-ante-uba\/\" aria-label=\"Leer m\u00e1s sobre Cayeron las Albitas como locales ante UBA\">Leer m\u00e1s<\/a><\/p>\n","protected":false},"author":1,"featured_media":0,"comment_status":"open","ping_status":"open","sticky":false,"template":"","format":"standard","meta":{"_monsterinsights_skip_tracking":false,"_monsterinsights_sitenote_active":false,"_monsterinsights_sitenote_note":"","_monsterinsights_sitenote_category":0,"jetpack_post_was_ever_published":false,"_jetpack_newsletter_access":"","_jetpack_dont_email_post_to_subs":false,"_jetpack_newsletter_tier_id":0,"_jetpack_memberships_contains_paywalled_content":false,"_jetpack_memberships_contains_paid_content":false,"footnotes":"","jetpack_publicize_message":"","jetpack_publicize_feature_enabled":true,"jetpack_social_post_already_shared":false,"jetpack_social_options":{"image_generator_settings":{"template":"highway","default_image_id":0,"font":"","enabled":false},"version":2},"_wpas_customize_per_network":false},"categories":[21],"tags":[1554,895,1206],"class_list":["post-8899","post","type-post","status-publish","format-standard","hentry","category-deportes","tag-albitas","tag-futbol-femenino","tag-uba","generate-columns","tablet-grid-50","mobile-grid-100","grid-parent","grid-50"],"jetpack_publicize_connections":[],"jetpack_featured_media_url":"","wps_subtitle":"","jetpack_sharing_enabled":true,"_links":{"self":[{"href":"https:\/\/www.hoymercedes.com.ar\/principal\/wp-json\/wp\/v2\/posts\/8899","targetHints":{"allow":["GET"]}}],"collection":[{"href":"https:\/\/www.hoymercedes.com.ar\/principal\/wp-json\/wp\/v2\/posts"}],"about":[{"href":"https:\/\/www.hoymercedes.com.ar\/principal\/wp-json\/wp\/v2\/types\/post"}],"author":[{"embeddable":true,"href":"https:\/\/www.hoymercedes.com.ar\/principal\/wp-json\/wp\/v2\/users\/1"}],"replies":[{"embeddable":true,"href":"https:\/\/www.hoymercedes.com.ar\/principal\/wp-json\/wp\/v2\/comments?post=8899"}],"version-history":[{"count":0,"href":"https:\/\/www.hoymercedes.com.ar\/principal\/wp-json\/wp\/v2\/posts\/8899\/revisions"}],"wp:attachment":[{"href":"https:\/\/www.hoymercedes.com.ar\/principal\/wp-json\/wp\/v2\/media?parent=8899"}],"wp:term":[{"taxonomy":"category","embeddable":true,"href":"https:\/\/www.hoymercedes.com.ar\/principal\/wp-json\/wp\/v2\/categories?post=8899"},{"taxonomy":"post_tag","embeddable":true,"href":"https:\/\/www.hoymercedes.com.ar\/principal\/wp-json\/wp\/v2\/tags?post=8899"}],"curies":[{"name":"wp","href":"https:\/\/api.w.org\/{rel}","templated":true}]}}