{"id":89,"date":"2010-11-05T04:33:55","date_gmt":"2010-11-05T04:33:55","guid":{"rendered":"http:\/\/www.hoymercedes.com.ar\/principal\/?p=89"},"modified":"2010-11-05T04:33:55","modified_gmt":"2010-11-05T04:33:55","slug":"cinco-detenidos-en-un-procedimiento-por-tenencia-y-posible-comercializacion-de-droga","status":"publish","type":"post","link":"https:\/\/www.hoymercedes.com.ar\/principal\/2010\/11\/05\/cinco-detenidos-en-un-procedimiento-por-tenencia-y-posible-comercializacion-de-droga\/","title":{"rendered":"Cinco detenidos en un procedimiento por tenencia y posible comercializaci\u00f3n de droga"},"content":{"rendered":"<p style=\"text-align: justify;\">Se llev\u00f3 a cabo en una vivienda tipo pensi\u00f3n ubicada en calle 13 entre 12 y 14. De las cinco personas trasladadas a Comisar\u00eda Mercedes solo permanecen dos a quienes se eles imputa le tenencia de drogas para comercializaci\u00f3n<\/p>\n<p style=\"text-align: justify;\">Cinco personas fueron detenidas preventivamente por personal policial durante un allanamiento efectuado en una vivienda ubicada en calles 13 entre 12 y 14 en la supuestamente se comercializaban sustancias no permitidas.<\/p>\n<p style=\"text-align: justify;\">El titular de la Estaci\u00f3n Comunal Mercedes Comisario Fabio Flores sostuvo al informar a la prensa \u201cel procedimiento se llev\u00f3 a cabo a partir de las 20.30 del mi\u00e9rcoles en una vivienda tipo pensi\u00f3n ubicada en calle 13 entre 12 y 14 donde se encontraban cinco personas, cuatro de sexo masculino y la restante femenino y tras haber sido identificados y luego de las requisas correspondientes se logr\u00f3 incautar tres tizas de coca\u00edna de diez gramos cada una, siete envoltorios conteniendo tambi\u00e9n cloridrato de Coca\u00edna, un arma de fuego calibre 38 largo y diferentes elementos para el corte de la sustancia adictiva secuestrada.<\/p>\n<p style=\"text-align: justify;\">El operativo se pudo concretar debido a la tarea de investigaci\u00f3n efectuada por personal de Comisaria y del Destacamento Gowland y las personas demoradas en la pensi\u00f3n finalmente fueron trasladadas a la desde policial quedando a las ordenes de Fiscal Dr. Courtade imputadas dos de las mismas, una por tenencia de arma de guerra y la restante por tenencia y comercializaci\u00f3n de drogas mientras que las tres restantes fueron puestas en libertad ya que no se comprob\u00f3 la condici\u00f3n de vendedores sino que ten\u00edan la droga para consumo personal. M\u00e1s all\u00e1 de ello se logr\u00f3 secuestrar dos macetas con una planta en cada una de ellas de coca\u00edna\u201d<\/p>\n<p style=\"text-align: justify;\">Con relaci\u00f3n a los presuntos lugares donde se efectuaba la comercializaci\u00f3n de la droga, el Comisario Flores manifest\u00f3 \u201cse hacia en el mismo lugar donde efectuamos el allanamiento, ya ten\u00edan una cierta cantidad de clientes de lo que se da en llamar venta al menudeo que directamente iban a buscarlas en persona., es decir el tradicional pasa manos de la sustancia contra la entrega de dinero\u201d.<\/p>\n","protected":false},"excerpt":{"rendered":"<p>Se llev\u00f3 a cabo en una vivienda tipo pensi\u00f3n ubicada en calle 13 entre 12 y 14. De las cinco &#8230; <a title=\"Cinco detenidos en un procedimiento por tenencia y posible comercializaci\u00f3n de droga\" class=\"read-more\" href=\"https:\/\/www.hoymercedes.com.ar\/principal\/2010\/11\/05\/cinco-detenidos-en-un-procedimiento-por-tenencia-y-posible-comercializacion-de-droga\/\" aria-label=\"Leer m\u00e1s sobre Cinco detenidos en un procedimiento por tenencia y posible comercializaci\u00f3n de droga\">Leer m\u00e1s<\/a><\/p>\n","protected":false},"author":1,"featured_media":0,"comment_status":"open","ping_status":"open","sticky":false,"template":"","format":"standard","meta":{"_monsterinsights_skip_tracking":false,"_monsterinsights_sitenote_active":false,"_monsterinsights_sitenote_note":"","_monsterinsights_sitenote_category":0,"jetpack_post_was_ever_published":false,"_jetpack_newsletter_access":"","_jetpack_dont_email_post_to_subs":false,"_jetpack_newsletter_tier_id":0,"_jetpack_memberships_contains_paywalled_content":false,"_jetpack_memberships_contains_paid_content":false,"footnotes":"","jetpack_publicize_message":"","jetpack_publicize_feature_enabled":true,"jetpack_social_post_already_shared":false,"jetpack_social_options":{"image_generator_settings":{"template":"highway","default_image_id":0,"font":"","enabled":false},"version":2},"_wpas_customize_per_network":false},"categories":[1],"tags":[26,27],"class_list":["post-89","post","type-post","status-publish","format-standard","hentry","category-opinion","tag-detenidos","tag-drogas","generate-columns","tablet-grid-50","mobile-grid-100","grid-parent","grid-50"],"jetpack_publicize_connections":[],"jetpack_featured_media_url":"","wps_subtitle":"","jetpack_sharing_enabled":true,"_links":{"self":[{"href":"https:\/\/www.hoymercedes.com.ar\/principal\/wp-json\/wp\/v2\/posts\/89","targetHints":{"allow":["GET"]}}],"collection":[{"href":"https:\/\/www.hoymercedes.com.ar\/principal\/wp-json\/wp\/v2\/posts"}],"about":[{"href":"https:\/\/www.hoymercedes.com.ar\/principal\/wp-json\/wp\/v2\/types\/post"}],"author":[{"embeddable":true,"href":"https:\/\/www.hoymercedes.com.ar\/principal\/wp-json\/wp\/v2\/users\/1"}],"replies":[{"embeddable":true,"href":"https:\/\/www.hoymercedes.com.ar\/principal\/wp-json\/wp\/v2\/comments?post=89"}],"version-history":[{"count":0,"href":"https:\/\/www.hoymercedes.com.ar\/principal\/wp-json\/wp\/v2\/posts\/89\/revisions"}],"wp:attachment":[{"href":"https:\/\/www.hoymercedes.com.ar\/principal\/wp-json\/wp\/v2\/media?parent=89"}],"wp:term":[{"taxonomy":"category","embeddable":true,"href":"https:\/\/www.hoymercedes.com.ar\/principal\/wp-json\/wp\/v2\/categories?post=89"},{"taxonomy":"post_tag","embeddable":true,"href":"https:\/\/www.hoymercedes.com.ar\/principal\/wp-json\/wp\/v2\/tags?post=89"}],"curies":[{"name":"wp","href":"https:\/\/api.w.org\/{rel}","templated":true}]}}