{"id":89018,"date":"2019-03-03T20:38:41","date_gmt":"2019-03-03T23:38:41","guid":{"rendered":"http:\/\/www.hoymercedes.com.ar\/principal\/?p=89018"},"modified":"2019-03-03T20:38:47","modified_gmt":"2019-03-03T23:38:47","slug":"se-viene-la-segunda-edicion-del-altamira-rock","status":"publish","type":"post","link":"https:\/\/www.hoymercedes.com.ar\/principal\/2019\/03\/03\/se-viene-la-segunda-edicion-del-altamira-rock\/","title":{"rendered":"Se viene la segunda edici\u00f3n del Altamira Rock"},"content":{"rendered":"\n<figure class=\"wp-block-image is-resized\"><img loading=\"lazy\" decoding=\"async\" data-attachment-id=\"89019\" data-permalink=\"https:\/\/www.hoymercedes.com.ar\/principal\/2019\/03\/03\/se-viene-la-segunda-edicion-del-altamira-rock\/altamirarock\/#main\" data-orig-file=\"https:\/\/www.hoymercedes.com.ar\/principal\/wp-content\/uploads\/2019\/03\/AltaMiraRock.jpg\" data-orig-size=\"474,669\" data-comments-opened=\"0\" data-image-meta=\"{&quot;aperture&quot;:&quot;0&quot;,&quot;credit&quot;:&quot;&quot;,&quot;camera&quot;:&quot;&quot;,&quot;caption&quot;:&quot;&quot;,&quot;created_timestamp&quot;:&quot;0&quot;,&quot;copyright&quot;:&quot;&quot;,&quot;focal_length&quot;:&quot;0&quot;,&quot;iso&quot;:&quot;0&quot;,&quot;shutter_speed&quot;:&quot;0&quot;,&quot;title&quot;:&quot;&quot;,&quot;orientation&quot;:&quot;0&quot;}\" data-image-title=\"AltaMiraRock\" data-image-description=\"\" data-image-caption=\"\" data-large-file=\"https:\/\/www.hoymercedes.com.ar\/principal\/wp-content\/uploads\/2019\/03\/AltaMiraRock.jpg\" src=\"https:\/\/www.hoymercedes.com.ar\/principal\/wp-content\/uploads\/2019\/03\/AltaMiraRock.jpg\" alt=\"\" class=\"wp-image-89019\" width=\"612\" height=\"864\" srcset=\"https:\/\/www.hoymercedes.com.ar\/principal\/wp-content\/uploads\/2019\/03\/AltaMiraRock.jpg 474w, https:\/\/www.hoymercedes.com.ar\/principal\/wp-content\/uploads\/2019\/03\/AltaMiraRock-106x150.jpg 106w, https:\/\/www.hoymercedes.com.ar\/principal\/wp-content\/uploads\/2019\/03\/AltaMiraRock-439x620.jpg 439w\" sizes=\"auto, (max-width: 612px) 100vw, 612px\" \/><\/figure>\n\n\n\n<p><br><\/p>\n\n\n\n<p>El viernes 15 y s\u00e1bado 16 de marzo en el predio de la estaci\u00f3n del Ferrocarril Belgrano (626 y 621) de la localidad de&nbsp;Altamira&nbsp;se realizar\u00e1 el&nbsp;Altamira&nbsp;Rural&nbsp;Rock&nbsp;Volumen 2. El Municipio de Mercedes acompa\u00f1a e impulsa este evento cultural que permitir\u00e1 la finalizaci\u00f3n del SUM para todos los vecinos de la zona.&nbsp; &nbsp;<\/p>\n\n\n\n<p>M\u00fasicos de la ciudad junto al secretario de gobierno municipal, Juan Pablo L\u00f3pez Baggio brindaron una conferencia de prensa, donde anunciaron el pr\u00f3ximo festival musical.&nbsp;<\/p>\n\n\n\n<p>El Secretario de Gobierno expres\u00f3 \u201ces un orgullo poder estar acompa\u00f1ando este evento desde el Municipio de Mercedes y a la localidad de&nbsp;Altamira&nbsp;que tan pujantemente viene haciendo un trabajo muy importante\u201d y a\u00f1adi\u00f3 \u201cde esta manera apoyamos a la cultura, entendiendo que esto no es un gasto sino una inversi\u00f3n en el esparcimiento y recreaci\u00f3n de nuestra gente\u201d.<\/p>\n\n\n\n<p>\u201cLa comunidad de manera mancomunada con el municipio vienen trabajando en la recuperaci\u00f3n de la vieja estaci\u00f3n Belgrano, espacio que es hoy un punto de encuentro para los vecinos\u201d asegur\u00f3 L\u00f3pez Baggio y apunt\u00f3 \u201ceste evento se suma a la ya completa agenda cultural que existe en nuestra ciudad, que nos permite disfrutar todos los fines de semana de un nuevo acontecimiento\u201d.<\/p>\n\n\n\n<p>El presidente de la sociedad de fomento de&nbsp;Altamira, Dami\u00e1n Lacoste, qui\u00e9n es parte adem\u00e1s de la organizaci\u00f3n dijo \u201cestamos muy felices de poder llevar adelante este nuevo evento\u201d y agreg\u00f3 \u201cde esta manera seguimos trabajando y mejorando nuestro pueblo\u201d.<\/p>\n\n\n\n<p>Conjuntamente, Lacoste destac\u00f3 \u201cEs una gran emoci\u00f3n poder seguir disfrutando de este predio recuperado con todos los vecinos de Mercedes y las localidades vecinas\u201d y se\u00f1al\u00f3 \u201cest\u00e1n todos invitados a disfrutar de grandes espect\u00e1culos de&nbsp;rock&nbsp;que adem\u00e1s servir\u00e1n para ayudar a nuestro pueblo y a una entidad de bien p\u00fablico\u201d.<\/p>\n\n\n\n<p>El evento se iba a desarrollar s\u00f3lo el 16 de marzo, pero en una decisi\u00f3n conjunta el mismo se desdoblar\u00e1, sum\u00e1ndose el d\u00eda 15. En esa primera jornada el costo de la entrada ser\u00e1 un alimento no perecedero o \u00fatiles escolares que ser\u00e1n donados al comedor Sagrado Coraz\u00f3n.<\/p>\n\n\n\n<p>El viernes el predio estar\u00e1 abierto desde las 19:00 horas mientras que el d\u00eda s\u00e1bado ser\u00e1 a partir de las 14:00 horas. Adem\u00e1s, parte de lo recaudado servir\u00e1 para la construcci\u00f3n de un SUM. El costo de la entrada ser\u00e1 de 250 pesos que incluir\u00e1 un s\u00e1ndwich de vaquillona al asador.<\/p>\n\n\n\n<p>M\u00fasicos de nuestra ciudad y reconocidas bandas del \u00e1mbito del&nbsp;rock&nbsp;se har\u00e1n presente durante estos dos d\u00edas.<\/p>\n","protected":false},"excerpt":{"rendered":"<p>El viernes 15 y s\u00e1bado 16 de marzo en el predio de la estaci\u00f3n del Ferrocarril Belgrano (626 y 621) &#8230; <a title=\"Se viene la segunda edici\u00f3n del Altamira Rock\" class=\"read-more\" href=\"https:\/\/www.hoymercedes.com.ar\/principal\/2019\/03\/03\/se-viene-la-segunda-edicion-del-altamira-rock\/\" aria-label=\"Leer m\u00e1s sobre Se viene la segunda edici\u00f3n del Altamira Rock\">Leer m\u00e1s<\/a><\/p>\n","protected":false},"author":1,"featured_media":89019,"comment_status":"closed","ping_status":"open","sticky":false,"template":"","format":"standard","meta":{"_monsterinsights_skip_tracking":false,"_monsterinsights_sitenote_active":false,"_monsterinsights_sitenote_note":"","_monsterinsights_sitenote_category":0,"jetpack_post_was_ever_published":false,"_jetpack_newsletter_access":"","_jetpack_dont_email_post_to_subs":false,"_jetpack_newsletter_tier_id":0,"_jetpack_memberships_contains_paywalled_content":false,"_jetpack_memberships_contains_paid_content":false,"footnotes":"","jetpack_publicize_message":"","jetpack_publicize_feature_enabled":true,"jetpack_social_post_already_shared":true,"jetpack_social_options":{"image_generator_settings":{"template":"highway","default_image_id":0,"font":"","enabled":false},"version":2},"_wpas_customize_per_network":false},"categories":[104],"tags":[14584],"class_list":["post-89018","post","type-post","status-publish","format-standard","has-post-thumbnail","hentry","category-cultura","tag-altamira-rock","generate-columns","tablet-grid-50","mobile-grid-100","grid-parent","grid-50"],"jetpack_publicize_connections":[],"jetpack_featured_media_url":"https:\/\/www.hoymercedes.com.ar\/principal\/wp-content\/uploads\/2019\/03\/AltaMiraRock.jpg","wps_subtitle":"Segunda edici\u00f3n ","jetpack_sharing_enabled":true,"_links":{"self":[{"href":"https:\/\/www.hoymercedes.com.ar\/principal\/wp-json\/wp\/v2\/posts\/89018","targetHints":{"allow":["GET"]}}],"collection":[{"href":"https:\/\/www.hoymercedes.com.ar\/principal\/wp-json\/wp\/v2\/posts"}],"about":[{"href":"https:\/\/www.hoymercedes.com.ar\/principal\/wp-json\/wp\/v2\/types\/post"}],"author":[{"embeddable":true,"href":"https:\/\/www.hoymercedes.com.ar\/principal\/wp-json\/wp\/v2\/users\/1"}],"replies":[{"embeddable":true,"href":"https:\/\/www.hoymercedes.com.ar\/principal\/wp-json\/wp\/v2\/comments?post=89018"}],"version-history":[{"count":0,"href":"https:\/\/www.hoymercedes.com.ar\/principal\/wp-json\/wp\/v2\/posts\/89018\/revisions"}],"wp:featuredmedia":[{"embeddable":true,"href":"https:\/\/www.hoymercedes.com.ar\/principal\/wp-json\/wp\/v2\/media\/89019"}],"wp:attachment":[{"href":"https:\/\/www.hoymercedes.com.ar\/principal\/wp-json\/wp\/v2\/media?parent=89018"}],"wp:term":[{"taxonomy":"category","embeddable":true,"href":"https:\/\/www.hoymercedes.com.ar\/principal\/wp-json\/wp\/v2\/categories?post=89018"},{"taxonomy":"post_tag","embeddable":true,"href":"https:\/\/www.hoymercedes.com.ar\/principal\/wp-json\/wp\/v2\/tags?post=89018"}],"curies":[{"name":"wp","href":"https:\/\/api.w.org\/{rel}","templated":true}]}}