{"id":8905,"date":"2011-11-07T03:21:29","date_gmt":"2011-11-07T03:21:29","guid":{"rendered":"http:\/\/www.hoymercedes.com.ar\/principal\/?p=8905"},"modified":"2011-11-07T03:24:36","modified_gmt":"2011-11-07T03:24:36","slug":"multitudinario-9%c2%b0-festival-aerodeportivo-en-mercedes-fotos","status":"publish","type":"post","link":"https:\/\/www.hoymercedes.com.ar\/principal\/2011\/11\/07\/multitudinario-9%c2%b0-festival-aerodeportivo-en-mercedes-fotos\/","title":{"rendered":"Multitudinario 9\u00b0 Festival Aerodeportivo en Mercedes (Fotos)"},"content":{"rendered":"<p>Durante el fin de semana se llev\u00f3 a cabo en el Aer\u00f3dromo local un nuevo encuentro de aviaci\u00f3n deportiva y de espect\u00e1culo. El noveno y con amplia convocatorio de p\u00fablico tanto el s\u00e1bado como el domingo.<\/p>\n<p>Una importante cantidad de aeronaves, cantinas, artesanos, venta de productos para fan\u00e1ticos y paseos en helic\u00f3pteros fueron parte del encuentro que se calcul\u00f3 convoc\u00f3 no menos de cinco mil personas durante la soleada jornada del domingo.<\/p>\n<p>Los mercedinos, por momentos, debieron hacer cola para poder ingresar con sus veh\u00edculos al predio que se vio colmado con un clima que acompa\u00f1\u00f3 a cada momento.<\/p>\n<p>La novena edici\u00f3n del Festival Aerodeportivo dej\u00f3 un saldo positivo tanto para los organizadores como para los asistentes.<\/p>\n<p>&nbsp;<\/p>\n<p><a href=\"https:\/\/www.hoymercedes.com.ar\/principal\/wp-content\/uploads\/2011\/11\/Aeroclub-06.11.2011008.jpg\"><img loading=\"lazy\" decoding=\"async\" data-attachment-id=\"8907\" data-permalink=\"https:\/\/www.hoymercedes.com.ar\/principal\/2011\/11\/07\/multitudinario-9%c2%b0-festival-aerodeportivo-en-mercedes-fotos\/aeroclub-06-11-2011008\/#main\" data-orig-file=\"https:\/\/www.hoymercedes.com.ar\/principal\/wp-content\/uploads\/2011\/11\/Aeroclub-06.11.2011008.jpg\" data-orig-size=\"612,459\" data-comments-opened=\"1\" data-image-meta=\"{&quot;aperture&quot;:&quot;9&quot;,&quot;credit&quot;:&quot;&quot;,&quot;camera&quot;:&quot;DMC-S1&quot;,&quot;caption&quot;:&quot;&quot;,&quot;created_timestamp&quot;:&quot;1293851213&quot;,&quot;copyright&quot;:&quot;&quot;,&quot;focal_length&quot;:&quot;5&quot;,&quot;iso&quot;:&quot;100&quot;,&quot;shutter_speed&quot;:&quot;0.00625&quot;,&quot;title&quot;:&quot;&quot;}\" data-image-title=\"Aeroclub-06.11.2011008\" data-image-description=\"\" data-image-caption=\"\" data-large-file=\"https:\/\/www.hoymercedes.com.ar\/principal\/wp-content\/uploads\/2011\/11\/Aeroclub-06.11.2011008.jpg\" class=\"aligncenter size-full wp-image-8907\" title=\"Aeroclub-06.11.2011008\" src=\"https:\/\/www.hoymercedes.com.ar\/principal\/wp-content\/uploads\/2011\/11\/Aeroclub-06.11.2011008.jpg\" alt=\"\" width=\"612\" height=\"459\" \/><\/a><\/p>\n<p><a href=\"https:\/\/www.hoymercedes.com.ar\/principal\/wp-content\/uploads\/2011\/11\/Aeroclub-06.11.2011021.jpg\"><img loading=\"lazy\" decoding=\"async\" data-attachment-id=\"8908\" data-permalink=\"https:\/\/www.hoymercedes.com.ar\/principal\/2011\/11\/07\/multitudinario-9%c2%b0-festival-aerodeportivo-en-mercedes-fotos\/aeroclub-06-11-2011021\/#main\" data-orig-file=\"https:\/\/www.hoymercedes.com.ar\/principal\/wp-content\/uploads\/2011\/11\/Aeroclub-06.11.2011021.jpg\" data-orig-size=\"612,459\" data-comments-opened=\"1\" data-image-meta=\"{&quot;aperture&quot;:&quot;6.5&quot;,&quot;credit&quot;:&quot;&quot;,&quot;camera&quot;:&quot;DMC-S1&quot;,&quot;caption&quot;:&quot;&quot;,&quot;created_timestamp&quot;:&quot;1293852970&quot;,&quot;copyright&quot;:&quot;&quot;,&quot;focal_length&quot;:&quot;20&quot;,&quot;iso&quot;:&quot;100&quot;,&quot;shutter_speed&quot;:&quot;0.002&quot;,&quot;title&quot;:&quot;&quot;}\" data-image-title=\"Aeroclub-06.11.2011021\" data-image-description=\"\" data-image-caption=\"\" data-large-file=\"https:\/\/www.hoymercedes.com.ar\/principal\/wp-content\/uploads\/2011\/11\/Aeroclub-06.11.2011021.jpg\" class=\"aligncenter size-full wp-image-8908\" title=\"Aeroclub-06.11.2011021\" src=\"https:\/\/www.hoymercedes.com.ar\/principal\/wp-content\/uploads\/2011\/11\/Aeroclub-06.11.2011021.jpg\" alt=\"\" width=\"612\" height=\"459\" srcset=\"https:\/\/www.hoymercedes.com.ar\/principal\/wp-content\/uploads\/2011\/11\/Aeroclub-06.11.2011021.jpg 612w, https:\/\/www.hoymercedes.com.ar\/principal\/wp-content\/uploads\/2011\/11\/Aeroclub-06.11.2011021-300x225.jpg 300w\" sizes=\"auto, (max-width: 612px) 100vw, 612px\" \/><\/a><\/p>\n<p><a href=\"https:\/\/www.hoymercedes.com.ar\/principal\/wp-content\/uploads\/2011\/11\/Aeroclub-06.11.2011066.jpg\"><img loading=\"lazy\" decoding=\"async\" data-attachment-id=\"8909\" data-permalink=\"https:\/\/www.hoymercedes.com.ar\/principal\/2011\/11\/07\/multitudinario-9%c2%b0-festival-aerodeportivo-en-mercedes-fotos\/aeroclub-06-11-2011066\/#main\" data-orig-file=\"https:\/\/www.hoymercedes.com.ar\/principal\/wp-content\/uploads\/2011\/11\/Aeroclub-06.11.2011066.jpg\" data-orig-size=\"612,459\" data-comments-opened=\"1\" data-image-meta=\"{&quot;aperture&quot;:&quot;6.5&quot;,&quot;credit&quot;:&quot;&quot;,&quot;camera&quot;:&quot;DMC-S1&quot;,&quot;caption&quot;:&quot;&quot;,&quot;created_timestamp&quot;:&quot;1293855851&quot;,&quot;copyright&quot;:&quot;&quot;,&quot;focal_length&quot;:&quot;20&quot;,&quot;iso&quot;:&quot;100&quot;,&quot;shutter_speed&quot;:&quot;0.002&quot;,&quot;title&quot;:&quot;&quot;}\" data-image-title=\"Aeroclub-06.11.2011066\" data-image-description=\"\" data-image-caption=\"\" data-large-file=\"https:\/\/www.hoymercedes.com.ar\/principal\/wp-content\/uploads\/2011\/11\/Aeroclub-06.11.2011066.jpg\" class=\"aligncenter size-full wp-image-8909\" title=\"Aeroclub-06.11.2011066\" src=\"https:\/\/www.hoymercedes.com.ar\/principal\/wp-content\/uploads\/2011\/11\/Aeroclub-06.11.2011066.jpg\" alt=\"\" width=\"612\" height=\"459\" srcset=\"https:\/\/www.hoymercedes.com.ar\/principal\/wp-content\/uploads\/2011\/11\/Aeroclub-06.11.2011066.jpg 612w, https:\/\/www.hoymercedes.com.ar\/principal\/wp-content\/uploads\/2011\/11\/Aeroclub-06.11.2011066-300x225.jpg 300w\" sizes=\"auto, (max-width: 612px) 100vw, 612px\" \/><\/a><\/p>\n<p><a href=\"https:\/\/www.hoymercedes.com.ar\/principal\/wp-content\/uploads\/2011\/11\/Aeroclub-06.11.2011044.jpg\"><img loading=\"lazy\" decoding=\"async\" data-attachment-id=\"8910\" data-permalink=\"https:\/\/www.hoymercedes.com.ar\/principal\/2011\/11\/07\/multitudinario-9%c2%b0-festival-aerodeportivo-en-mercedes-fotos\/aeroclub-06-11-2011044\/#main\" data-orig-file=\"https:\/\/www.hoymercedes.com.ar\/principal\/wp-content\/uploads\/2011\/11\/Aeroclub-06.11.2011044.jpg\" data-orig-size=\"612,459\" data-comments-opened=\"1\" data-image-meta=\"{&quot;aperture&quot;:&quot;6.5&quot;,&quot;credit&quot;:&quot;&quot;,&quot;camera&quot;:&quot;DMC-S1&quot;,&quot;caption&quot;:&quot;&quot;,&quot;created_timestamp&quot;:&quot;1293854537&quot;,&quot;copyright&quot;:&quot;&quot;,&quot;focal_length&quot;:&quot;20&quot;,&quot;iso&quot;:&quot;100&quot;,&quot;shutter_speed&quot;:&quot;0.0025&quot;,&quot;title&quot;:&quot;&quot;}\" data-image-title=\"Aeroclub-06.11.2011044\" data-image-description=\"\" data-image-caption=\"\" data-large-file=\"https:\/\/www.hoymercedes.com.ar\/principal\/wp-content\/uploads\/2011\/11\/Aeroclub-06.11.2011044.jpg\" class=\"aligncenter size-full wp-image-8910\" title=\"Aeroclub-06.11.2011044\" src=\"https:\/\/www.hoymercedes.com.ar\/principal\/wp-content\/uploads\/2011\/11\/Aeroclub-06.11.2011044.jpg\" alt=\"\" width=\"612\" height=\"459\" srcset=\"https:\/\/www.hoymercedes.com.ar\/principal\/wp-content\/uploads\/2011\/11\/Aeroclub-06.11.2011044.jpg 612w, https:\/\/www.hoymercedes.com.ar\/principal\/wp-content\/uploads\/2011\/11\/Aeroclub-06.11.2011044-300x225.jpg 300w\" sizes=\"auto, (max-width: 612px) 100vw, 612px\" \/><\/a><\/p>\n<p><a href=\"https:\/\/www.hoymercedes.com.ar\/principal\/wp-content\/uploads\/2011\/11\/Aeroclub-06.11.2011050.jpg\"><img loading=\"lazy\" decoding=\"async\" data-attachment-id=\"8911\" data-permalink=\"https:\/\/www.hoymercedes.com.ar\/principal\/2011\/11\/07\/multitudinario-9%c2%b0-festival-aerodeportivo-en-mercedes-fotos\/aeroclub-06-11-2011050\/#main\" data-orig-file=\"https:\/\/www.hoymercedes.com.ar\/principal\/wp-content\/uploads\/2011\/11\/Aeroclub-06.11.2011050.jpg\" data-orig-size=\"612,459\" data-comments-opened=\"1\" data-image-meta=\"{&quot;aperture&quot;:&quot;6.2&quot;,&quot;credit&quot;:&quot;&quot;,&quot;camera&quot;:&quot;DMC-S1&quot;,&quot;caption&quot;:&quot;&quot;,&quot;created_timestamp&quot;:&quot;1293855330&quot;,&quot;copyright&quot;:&quot;&quot;,&quot;focal_length&quot;:&quot;17.5&quot;,&quot;iso&quot;:&quot;100&quot;,&quot;shutter_speed&quot;:&quot;0.002&quot;,&quot;title&quot;:&quot;&quot;}\" data-image-title=\"Aeroclub-06.11.2011050\" data-image-description=\"\" data-image-caption=\"\" data-large-file=\"https:\/\/www.hoymercedes.com.ar\/principal\/wp-content\/uploads\/2011\/11\/Aeroclub-06.11.2011050.jpg\" class=\"aligncenter size-full wp-image-8911\" title=\"Aeroclub-06.11.2011050\" src=\"https:\/\/www.hoymercedes.com.ar\/principal\/wp-content\/uploads\/2011\/11\/Aeroclub-06.11.2011050.jpg\" alt=\"\" width=\"612\" height=\"459\" srcset=\"https:\/\/www.hoymercedes.com.ar\/principal\/wp-content\/uploads\/2011\/11\/Aeroclub-06.11.2011050.jpg 612w, https:\/\/www.hoymercedes.com.ar\/principal\/wp-content\/uploads\/2011\/11\/Aeroclub-06.11.2011050-300x225.jpg 300w\" sizes=\"auto, (max-width: 612px) 100vw, 612px\" \/><\/a><\/p>\n<p><a href=\"https:\/\/www.hoymercedes.com.ar\/principal\/wp-content\/uploads\/2011\/11\/Aeroclub-06.11.2011048.jpg\"><img loading=\"lazy\" decoding=\"async\" data-attachment-id=\"8912\" data-permalink=\"https:\/\/www.hoymercedes.com.ar\/principal\/2011\/11\/07\/multitudinario-9%c2%b0-festival-aerodeportivo-en-mercedes-fotos\/aeroclub-06-11-2011048\/#main\" data-orig-file=\"https:\/\/www.hoymercedes.com.ar\/principal\/wp-content\/uploads\/2011\/11\/Aeroclub-06.11.2011048.jpg\" data-orig-size=\"612,459\" data-comments-opened=\"1\" data-image-meta=\"{&quot;aperture&quot;:&quot;6.2&quot;,&quot;credit&quot;:&quot;&quot;,&quot;camera&quot;:&quot;DMC-S1&quot;,&quot;caption&quot;:&quot;&quot;,&quot;created_timestamp&quot;:&quot;1293855276&quot;,&quot;copyright&quot;:&quot;&quot;,&quot;focal_length&quot;:&quot;17.5&quot;,&quot;iso&quot;:&quot;100&quot;,&quot;shutter_speed&quot;:&quot;0.0025&quot;,&quot;title&quot;:&quot;&quot;}\" data-image-title=\"Aeroclub-06.11.2011048\" data-image-description=\"\" data-image-caption=\"\" data-large-file=\"https:\/\/www.hoymercedes.com.ar\/principal\/wp-content\/uploads\/2011\/11\/Aeroclub-06.11.2011048.jpg\" class=\"aligncenter size-full wp-image-8912\" title=\"Aeroclub-06.11.2011048\" src=\"https:\/\/www.hoymercedes.com.ar\/principal\/wp-content\/uploads\/2011\/11\/Aeroclub-06.11.2011048.jpg\" alt=\"\" width=\"612\" height=\"459\" srcset=\"https:\/\/www.hoymercedes.com.ar\/principal\/wp-content\/uploads\/2011\/11\/Aeroclub-06.11.2011048.jpg 612w, https:\/\/www.hoymercedes.com.ar\/principal\/wp-content\/uploads\/2011\/11\/Aeroclub-06.11.2011048-300x225.jpg 300w\" sizes=\"auto, (max-width: 612px) 100vw, 612px\" \/><\/a><\/p>\n<p><a href=\"https:\/\/www.hoymercedes.com.ar\/principal\/wp-content\/uploads\/2011\/11\/Aeroclub-06.11.2011047.jpg\"><img loading=\"lazy\" decoding=\"async\" data-attachment-id=\"8913\" data-permalink=\"https:\/\/www.hoymercedes.com.ar\/principal\/2011\/11\/07\/multitudinario-9%c2%b0-festival-aerodeportivo-en-mercedes-fotos\/aeroclub-06-11-2011047\/#main\" data-orig-file=\"https:\/\/www.hoymercedes.com.ar\/principal\/wp-content\/uploads\/2011\/11\/Aeroclub-06.11.2011047.jpg\" data-orig-size=\"612,459\" data-comments-opened=\"1\" data-image-meta=\"{&quot;aperture&quot;:&quot;18&quot;,&quot;credit&quot;:&quot;&quot;,&quot;camera&quot;:&quot;DMC-S1&quot;,&quot;caption&quot;:&quot;&quot;,&quot;created_timestamp&quot;:&quot;1293854851&quot;,&quot;copyright&quot;:&quot;&quot;,&quot;focal_length&quot;:&quot;17.5&quot;,&quot;iso&quot;:&quot;320&quot;,&quot;shutter_speed&quot;:&quot;0.004&quot;,&quot;title&quot;:&quot;&quot;}\" data-image-title=\"Aeroclub-06.11.2011047\" data-image-description=\"\" data-image-caption=\"\" data-large-file=\"https:\/\/www.hoymercedes.com.ar\/principal\/wp-content\/uploads\/2011\/11\/Aeroclub-06.11.2011047.jpg\" class=\"aligncenter size-full wp-image-8913\" title=\"Aeroclub-06.11.2011047\" src=\"https:\/\/www.hoymercedes.com.ar\/principal\/wp-content\/uploads\/2011\/11\/Aeroclub-06.11.2011047.jpg\" alt=\"\" width=\"612\" height=\"459\" srcset=\"https:\/\/www.hoymercedes.com.ar\/principal\/wp-content\/uploads\/2011\/11\/Aeroclub-06.11.2011047.jpg 612w, https:\/\/www.hoymercedes.com.ar\/principal\/wp-content\/uploads\/2011\/11\/Aeroclub-06.11.2011047-300x225.jpg 300w\" sizes=\"auto, (max-width: 612px) 100vw, 612px\" \/><\/a><\/p>\n<p><a href=\"https:\/\/www.hoymercedes.com.ar\/principal\/wp-content\/uploads\/2011\/11\/Aeroclub-06.11.2011067.jpg\"><img loading=\"lazy\" decoding=\"async\" data-attachment-id=\"8914\" data-permalink=\"https:\/\/www.hoymercedes.com.ar\/principal\/2011\/11\/07\/multitudinario-9%c2%b0-festival-aerodeportivo-en-mercedes-fotos\/aeroclub-06-11-2011067\/#main\" data-orig-file=\"https:\/\/www.hoymercedes.com.ar\/principal\/wp-content\/uploads\/2011\/11\/Aeroclub-06.11.2011067.jpg\" data-orig-size=\"612,459\" data-comments-opened=\"1\" data-image-meta=\"{&quot;aperture&quot;:&quot;3.1&quot;,&quot;credit&quot;:&quot;&quot;,&quot;camera&quot;:&quot;DMC-S1&quot;,&quot;caption&quot;:&quot;&quot;,&quot;created_timestamp&quot;:&quot;1293855921&quot;,&quot;copyright&quot;:&quot;&quot;,&quot;focal_length&quot;:&quot;5&quot;,&quot;iso&quot;:&quot;100&quot;,&quot;shutter_speed&quot;:&quot;0.002&quot;,&quot;title&quot;:&quot;&quot;}\" data-image-title=\"Aeroclub-06.11.2011067\" data-image-description=\"\" data-image-caption=\"\" data-large-file=\"https:\/\/www.hoymercedes.com.ar\/principal\/wp-content\/uploads\/2011\/11\/Aeroclub-06.11.2011067.jpg\" class=\"aligncenter size-full wp-image-8914\" title=\"Aeroclub-06.11.2011067\" src=\"https:\/\/www.hoymercedes.com.ar\/principal\/wp-content\/uploads\/2011\/11\/Aeroclub-06.11.2011067.jpg\" alt=\"\" width=\"612\" height=\"459\" srcset=\"https:\/\/www.hoymercedes.com.ar\/principal\/wp-content\/uploads\/2011\/11\/Aeroclub-06.11.2011067.jpg 612w, https:\/\/www.hoymercedes.com.ar\/principal\/wp-content\/uploads\/2011\/11\/Aeroclub-06.11.2011067-300x225.jpg 300w\" sizes=\"auto, (max-width: 612px) 100vw, 612px\" \/><\/a><\/p>\n<p><a href=\"https:\/\/www.hoymercedes.com.ar\/principal\/wp-content\/uploads\/2011\/11\/Aeroclub-06.11.2011006.jpg\"><img loading=\"lazy\" decoding=\"async\" data-attachment-id=\"8915\" data-permalink=\"https:\/\/www.hoymercedes.com.ar\/principal\/2011\/11\/07\/multitudinario-9%c2%b0-festival-aerodeportivo-en-mercedes-fotos\/aeroclub-06-11-2011006\/#main\" data-orig-file=\"https:\/\/www.hoymercedes.com.ar\/principal\/wp-content\/uploads\/2011\/11\/Aeroclub-06.11.2011006.jpg\" data-orig-size=\"612,459\" data-comments-opened=\"1\" data-image-meta=\"{&quot;aperture&quot;:&quot;9&quot;,&quot;credit&quot;:&quot;&quot;,&quot;camera&quot;:&quot;DMC-S1&quot;,&quot;caption&quot;:&quot;&quot;,&quot;created_timestamp&quot;:&quot;1293851186&quot;,&quot;copyright&quot;:&quot;&quot;,&quot;focal_length&quot;:&quot;5&quot;,&quot;iso&quot;:&quot;100&quot;,&quot;shutter_speed&quot;:&quot;0.00625&quot;,&quot;title&quot;:&quot;&quot;}\" data-image-title=\"Aeroclub-06.11.2011006\" data-image-description=\"\" data-image-caption=\"\" data-large-file=\"https:\/\/www.hoymercedes.com.ar\/principal\/wp-content\/uploads\/2011\/11\/Aeroclub-06.11.2011006.jpg\" class=\"aligncenter size-full wp-image-8915\" title=\"Aeroclub-06.11.2011006\" src=\"https:\/\/www.hoymercedes.com.ar\/principal\/wp-content\/uploads\/2011\/11\/Aeroclub-06.11.2011006.jpg\" alt=\"\" width=\"612\" height=\"459\" srcset=\"https:\/\/www.hoymercedes.com.ar\/principal\/wp-content\/uploads\/2011\/11\/Aeroclub-06.11.2011006.jpg 612w, https:\/\/www.hoymercedes.com.ar\/principal\/wp-content\/uploads\/2011\/11\/Aeroclub-06.11.2011006-300x225.jpg 300w\" sizes=\"auto, (max-width: 612px) 100vw, 612px\" \/><\/a><\/p>\n<p><a href=\"https:\/\/www.hoymercedes.com.ar\/principal\/wp-content\/uploads\/2011\/11\/Aeroclub-06.11.2011045.jpg\"><img loading=\"lazy\" decoding=\"async\" data-attachment-id=\"8916\" data-permalink=\"https:\/\/www.hoymercedes.com.ar\/principal\/2011\/11\/07\/multitudinario-9%c2%b0-festival-aerodeportivo-en-mercedes-fotos\/aeroclub-06-11-2011045\/#main\" data-orig-file=\"https:\/\/www.hoymercedes.com.ar\/principal\/wp-content\/uploads\/2011\/11\/Aeroclub-06.11.2011045.jpg\" data-orig-size=\"612,459\" data-comments-opened=\"1\" data-image-meta=\"{&quot;aperture&quot;:&quot;6.2&quot;,&quot;credit&quot;:&quot;&quot;,&quot;camera&quot;:&quot;DMC-S1&quot;,&quot;caption&quot;:&quot;&quot;,&quot;created_timestamp&quot;:&quot;1293854744&quot;,&quot;copyright&quot;:&quot;&quot;,&quot;focal_length&quot;:&quot;17.5&quot;,&quot;iso&quot;:&quot;100&quot;,&quot;shutter_speed&quot;:&quot;0.003125&quot;,&quot;title&quot;:&quot;&quot;}\" data-image-title=\"Aeroclub-06.11.2011045\" data-image-description=\"\" data-image-caption=\"\" data-large-file=\"https:\/\/www.hoymercedes.com.ar\/principal\/wp-content\/uploads\/2011\/11\/Aeroclub-06.11.2011045.jpg\" class=\"aligncenter size-full wp-image-8916\" title=\"Aeroclub-06.11.2011045\" src=\"https:\/\/www.hoymercedes.com.ar\/principal\/wp-content\/uploads\/2011\/11\/Aeroclub-06.11.2011045.jpg\" alt=\"\" width=\"612\" height=\"459\" srcset=\"https:\/\/www.hoymercedes.com.ar\/principal\/wp-content\/uploads\/2011\/11\/Aeroclub-06.11.2011045.jpg 612w, https:\/\/www.hoymercedes.com.ar\/principal\/wp-content\/uploads\/2011\/11\/Aeroclub-06.11.2011045-300x225.jpg 300w\" sizes=\"auto, (max-width: 612px) 100vw, 612px\" \/><\/a><\/p>\n<p><a href=\"https:\/\/www.hoymercedes.com.ar\/principal\/wp-content\/uploads\/2011\/11\/Aeroclub-06.11.2011061.jpg\"><img loading=\"lazy\" decoding=\"async\" data-attachment-id=\"8917\" data-permalink=\"https:\/\/www.hoymercedes.com.ar\/principal\/2011\/11\/07\/multitudinario-9%c2%b0-festival-aerodeportivo-en-mercedes-fotos\/aeroclub-06-11-2011061\/#main\" data-orig-file=\"https:\/\/www.hoymercedes.com.ar\/principal\/wp-content\/uploads\/2011\/11\/Aeroclub-06.11.2011061.jpg\" data-orig-size=\"612,459\" data-comments-opened=\"1\" data-image-meta=\"{&quot;aperture&quot;:&quot;13&quot;,&quot;credit&quot;:&quot;&quot;,&quot;camera&quot;:&quot;DMC-S1&quot;,&quot;caption&quot;:&quot;&quot;,&quot;created_timestamp&quot;:&quot;1293855696&quot;,&quot;copyright&quot;:&quot;&quot;,&quot;focal_length&quot;:&quot;10&quot;,&quot;iso&quot;:&quot;200&quot;,&quot;shutter_speed&quot;:&quot;0.00625&quot;,&quot;title&quot;:&quot;&quot;}\" data-image-title=\"Aeroclub-06.11.2011061\" data-image-description=\"\" data-image-caption=\"\" data-large-file=\"https:\/\/www.hoymercedes.com.ar\/principal\/wp-content\/uploads\/2011\/11\/Aeroclub-06.11.2011061.jpg\" class=\"aligncenter size-full wp-image-8917\" title=\"Aeroclub-06.11.2011061\" src=\"https:\/\/www.hoymercedes.com.ar\/principal\/wp-content\/uploads\/2011\/11\/Aeroclub-06.11.2011061.jpg\" alt=\"\" width=\"612\" height=\"459\" srcset=\"https:\/\/www.hoymercedes.com.ar\/principal\/wp-content\/uploads\/2011\/11\/Aeroclub-06.11.2011061.jpg 612w, https:\/\/www.hoymercedes.com.ar\/principal\/wp-content\/uploads\/2011\/11\/Aeroclub-06.11.2011061-300x225.jpg 300w\" sizes=\"auto, (max-width: 612px) 100vw, 612px\" \/><\/a><\/p>\n<p><a href=\"https:\/\/www.hoymercedes.com.ar\/principal\/wp-content\/uploads\/2011\/11\/Aeroclub-06.11.2011076.jpg\"><img loading=\"lazy\" decoding=\"async\" data-attachment-id=\"8918\" data-permalink=\"https:\/\/www.hoymercedes.com.ar\/principal\/2011\/11\/07\/multitudinario-9%c2%b0-festival-aerodeportivo-en-mercedes-fotos\/aeroclub-06-11-2011076\/#main\" data-orig-file=\"https:\/\/www.hoymercedes.com.ar\/principal\/wp-content\/uploads\/2011\/11\/Aeroclub-06.11.2011076.jpg\" data-orig-size=\"612,459\" data-comments-opened=\"1\" data-image-meta=\"{&quot;aperture&quot;:&quot;6.5&quot;,&quot;credit&quot;:&quot;&quot;,&quot;camera&quot;:&quot;DMC-S1&quot;,&quot;caption&quot;:&quot;&quot;,&quot;created_timestamp&quot;:&quot;1293856686&quot;,&quot;copyright&quot;:&quot;&quot;,&quot;focal_length&quot;:&quot;20&quot;,&quot;iso&quot;:&quot;100&quot;,&quot;shutter_speed&quot;:&quot;0.003125&quot;,&quot;title&quot;:&quot;&quot;}\" data-image-title=\"Aeroclub-06.11.2011076\" data-image-description=\"\" data-image-caption=\"\" data-large-file=\"https:\/\/www.hoymercedes.com.ar\/principal\/wp-content\/uploads\/2011\/11\/Aeroclub-06.11.2011076.jpg\" class=\"aligncenter size-full wp-image-8918\" title=\"Aeroclub-06.11.2011076\" src=\"https:\/\/www.hoymercedes.com.ar\/principal\/wp-content\/uploads\/2011\/11\/Aeroclub-06.11.2011076.jpg\" alt=\"\" width=\"612\" height=\"459\" srcset=\"https:\/\/www.hoymercedes.com.ar\/principal\/wp-content\/uploads\/2011\/11\/Aeroclub-06.11.2011076.jpg 612w, https:\/\/www.hoymercedes.com.ar\/principal\/wp-content\/uploads\/2011\/11\/Aeroclub-06.11.2011076-300x225.jpg 300w\" sizes=\"auto, (max-width: 612px) 100vw, 612px\" \/><\/a><\/p>\n<p><a href=\"https:\/\/www.hoymercedes.com.ar\/principal\/wp-content\/uploads\/2011\/11\/Aeroclub-06.11.2011079.jpg\"><img loading=\"lazy\" decoding=\"async\" data-attachment-id=\"8919\" data-permalink=\"https:\/\/www.hoymercedes.com.ar\/principal\/2011\/11\/07\/multitudinario-9%c2%b0-festival-aerodeportivo-en-mercedes-fotos\/aeroclub-06-11-2011079\/#main\" data-orig-file=\"https:\/\/www.hoymercedes.com.ar\/principal\/wp-content\/uploads\/2011\/11\/Aeroclub-06.11.2011079.jpg\" data-orig-size=\"612,459\" data-comments-opened=\"1\" data-image-meta=\"{&quot;aperture&quot;:&quot;5&quot;,&quot;credit&quot;:&quot;&quot;,&quot;camera&quot;:&quot;DMC-S1&quot;,&quot;caption&quot;:&quot;&quot;,&quot;created_timestamp&quot;:&quot;1293856706&quot;,&quot;copyright&quot;:&quot;&quot;,&quot;focal_length&quot;:&quot;12.5&quot;,&quot;iso&quot;:&quot;100&quot;,&quot;shutter_speed&quot;:&quot;0.0015625&quot;,&quot;title&quot;:&quot;&quot;}\" data-image-title=\"Aeroclub-06.11.2011079\" data-image-description=\"\" data-image-caption=\"\" data-large-file=\"https:\/\/www.hoymercedes.com.ar\/principal\/wp-content\/uploads\/2011\/11\/Aeroclub-06.11.2011079.jpg\" class=\"aligncenter size-full wp-image-8919\" title=\"Aeroclub-06.11.2011079\" src=\"https:\/\/www.hoymercedes.com.ar\/principal\/wp-content\/uploads\/2011\/11\/Aeroclub-06.11.2011079.jpg\" alt=\"\" width=\"612\" height=\"459\" srcset=\"https:\/\/www.hoymercedes.com.ar\/principal\/wp-content\/uploads\/2011\/11\/Aeroclub-06.11.2011079.jpg 612w, https:\/\/www.hoymercedes.com.ar\/principal\/wp-content\/uploads\/2011\/11\/Aeroclub-06.11.2011079-300x225.jpg 300w\" sizes=\"auto, (max-width: 612px) 100vw, 612px\" \/><\/a><\/p>\n","protected":false},"excerpt":{"rendered":"<p>Durante el fin de semana se llev\u00f3 a cabo en el Aer\u00f3dromo local un nuevo encuentro de aviaci\u00f3n deportiva y &#8230; <a title=\"Multitudinario 9\u00b0 Festival Aerodeportivo en Mercedes (Fotos)\" class=\"read-more\" href=\"https:\/\/www.hoymercedes.com.ar\/principal\/2011\/11\/07\/multitudinario-9%c2%b0-festival-aerodeportivo-en-mercedes-fotos\/\" aria-label=\"Leer m\u00e1s sobre Multitudinario 9\u00b0 Festival Aerodeportivo en Mercedes (Fotos)\">Leer m\u00e1s<\/a><\/p>\n","protected":false},"author":1,"featured_media":0,"comment_status":"open","ping_status":"open","sticky":false,"template":"","format":"standard","meta":{"_monsterinsights_skip_tracking":false,"_monsterinsights_sitenote_active":false,"_monsterinsights_sitenote_note":"","_monsterinsights_sitenote_category":0,"jetpack_post_was_ever_published":false,"_jetpack_newsletter_access":"","_jetpack_dont_email_post_to_subs":false,"_jetpack_newsletter_tier_id":0,"_jetpack_memberships_contains_paywalled_content":false,"_jetpack_memberships_contains_paid_content":false,"footnotes":"","jetpack_publicize_message":"","jetpack_publicize_feature_enabled":true,"jetpack_social_post_already_shared":false,"jetpack_social_options":{"image_generator_settings":{"template":"highway","default_image_id":0,"font":"","enabled":false},"version":2},"_wpas_customize_per_network":false},"categories":[8],"tags":[1555],"class_list":["post-8905","post","type-post","status-publish","format-standard","hentry","category-sociedad","tag-festival-aerodeportivo","generate-columns","tablet-grid-50","mobile-grid-100","grid-parent","grid-50"],"jetpack_publicize_connections":[],"jetpack_featured_media_url":"","wps_subtitle":"","jetpack_sharing_enabled":true,"_links":{"self":[{"href":"https:\/\/www.hoymercedes.com.ar\/principal\/wp-json\/wp\/v2\/posts\/8905","targetHints":{"allow":["GET"]}}],"collection":[{"href":"https:\/\/www.hoymercedes.com.ar\/principal\/wp-json\/wp\/v2\/posts"}],"about":[{"href":"https:\/\/www.hoymercedes.com.ar\/principal\/wp-json\/wp\/v2\/types\/post"}],"author":[{"embeddable":true,"href":"https:\/\/www.hoymercedes.com.ar\/principal\/wp-json\/wp\/v2\/users\/1"}],"replies":[{"embeddable":true,"href":"https:\/\/www.hoymercedes.com.ar\/principal\/wp-json\/wp\/v2\/comments?post=8905"}],"version-history":[{"count":0,"href":"https:\/\/www.hoymercedes.com.ar\/principal\/wp-json\/wp\/v2\/posts\/8905\/revisions"}],"wp:attachment":[{"href":"https:\/\/www.hoymercedes.com.ar\/principal\/wp-json\/wp\/v2\/media?parent=8905"}],"wp:term":[{"taxonomy":"category","embeddable":true,"href":"https:\/\/www.hoymercedes.com.ar\/principal\/wp-json\/wp\/v2\/categories?post=8905"},{"taxonomy":"post_tag","embeddable":true,"href":"https:\/\/www.hoymercedes.com.ar\/principal\/wp-json\/wp\/v2\/tags?post=8905"}],"curies":[{"name":"wp","href":"https:\/\/api.w.org\/{rel}","templated":true}]}}