{"id":89091,"date":"2019-03-07T10:17:55","date_gmt":"2019-03-07T13:17:55","guid":{"rendered":"http:\/\/www.hoymercedes.com.ar\/principal\/?p=89091"},"modified":"2019-03-07T10:18:00","modified_gmt":"2019-03-07T13:18:00","slug":"capitana-marvel-en-estreno-en-cine-mercedes","status":"publish","type":"post","link":"https:\/\/www.hoymercedes.com.ar\/principal\/2019\/03\/07\/capitana-marvel-en-estreno-en-cine-mercedes\/","title":{"rendered":"Capitana Marvel en estreno en Cine Mercedes"},"content":{"rendered":"\n<p>El Cine Mercedes estrena este viernes 8 de marzo una de las pel\u00edculas m\u00e1s esperadas del mundo Marvel. Se trata de Capitana Marvel. Del 8 al 12 de marzo, las funciones ser\u00e1n a las 19:30 (3D castellano) y 22 horas (2D subtitulada). <\/p>\n\n\n\n<figure class=\"wp-block-image\"><img loading=\"lazy\" decoding=\"async\" width=\"750\" height=\"312\" data-attachment-id=\"89092\" data-permalink=\"https:\/\/www.hoymercedes.com.ar\/principal\/2019\/03\/07\/capitana-marvel-en-estreno-en-cine-mercedes\/07-cine-marvel\/#main\" data-orig-file=\"https:\/\/www.hoymercedes.com.ar\/principal\/wp-content\/uploads\/2019\/03\/07-cine-marvel.jpg\" data-orig-size=\"750,312\" data-comments-opened=\"0\" data-image-meta=\"{&quot;aperture&quot;:&quot;0&quot;,&quot;credit&quot;:&quot;&quot;,&quot;camera&quot;:&quot;&quot;,&quot;caption&quot;:&quot;&quot;,&quot;created_timestamp&quot;:&quot;0&quot;,&quot;copyright&quot;:&quot;&quot;,&quot;focal_length&quot;:&quot;0&quot;,&quot;iso&quot;:&quot;0&quot;,&quot;shutter_speed&quot;:&quot;0&quot;,&quot;title&quot;:&quot;&quot;,&quot;orientation&quot;:&quot;0&quot;}\" data-image-title=\"07 cine marvel\" data-image-description=\"\" data-image-caption=\"\" data-large-file=\"https:\/\/www.hoymercedes.com.ar\/principal\/wp-content\/uploads\/2019\/03\/07-cine-marvel.jpg\" src=\"https:\/\/www.hoymercedes.com.ar\/principal\/wp-content\/uploads\/2019\/03\/07-cine-marvel.jpg\" alt=\"\" class=\"wp-image-89092\" srcset=\"https:\/\/www.hoymercedes.com.ar\/principal\/wp-content\/uploads\/2019\/03\/07-cine-marvel.jpg 750w, https:\/\/www.hoymercedes.com.ar\/principal\/wp-content\/uploads\/2019\/03\/07-cine-marvel-150x62.jpg 150w, https:\/\/www.hoymercedes.com.ar\/principal\/wp-content\/uploads\/2019\/03\/07-cine-marvel-630x262.jpg 630w\" sizes=\"auto, (max-width: 750px) 100vw, 750px\" \/><\/figure>\n\n\n\n<p>\u00abCapitana Marvel\u00bb (+13) Del viernes 8 al martes 12 de marzo. Funciones: 19:30 hs. (3D &#8211; castellano) y 22:00 hs. (2D &#8211; subtitulada). Sinopsis: Primera entrega de Capitana Marvel, tambi\u00e9n conocida con el nombre de Carol Danvers (que est\u00e1 interpretada por Brie Larson). Esta pel\u00edcula contar\u00e1 los or\u00edgenes del personaje, del cual ya se hizo menci\u00f3n en la escena despu\u00e9s de los cr\u00e9ditos de Avengers: Infinity War. Carol Danvers cuenta con incre\u00edbles poderes: puede volar m\u00e1s r\u00e1pido que la velocidad del sonido, puede absorver energ\u00eda para ampliar su poder y cuenta con una gran fuerza y resistencia. Todos estos poderes la ayudar\u00e1n a enfrentarse a dos peligrosas razas alien\u00edgenas que amenazan a la Tierra. Direcci\u00f3n: Anna Boden, Ryan Fleck. Actores: Brie Larson, Jude Law, Samuel L. Jackson. G\u00e9nero: Comic, Aventuras. Origen: Estados Unidos. Duraci\u00f3n: 124 minutos. Calificaci\u00f3n: Apta para mayores de 13 a\u00f1os.<\/p>\n\n\n\n<figure class=\"wp-block-embed-facebook wp-block-embed is-type-video is-provider-facebook\"><div class=\"wp-block-embed__wrapper\">\n<div class=\"fb-video\" data-allowfullscreen=\"true\" data-href=\"https:\/\/www.facebook.com\/CineMercedes\/videos\/322796721775037\/\" style=\"background-color: #fff; display: inline-block;\"><\/div>\n<\/div><\/figure>\n","protected":false},"excerpt":{"rendered":"<p>El Cine Mercedes estrena este viernes 8 de marzo una de las pel\u00edculas m\u00e1s esperadas del mundo Marvel. Se trata &#8230; <a title=\"Capitana Marvel en estreno en Cine Mercedes\" class=\"read-more\" href=\"https:\/\/www.hoymercedes.com.ar\/principal\/2019\/03\/07\/capitana-marvel-en-estreno-en-cine-mercedes\/\" aria-label=\"Leer m\u00e1s sobre Capitana Marvel en estreno en Cine Mercedes\">Leer m\u00e1s<\/a><\/p>\n","protected":false},"author":1,"featured_media":89092,"comment_status":"closed","ping_status":"open","sticky":false,"template":"","format":"standard","meta":{"_monsterinsights_skip_tracking":false,"_monsterinsights_sitenote_active":false,"_monsterinsights_sitenote_note":"","_monsterinsights_sitenote_category":0,"jetpack_post_was_ever_published":false,"_jetpack_newsletter_access":"","_jetpack_dont_email_post_to_subs":false,"_jetpack_newsletter_tier_id":0,"_jetpack_memberships_contains_paywalled_content":false,"_jetpack_memberships_contains_paid_content":false,"footnotes":"","jetpack_publicize_message":"","jetpack_publicize_feature_enabled":true,"jetpack_social_post_already_shared":true,"jetpack_social_options":{"image_generator_settings":{"template":"highway","default_image_id":0,"font":"","enabled":false},"version":2},"_wpas_customize_per_network":false},"categories":[104],"tags":[],"class_list":["post-89091","post","type-post","status-publish","format-standard","has-post-thumbnail","hentry","category-cultura","generate-columns","tablet-grid-50","mobile-grid-100","grid-parent","grid-50"],"jetpack_publicize_connections":[],"jetpack_featured_media_url":"https:\/\/www.hoymercedes.com.ar\/principal\/wp-content\/uploads\/2019\/03\/07-cine-marvel.jpg","wps_subtitle":"","jetpack_sharing_enabled":true,"_links":{"self":[{"href":"https:\/\/www.hoymercedes.com.ar\/principal\/wp-json\/wp\/v2\/posts\/89091","targetHints":{"allow":["GET"]}}],"collection":[{"href":"https:\/\/www.hoymercedes.com.ar\/principal\/wp-json\/wp\/v2\/posts"}],"about":[{"href":"https:\/\/www.hoymercedes.com.ar\/principal\/wp-json\/wp\/v2\/types\/post"}],"author":[{"embeddable":true,"href":"https:\/\/www.hoymercedes.com.ar\/principal\/wp-json\/wp\/v2\/users\/1"}],"replies":[{"embeddable":true,"href":"https:\/\/www.hoymercedes.com.ar\/principal\/wp-json\/wp\/v2\/comments?post=89091"}],"version-history":[{"count":0,"href":"https:\/\/www.hoymercedes.com.ar\/principal\/wp-json\/wp\/v2\/posts\/89091\/revisions"}],"wp:featuredmedia":[{"embeddable":true,"href":"https:\/\/www.hoymercedes.com.ar\/principal\/wp-json\/wp\/v2\/media\/89092"}],"wp:attachment":[{"href":"https:\/\/www.hoymercedes.com.ar\/principal\/wp-json\/wp\/v2\/media?parent=89091"}],"wp:term":[{"taxonomy":"category","embeddable":true,"href":"https:\/\/www.hoymercedes.com.ar\/principal\/wp-json\/wp\/v2\/categories?post=89091"},{"taxonomy":"post_tag","embeddable":true,"href":"https:\/\/www.hoymercedes.com.ar\/principal\/wp-json\/wp\/v2\/tags?post=89091"}],"curies":[{"name":"wp","href":"https:\/\/api.w.org\/{rel}","templated":true}]}}