{"id":89098,"date":"2019-03-07T21:46:25","date_gmt":"2019-03-08T00:46:25","guid":{"rendered":"http:\/\/www.hoymercedes.com.ar\/principal\/?p=89098"},"modified":"2019-03-07T21:46:31","modified_gmt":"2019-03-08T00:46:31","slug":"con-anuncios-y-repaso-de-gestion-ustarroz-dio-inicio-a-la-sesiones-del-concejo-deliberante","status":"publish","type":"post","link":"https:\/\/www.hoymercedes.com.ar\/principal\/2019\/03\/07\/con-anuncios-y-repaso-de-gestion-ustarroz-dio-inicio-a-la-sesiones-del-concejo-deliberante\/","title":{"rendered":"Con anuncios y repaso de gesti\u00f3n Ustarroz dio inicio a la sesiones del Concejo Deliberante"},"content":{"rendered":"\n<figure class=\"wp-block-image\"><img loading=\"lazy\" decoding=\"async\" width=\"864\" height=\"576\" data-attachment-id=\"89099\" data-permalink=\"https:\/\/www.hoymercedes.com.ar\/principal\/2019\/03\/07\/con-anuncios-y-repaso-de-gestion-ustarroz-dio-inicio-a-la-sesiones-del-concejo-deliberante\/sja_2475\/#main\" data-orig-file=\"https:\/\/www.hoymercedes.com.ar\/principal\/wp-content\/uploads\/2019\/03\/SJA_2475.jpg\" data-orig-size=\"864,576\" data-comments-opened=\"0\" data-image-meta=\"{&quot;aperture&quot;:&quot;0&quot;,&quot;credit&quot;:&quot;SEBASTIANAMBROSSIO&quot;,&quot;camera&quot;:&quot;&quot;,&quot;caption&quot;:&quot;&quot;,&quot;created_timestamp&quot;:&quot;0&quot;,&quot;copyright&quot;:&quot;SebastianAmbrossio&quot;,&quot;focal_length&quot;:&quot;0&quot;,&quot;iso&quot;:&quot;0&quot;,&quot;shutter_speed&quot;:&quot;0&quot;,&quot;title&quot;:&quot;&quot;,&quot;orientation&quot;:&quot;0&quot;}\" data-image-title=\"SJA_2475\" data-image-description=\"\" data-image-caption=\"\" data-large-file=\"https:\/\/www.hoymercedes.com.ar\/principal\/wp-content\/uploads\/2019\/03\/SJA_2475.jpg\" src=\"https:\/\/www.hoymercedes.com.ar\/principal\/wp-content\/uploads\/2019\/03\/SJA_2475.jpg\" alt=\"\" class=\"wp-image-89099\" srcset=\"https:\/\/www.hoymercedes.com.ar\/principal\/wp-content\/uploads\/2019\/03\/SJA_2475.jpg 864w, https:\/\/www.hoymercedes.com.ar\/principal\/wp-content\/uploads\/2019\/03\/SJA_2475-150x100.jpg 150w, https:\/\/www.hoymercedes.com.ar\/principal\/wp-content\/uploads\/2019\/03\/SJA_2475-630x420.jpg 630w, https:\/\/www.hoymercedes.com.ar\/principal\/wp-content\/uploads\/2019\/03\/SJA_2475-720x480.jpg 720w, https:\/\/www.hoymercedes.com.ar\/principal\/wp-content\/uploads\/2019\/03\/SJA_2475-360x240.jpg 360w\" sizes=\"auto, (max-width: 864px) 100vw, 864px\" \/><\/figure>\n\n\n\n<p>El intendente Municipal Dr. Juan\nIgnacio Ustarroz dio inicio al a\u00f1o de sesiones ordinarias del Concejo\nDeliberante. Lo hizo ante casi 600 vecinos, ediles de todas las fuerzas e\ninvitados. La exposici\u00f3n efectu\u00f3 un repaso por los \u00faltimos 3 a\u00f1os de gesti\u00f3n, marcando\nalgunas trazas para el actual y algunos anuncios importantes que seguir\u00e1n\nconstruyendo beneficios a todos los mercedinos.<\/p>\n\n\n\n<figure class=\"wp-block-image\"><img loading=\"lazy\" decoding=\"async\" width=\"864\" height=\"576\" data-attachment-id=\"89100\" data-permalink=\"https:\/\/www.hoymercedes.com.ar\/principal\/2019\/03\/07\/con-anuncios-y-repaso-de-gestion-ustarroz-dio-inicio-a-la-sesiones-del-concejo-deliberante\/sja_2523\/#main\" data-orig-file=\"https:\/\/www.hoymercedes.com.ar\/principal\/wp-content\/uploads\/2019\/03\/SJA_2523.jpg\" data-orig-size=\"864,576\" data-comments-opened=\"0\" data-image-meta=\"{&quot;aperture&quot;:&quot;0&quot;,&quot;credit&quot;:&quot;SEBASTIANAMBROSSIO&quot;,&quot;camera&quot;:&quot;&quot;,&quot;caption&quot;:&quot;&quot;,&quot;created_timestamp&quot;:&quot;0&quot;,&quot;copyright&quot;:&quot;SebastianAmbrossio&quot;,&quot;focal_length&quot;:&quot;0&quot;,&quot;iso&quot;:&quot;0&quot;,&quot;shutter_speed&quot;:&quot;0&quot;,&quot;title&quot;:&quot;&quot;,&quot;orientation&quot;:&quot;0&quot;}\" data-image-title=\"SJA_2523\" data-image-description=\"\" data-image-caption=\"\" data-large-file=\"https:\/\/www.hoymercedes.com.ar\/principal\/wp-content\/uploads\/2019\/03\/SJA_2523.jpg\" src=\"https:\/\/www.hoymercedes.com.ar\/principal\/wp-content\/uploads\/2019\/03\/SJA_2523.jpg\" alt=\"\" class=\"wp-image-89100\" srcset=\"https:\/\/www.hoymercedes.com.ar\/principal\/wp-content\/uploads\/2019\/03\/SJA_2523.jpg 864w, https:\/\/www.hoymercedes.com.ar\/principal\/wp-content\/uploads\/2019\/03\/SJA_2523-150x100.jpg 150w, https:\/\/www.hoymercedes.com.ar\/principal\/wp-content\/uploads\/2019\/03\/SJA_2523-630x420.jpg 630w, https:\/\/www.hoymercedes.com.ar\/principal\/wp-content\/uploads\/2019\/03\/SJA_2523-720x480.jpg 720w, https:\/\/www.hoymercedes.com.ar\/principal\/wp-content\/uploads\/2019\/03\/SJA_2523-360x240.jpg 360w\" sizes=\"auto, (max-width: 864px) 100vw, 864px\" \/><\/figure>\n\n\n\n<p>El Jefe Comunal ante una multitud\nque segu\u00eda por las pantallas montadas cada momento expuso su discurso anual de\napertura de sesiones en el Teatro Argentino, escenario alternativo al recinto\ndel cuerpo deliberativo. <\/p>\n\n\n\n<p><strong>Exposici\u00f3n<\/strong><\/p>\n\n\n\n<p>M\u00e1s de dos horas y media utiliz\u00f3\nel intendente para dirigirse a los vecinos, con la presencia de instituciones,\nrepresentantes religiosos, funcionarios, el diputado R\u00e9vora, la diputada Siley,\nel diputado de Pedro, Monse\u00f1or Radrizzani y especialmente gran cantidad de\ntrabajadores municipales y adherentes que colmaron las 450 sillas del teatro\nquedando muchos otros vecinos j\u00f3venes de pie y en las afueras. <\/p>\n\n\n\n<figure class=\"wp-block-image\"><img loading=\"lazy\" decoding=\"async\" width=\"864\" height=\"576\" data-attachment-id=\"89101\" data-permalink=\"https:\/\/www.hoymercedes.com.ar\/principal\/2019\/03\/07\/con-anuncios-y-repaso-de-gestion-ustarroz-dio-inicio-a-la-sesiones-del-concejo-deliberante\/sja_2544\/#main\" data-orig-file=\"https:\/\/www.hoymercedes.com.ar\/principal\/wp-content\/uploads\/2019\/03\/SJA_2544.jpg\" data-orig-size=\"864,576\" data-comments-opened=\"0\" data-image-meta=\"{&quot;aperture&quot;:&quot;0&quot;,&quot;credit&quot;:&quot;SEBASTIANAMBROSSIO&quot;,&quot;camera&quot;:&quot;&quot;,&quot;caption&quot;:&quot;&quot;,&quot;created_timestamp&quot;:&quot;0&quot;,&quot;copyright&quot;:&quot;SebastianAmbrossio&quot;,&quot;focal_length&quot;:&quot;0&quot;,&quot;iso&quot;:&quot;0&quot;,&quot;shutter_speed&quot;:&quot;0&quot;,&quot;title&quot;:&quot;&quot;,&quot;orientation&quot;:&quot;0&quot;}\" data-image-title=\"SJA_2544\" data-image-description=\"\" data-image-caption=\"\" data-large-file=\"https:\/\/www.hoymercedes.com.ar\/principal\/wp-content\/uploads\/2019\/03\/SJA_2544.jpg\" src=\"https:\/\/www.hoymercedes.com.ar\/principal\/wp-content\/uploads\/2019\/03\/SJA_2544.jpg\" alt=\"\" class=\"wp-image-89101\" srcset=\"https:\/\/www.hoymercedes.com.ar\/principal\/wp-content\/uploads\/2019\/03\/SJA_2544.jpg 864w, https:\/\/www.hoymercedes.com.ar\/principal\/wp-content\/uploads\/2019\/03\/SJA_2544-150x100.jpg 150w, https:\/\/www.hoymercedes.com.ar\/principal\/wp-content\/uploads\/2019\/03\/SJA_2544-630x420.jpg 630w, https:\/\/www.hoymercedes.com.ar\/principal\/wp-content\/uploads\/2019\/03\/SJA_2544-720x480.jpg 720w, https:\/\/www.hoymercedes.com.ar\/principal\/wp-content\/uploads\/2019\/03\/SJA_2544-360x240.jpg 360w\" sizes=\"auto, (max-width: 864px) 100vw, 864px\" \/><\/figure>\n\n\n\n<p><strong>Temas<\/strong><\/p>\n\n\n\n<p>La obra p\u00fablica r\u00e9cord con fondos\npropios, la gran ampliaci\u00f3n del sistema de salud con mejoras sustanciales en lo\nexistente y todo lo que se inaugur\u00f3, Mil D\u00edas, Mercedes Aprende, el programa de\ndeportes Esfuerzos Compartidos, el desarrollo de la cultura, el fondo anti\nc\u00edclico y la econom\u00eda saneada, la ampliaci\u00f3n de licitaciones y mejoras en\nprecios, la importante adquisici\u00f3n de m\u00e1quinas con m\u00e1s de 65 veh\u00edculos comprados\nal contado, los aumentos al b\u00e1sico de los trabajadores, las escuelas\nmunicipales, el pavimento, al casa velatoria, muchos detalles que recorri\u00f3 en\nm\u00e1s de 2 horas y media de discurso, cerrando y abriendo con un sentido\nagradecimiento las instituciones de bien p\u00fablico que tanto brindan a la ciudad\ny especialmente a los trabajadores municipales, los cooperativistas y en nombre\nde todos a Mart\u00edn Chiminelli, recientemente fallecido. <\/p>\n\n\n\n<figure class=\"wp-block-image\"><img loading=\"lazy\" decoding=\"async\" width=\"864\" height=\"576\" data-attachment-id=\"89102\" data-permalink=\"https:\/\/www.hoymercedes.com.ar\/principal\/2019\/03\/07\/con-anuncios-y-repaso-de-gestion-ustarroz-dio-inicio-a-la-sesiones-del-concejo-deliberante\/sja_2506\/#main\" data-orig-file=\"https:\/\/www.hoymercedes.com.ar\/principal\/wp-content\/uploads\/2019\/03\/SJA_2506.jpg\" data-orig-size=\"864,576\" data-comments-opened=\"0\" data-image-meta=\"{&quot;aperture&quot;:&quot;0&quot;,&quot;credit&quot;:&quot;SEBASTIANAMBROSSIO&quot;,&quot;camera&quot;:&quot;&quot;,&quot;caption&quot;:&quot;&quot;,&quot;created_timestamp&quot;:&quot;0&quot;,&quot;copyright&quot;:&quot;SebastianAmbrossio&quot;,&quot;focal_length&quot;:&quot;0&quot;,&quot;iso&quot;:&quot;0&quot;,&quot;shutter_speed&quot;:&quot;0&quot;,&quot;title&quot;:&quot;&quot;,&quot;orientation&quot;:&quot;0&quot;}\" data-image-title=\"SJA_2506\" data-image-description=\"\" data-image-caption=\"\" data-large-file=\"https:\/\/www.hoymercedes.com.ar\/principal\/wp-content\/uploads\/2019\/03\/SJA_2506.jpg\" src=\"https:\/\/www.hoymercedes.com.ar\/principal\/wp-content\/uploads\/2019\/03\/SJA_2506.jpg\" alt=\"\" class=\"wp-image-89102\" srcset=\"https:\/\/www.hoymercedes.com.ar\/principal\/wp-content\/uploads\/2019\/03\/SJA_2506.jpg 864w, https:\/\/www.hoymercedes.com.ar\/principal\/wp-content\/uploads\/2019\/03\/SJA_2506-150x100.jpg 150w, https:\/\/www.hoymercedes.com.ar\/principal\/wp-content\/uploads\/2019\/03\/SJA_2506-630x420.jpg 630w, https:\/\/www.hoymercedes.com.ar\/principal\/wp-content\/uploads\/2019\/03\/SJA_2506-720x480.jpg 720w, https:\/\/www.hoymercedes.com.ar\/principal\/wp-content\/uploads\/2019\/03\/SJA_2506-360x240.jpg 360w\" sizes=\"auto, (max-width: 864px) 100vw, 864px\" \/><\/figure>\n\n\n\n<p><strong>Anuncios y punteo<\/strong><\/p>\n\n\n\n<p>Entre otras cuestiones, realiz\u00f3\nanuncios, como la construcci\u00f3n de un nuevo centro de zoonosis, piletas en\nalgunos clubes y tambi\u00e9n en el CEF N\u00b040 donde se est\u00e1 pronto a inaugurar un\ngigantesco gimnasio, m\u00e1s cuadras de pavimento proyectando otras 30 cuadras m\u00e1s,\nm\u00e1s las 28 cuadras que implica la avenida 2 con sus 59 millones de inversi\u00f3n de\nfondos municipales. Tambi\u00e9n mencion\u00f3 que la planta depuradora es una obra multi\nmillonaria, pero que se est\u00e1 trabajando con obras como los dos empalmes ya\nrealizados como en el canal de 113 que cambia profundamente la situaci\u00f3n\nvigente, los camiones desobstructores adquiridos para llegar m\u00e1s y mejor a los\nvecinos y sobre todo en una fuerte planificaci\u00f3n en torno a la mencionada\nplanta para evaluar mejoras.&nbsp; <\/p>\n\n\n\n<p>Un dato valioso tambi\u00e9n fue que\nel recapado de la avenida 2 que se est\u00e1 levantando ser\u00e1 re utilizando,\ngenerando m\u00e1s piedras para los barrios que se suman a las m\u00e1s de 1200 ya\ncolocadas a cargo de Servicios P\u00fablicos sum\u00e1ndose al zanjeo, limpieza urbana y\ncolocaci\u00f3n de ca\u00f1os. <\/p>\n\n\n\n<figure class=\"wp-block-image is-resized\"><img loading=\"lazy\" decoding=\"async\" data-attachment-id=\"89103\" data-permalink=\"https:\/\/www.hoymercedes.com.ar\/principal\/2019\/03\/07\/con-anuncios-y-repaso-de-gestion-ustarroz-dio-inicio-a-la-sesiones-del-concejo-deliberante\/sja_2796\/#main\" data-orig-file=\"https:\/\/www.hoymercedes.com.ar\/principal\/wp-content\/uploads\/2019\/03\/SJA_2796.jpg\" data-orig-size=\"437,291\" data-comments-opened=\"0\" data-image-meta=\"{&quot;aperture&quot;:&quot;0&quot;,&quot;credit&quot;:&quot;SEBASTIANAMBROSSIO&quot;,&quot;camera&quot;:&quot;&quot;,&quot;caption&quot;:&quot;&quot;,&quot;created_timestamp&quot;:&quot;0&quot;,&quot;copyright&quot;:&quot;SebastianAmbrossio&quot;,&quot;focal_length&quot;:&quot;0&quot;,&quot;iso&quot;:&quot;0&quot;,&quot;shutter_speed&quot;:&quot;0&quot;,&quot;title&quot;:&quot;&quot;,&quot;orientation&quot;:&quot;0&quot;}\" data-image-title=\"SJA_2796\" data-image-description=\"\" data-image-caption=\"\" data-large-file=\"https:\/\/www.hoymercedes.com.ar\/principal\/wp-content\/uploads\/2019\/03\/SJA_2796.jpg\" src=\"https:\/\/www.hoymercedes.com.ar\/principal\/wp-content\/uploads\/2019\/03\/SJA_2796.jpg\" alt=\"\" class=\"wp-image-89103\" width=\"580\" height=\"386\" srcset=\"https:\/\/www.hoymercedes.com.ar\/principal\/wp-content\/uploads\/2019\/03\/SJA_2796.jpg 437w, https:\/\/www.hoymercedes.com.ar\/principal\/wp-content\/uploads\/2019\/03\/SJA_2796-150x100.jpg 150w, https:\/\/www.hoymercedes.com.ar\/principal\/wp-content\/uploads\/2019\/03\/SJA_2796-360x240.jpg 360w\" sizes=\"auto, (max-width: 580px) 100vw, 580px\" \/><\/figure>\n\n\n\n<p>La nueva casa del Centro de\nRehabilitaci\u00f3n Infantil fue tambi\u00e9n muy bien recibido por el p\u00fablico dado que\nser\u00e1 ampliada y un dato importante fue la carta recibida de la Sociedad\nArgentina de Primera Infancia que afirma \u201cMercedes ciudad amiga de las primeras\ninfancias\u201d con su elevaci\u00f3n a UNICEF para que le haga una menci\u00f3n especial a\nMercedes por todo el trabajo realizado en la tem\u00e1tica. <\/p>\n\n\n\n<p>Cont\u00f3 para realizar un centro de\natenci\u00f3n a las adicciones y problem\u00e1ticas, como as\u00ed tambi\u00e9n actividades\ndeportivas vinculadas a clubes. <\/p>\n\n\n\n<p>Casa de los Veteranos fue otro\npunto muy aplaudido, dado que la misma iniciar\u00e1 su obra muy pronto tambi\u00e9n\ndesde una mirada solidaria e inclusiva, respetando y valorizando la memoria de\nnuestros h\u00e9roes locales. <\/p>\n\n\n\n<p>El programa \u201cMi Casa\u201d narr\u00f3 ser\u00e1\nampliado, con m\u00e1s proyectos de construcci\u00f3n remarcando tambi\u00e9n el programa \u201cMi\nTerreno\u201d. <\/p>\n\n\n\n<p>Un dato tambi\u00e9n valioso fue que\ntras 32 a\u00f1os la municipalidad, tras regenerar la confianza en los mercedinos\ndesde las pol\u00edticas de gesti\u00f3n transparente y honesta, obtuvo una donaci\u00f3n de\nvivienda a trav\u00e9s de una vecina. La misma ser\u00e1 convertida en el segundo hogar\npara adultos mayores. Motiv\u00f3 a la vecina el hecho de ver las mejoras y cuidados\nen el Villa Abrille, dando un verdadero sentido de pertenencia y dignidad a\nnuestros abuelos. <\/p>\n\n\n\n<figure class=\"wp-block-image is-resized\"><img loading=\"lazy\" decoding=\"async\" data-attachment-id=\"89104\" data-permalink=\"https:\/\/www.hoymercedes.com.ar\/principal\/2019\/03\/07\/con-anuncios-y-repaso-de-gestion-ustarroz-dio-inicio-a-la-sesiones-del-concejo-deliberante\/sja_2653\/#main\" data-orig-file=\"https:\/\/www.hoymercedes.com.ar\/principal\/wp-content\/uploads\/2019\/03\/SJA_2653.jpg\" data-orig-size=\"437,291\" data-comments-opened=\"0\" data-image-meta=\"{&quot;aperture&quot;:&quot;0&quot;,&quot;credit&quot;:&quot;SEBASTIANAMBROSSIO&quot;,&quot;camera&quot;:&quot;&quot;,&quot;caption&quot;:&quot;&quot;,&quot;created_timestamp&quot;:&quot;0&quot;,&quot;copyright&quot;:&quot;SebastianAmbrossio&quot;,&quot;focal_length&quot;:&quot;0&quot;,&quot;iso&quot;:&quot;0&quot;,&quot;shutter_speed&quot;:&quot;0&quot;,&quot;title&quot;:&quot;&quot;,&quot;orientation&quot;:&quot;0&quot;}\" data-image-title=\"SJA_2653\" data-image-description=\"\" data-image-caption=\"\" data-large-file=\"https:\/\/www.hoymercedes.com.ar\/principal\/wp-content\/uploads\/2019\/03\/SJA_2653.jpg\" src=\"https:\/\/www.hoymercedes.com.ar\/principal\/wp-content\/uploads\/2019\/03\/SJA_2653.jpg\" alt=\"\" class=\"wp-image-89104\" width=\"586\" height=\"390\" srcset=\"https:\/\/www.hoymercedes.com.ar\/principal\/wp-content\/uploads\/2019\/03\/SJA_2653.jpg 437w, https:\/\/www.hoymercedes.com.ar\/principal\/wp-content\/uploads\/2019\/03\/SJA_2653-150x100.jpg 150w, https:\/\/www.hoymercedes.com.ar\/principal\/wp-content\/uploads\/2019\/03\/SJA_2653-360x240.jpg 360w\" sizes=\"auto, (max-width: 586px) 100vw, 586px\" \/><\/figure>\n\n\n\n<p><strong>Campa\u00f1a Limpia<\/strong><\/p>\n\n\n\n<p>Aspecto valorado por los\npresentes fue que volver\u00e1 a convocar a todas las fuerzas pol\u00edticas para vivir\nuna campa\u00f1a limpia, sin agresiones, descalificaciones, falsas noticias,\nbuscando la proyecci\u00f3n de ideas tal como se vivi\u00f3 en la campa\u00f1a 2017 tras la\nconvocatoria a todas las fuerzas pol\u00edticas de la ciudad en pos de una\nconvivencia acorde a la realidad. <\/p>\n\n\n\n<p><strong>Opini\u00f3n <\/strong><\/p>\n\n\n\n<p>Entre los distintos presentes,\nante los medios se oy\u00f3 la opini\u00f3n de Monse\u00f1or Radrizzani que en su definici\u00f3n sostuvo\nque \u201cyo creo que est\u00e1 poniendo la vida para que Mercedes progrese\u201d en relaci\u00f3n\na Ustarroz.<\/p>\n\n\n\n<p>Por su parte, el diputado\nnacional, Eduardo \u201cWado\u201d de Pedro, brind\u00f3 sus impresiones luego de las palabras\ndel intendente Ustarroz \u201cla verdad que se nota mucho trabajo, dedicaci\u00f3n y que\nhan sido a\u00f1os muy buenos, no s\u00f3lo para la gesti\u00f3n, sino tambi\u00e9n para todos los\nmercedinos\u201d y agreg\u00f3 \u201cCuando asumi\u00f3 el Dr. Ustarroz habl\u00e1bamos de trabajar\nfuertemente del esp\u00edritu solidario entendiendo que la pol\u00edtica est\u00e1 muy desbastada\ngeneralmente, lo que tenemos que hacer nosotros desde nuestra peque\u00f1a realidad\nes aportar y construir para todos los vecinos\u201d.<\/p>\n\n\n\n<p>Otra referente pol\u00edtica, la\ndiputada nacional, Vanesa Siley, presente en este acto de apertura legislativa,\nal ser consultada por el discurso ofrecido por el jefe comunal indic\u00f3 \u201cme\npareci\u00f3 brillante por varias razones, primero una exposici\u00f3n muy completa de\nuna gran gesti\u00f3n, discurso repas\u00f3 la gran obra p\u00fablica que se viene ejecutando\nen la ciudad destacando, por otro lado, los lazos de la comunidad\u201d y a\u00f1adi\u00f3 \u201cme\nparece no menor, los valores esgrimidos como solidaridad y solidaridad de la\ncomunidad en todo lo que se hace es fundamental\u201d.<\/p>\n\n\n\n<p>Adem\u00e1s, la Diputada nacional se\u00f1al\u00f3 \u201ces importante tener una gesti\u00f3n transparente que todo el tiempo hace, algo que el vecino puede ver\u201d y remarc\u00f3 \u201ccreo que Mercedes tiene profesional y humanamente un intendente excelente\u201d.<\/p>\n\n\n\n<figure class=\"wp-block-image\"><img loading=\"lazy\" decoding=\"async\" width=\"864\" height=\"576\" data-attachment-id=\"89105\" data-permalink=\"https:\/\/www.hoymercedes.com.ar\/principal\/2019\/03\/07\/con-anuncios-y-repaso-de-gestion-ustarroz-dio-inicio-a-la-sesiones-del-concejo-deliberante\/sja_2549\/#main\" data-orig-file=\"https:\/\/www.hoymercedes.com.ar\/principal\/wp-content\/uploads\/2019\/03\/SJA_2549.jpg\" data-orig-size=\"864,576\" data-comments-opened=\"0\" data-image-meta=\"{&quot;aperture&quot;:&quot;0&quot;,&quot;credit&quot;:&quot;SEBASTIANAMBROSSIO&quot;,&quot;camera&quot;:&quot;&quot;,&quot;caption&quot;:&quot;&quot;,&quot;created_timestamp&quot;:&quot;0&quot;,&quot;copyright&quot;:&quot;SebastianAmbrossio&quot;,&quot;focal_length&quot;:&quot;0&quot;,&quot;iso&quot;:&quot;0&quot;,&quot;shutter_speed&quot;:&quot;0&quot;,&quot;title&quot;:&quot;&quot;,&quot;orientation&quot;:&quot;0&quot;}\" data-image-title=\"SJA_2549\" data-image-description=\"\" data-image-caption=\"\" data-large-file=\"https:\/\/www.hoymercedes.com.ar\/principal\/wp-content\/uploads\/2019\/03\/SJA_2549.jpg\" src=\"https:\/\/www.hoymercedes.com.ar\/principal\/wp-content\/uploads\/2019\/03\/SJA_2549.jpg\" alt=\"\" class=\"wp-image-89105\" srcset=\"https:\/\/www.hoymercedes.com.ar\/principal\/wp-content\/uploads\/2019\/03\/SJA_2549.jpg 864w, https:\/\/www.hoymercedes.com.ar\/principal\/wp-content\/uploads\/2019\/03\/SJA_2549-150x100.jpg 150w, https:\/\/www.hoymercedes.com.ar\/principal\/wp-content\/uploads\/2019\/03\/SJA_2549-630x420.jpg 630w, https:\/\/www.hoymercedes.com.ar\/principal\/wp-content\/uploads\/2019\/03\/SJA_2549-720x480.jpg 720w, https:\/\/www.hoymercedes.com.ar\/principal\/wp-content\/uploads\/2019\/03\/SJA_2549-360x240.jpg 360w\" sizes=\"auto, (max-width: 864px) 100vw, 864px\" \/><\/figure>\n\n\n\n<p>Fuente: Prensa<\/p>\n","protected":false},"excerpt":{"rendered":"<p>El intendente Municipal Dr. Juan Ignacio Ustarroz dio inicio al a\u00f1o de sesiones ordinarias del Concejo Deliberante. Lo hizo ante &#8230; <a title=\"Con anuncios y repaso de gesti\u00f3n Ustarroz dio inicio a la sesiones del Concejo Deliberante\" class=\"read-more\" href=\"https:\/\/www.hoymercedes.com.ar\/principal\/2019\/03\/07\/con-anuncios-y-repaso-de-gestion-ustarroz-dio-inicio-a-la-sesiones-del-concejo-deliberante\/\" aria-label=\"Leer m\u00e1s sobre Con anuncios y repaso de gesti\u00f3n Ustarroz dio inicio a la sesiones del Concejo Deliberante\">Leer m\u00e1s<\/a><\/p>\n","protected":false},"author":1,"featured_media":89099,"comment_status":"closed","ping_status":"open","sticky":false,"template":"","format":"standard","meta":{"_monsterinsights_skip_tracking":false,"_monsterinsights_sitenote_active":false,"_monsterinsights_sitenote_note":"","_monsterinsights_sitenote_category":0,"jetpack_post_was_ever_published":false,"_jetpack_newsletter_access":"","_jetpack_dont_email_post_to_subs":false,"_jetpack_newsletter_tier_id":0,"_jetpack_memberships_contains_paywalled_content":false,"_jetpack_memberships_contains_paid_content":false,"footnotes":"","jetpack_publicize_message":"","jetpack_publicize_feature_enabled":true,"jetpack_social_post_already_shared":true,"jetpack_social_options":{"image_generator_settings":{"template":"highway","default_image_id":0,"font":"","enabled":false},"version":2},"_wpas_customize_per_network":false},"categories":[30],"tags":[],"class_list":["post-89098","post","type-post","status-publish","format-standard","has-post-thumbnail","hentry","category-municipio","generate-columns","tablet-grid-50","mobile-grid-100","grid-parent","grid-50"],"jetpack_publicize_connections":[],"jetpack_featured_media_url":"https:\/\/www.hoymercedes.com.ar\/principal\/wp-content\/uploads\/2019\/03\/SJA_2475.jpg","wps_subtitle":"Inicio de sesiones","jetpack_sharing_enabled":true,"_links":{"self":[{"href":"https:\/\/www.hoymercedes.com.ar\/principal\/wp-json\/wp\/v2\/posts\/89098","targetHints":{"allow":["GET"]}}],"collection":[{"href":"https:\/\/www.hoymercedes.com.ar\/principal\/wp-json\/wp\/v2\/posts"}],"about":[{"href":"https:\/\/www.hoymercedes.com.ar\/principal\/wp-json\/wp\/v2\/types\/post"}],"author":[{"embeddable":true,"href":"https:\/\/www.hoymercedes.com.ar\/principal\/wp-json\/wp\/v2\/users\/1"}],"replies":[{"embeddable":true,"href":"https:\/\/www.hoymercedes.com.ar\/principal\/wp-json\/wp\/v2\/comments?post=89098"}],"version-history":[{"count":0,"href":"https:\/\/www.hoymercedes.com.ar\/principal\/wp-json\/wp\/v2\/posts\/89098\/revisions"}],"wp:featuredmedia":[{"embeddable":true,"href":"https:\/\/www.hoymercedes.com.ar\/principal\/wp-json\/wp\/v2\/media\/89099"}],"wp:attachment":[{"href":"https:\/\/www.hoymercedes.com.ar\/principal\/wp-json\/wp\/v2\/media?parent=89098"}],"wp:term":[{"taxonomy":"category","embeddable":true,"href":"https:\/\/www.hoymercedes.com.ar\/principal\/wp-json\/wp\/v2\/categories?post=89098"},{"taxonomy":"post_tag","embeddable":true,"href":"https:\/\/www.hoymercedes.com.ar\/principal\/wp-json\/wp\/v2\/tags?post=89098"}],"curies":[{"name":"wp","href":"https:\/\/api.w.org\/{rel}","templated":true}]}}