{"id":89125,"date":"2019-03-08T11:30:10","date_gmt":"2019-03-08T14:30:10","guid":{"rendered":"http:\/\/www.hoymercedes.com.ar\/principal\/?p=89125"},"modified":"2019-03-08T15:51:38","modified_gmt":"2019-03-08T18:51:38","slug":"por-obra-en-av-2-a-la-secretaria-de-seguridad-y-transito-se-ingresara-por-calle-6","status":"publish","type":"post","link":"https:\/\/www.hoymercedes.com.ar\/principal\/2019\/03\/08\/por-obra-en-av-2-a-la-secretaria-de-seguridad-y-transito-se-ingresara-por-calle-6\/","title":{"rendered":"Por obra en av. 2, a la Secretar\u00eda de Seguridad y Tr\u00e1nsito se ingresar\u00e1 por calle 6"},"content":{"rendered":"\n<p>A causa de las obras en la Avenida 2, se produjeron algunas modificaciones en el tr\u00e1nsito y en la atenci\u00f3n de los vecinos en las oficinas municipales del Mart\u00edn Rodr\u00edguez. <\/p>\n\n\n\n<p>Por una lado, el ingreso a la Secretar\u00eda de Seguridad y Tr\u00e1nsito Municipal ser\u00e1 por la calle 6 y 9 del Mart\u00edn Rodr\u00edguez. Po la puerta del polideportivo a cielo abierto se podr\u00e1 acceder, por ejemplo, al \u00e1rea de licencias de conducir o al Centro de Zoonosis. <\/p>\n\n\n\n<p>Puesto que en la avenida 2, entre las calles 7 y 11, del lado de la puerta principal del predio, se iniciaron las obras de rotura del pavimento tambi\u00e9n se produjeron desv\u00edos en las circulaci\u00f3n del tr\u00e1nsito. <\/p>\n\n\n\n<p>Aquellos veh\u00edculos que ingresen a la ciudad deber\u00e1n doblar por la Avenida 1, a la izquierda hasta la 114 o a la derecha hasta la calle 8, para continuar en el sentido de la 2 hasta la av. 17. Los veh\u00edculos que circulan por Avenida 2, rumbo la ruta 5, el carril sigue habilitado. <\/p>\n\n\n\n<figure class=\"wp-block-image\"><img loading=\"lazy\" decoding=\"async\" width=\"750\" height=\"500\" data-attachment-id=\"89126\" data-permalink=\"https:\/\/www.hoymercedes.com.ar\/principal\/2019\/03\/08\/por-obra-en-av-2-a-la-secretaria-de-seguridad-y-transito-se-ingresara-por-calle-6\/08-avenida2-obra\/#main\" data-orig-file=\"https:\/\/www.hoymercedes.com.ar\/principal\/wp-content\/uploads\/2019\/03\/08-Avenida2-Obra.jpg\" data-orig-size=\"750,500\" data-comments-opened=\"0\" data-image-meta=\"{&quot;aperture&quot;:&quot;0&quot;,&quot;credit&quot;:&quot;&quot;,&quot;camera&quot;:&quot;&quot;,&quot;caption&quot;:&quot;&quot;,&quot;created_timestamp&quot;:&quot;0&quot;,&quot;copyright&quot;:&quot;&quot;,&quot;focal_length&quot;:&quot;0&quot;,&quot;iso&quot;:&quot;0&quot;,&quot;shutter_speed&quot;:&quot;0&quot;,&quot;title&quot;:&quot;&quot;,&quot;orientation&quot;:&quot;0&quot;}\" data-image-title=\"08 Avenida2-Obra\" data-image-description=\"\" data-image-caption=\"\" data-large-file=\"https:\/\/www.hoymercedes.com.ar\/principal\/wp-content\/uploads\/2019\/03\/08-Avenida2-Obra.jpg\" src=\"https:\/\/www.hoymercedes.com.ar\/principal\/wp-content\/uploads\/2019\/03\/08-Avenida2-Obra.jpg\" alt=\"\" class=\"wp-image-89126\" srcset=\"https:\/\/www.hoymercedes.com.ar\/principal\/wp-content\/uploads\/2019\/03\/08-Avenida2-Obra.jpg 750w, https:\/\/www.hoymercedes.com.ar\/principal\/wp-content\/uploads\/2019\/03\/08-Avenida2-Obra-150x100.jpg 150w, https:\/\/www.hoymercedes.com.ar\/principal\/wp-content\/uploads\/2019\/03\/08-Avenida2-Obra-630x420.jpg 630w, https:\/\/www.hoymercedes.com.ar\/principal\/wp-content\/uploads\/2019\/03\/08-Avenida2-Obra-720x480.jpg 720w, https:\/\/www.hoymercedes.com.ar\/principal\/wp-content\/uploads\/2019\/03\/08-Avenida2-Obra-360x240.jpg 360w\" sizes=\"auto, (max-width: 750px) 100vw, 750px\" \/><\/figure>\n","protected":false},"excerpt":{"rendered":"<p>A causa de las obras en la Avenida 2, se produjeron algunas modificaciones en el tr\u00e1nsito y en la atenci\u00f3n &#8230; <a title=\"Por obra en av. 2, a la Secretar\u00eda de Seguridad y Tr\u00e1nsito se ingresar\u00e1 por calle 6\" class=\"read-more\" href=\"https:\/\/www.hoymercedes.com.ar\/principal\/2019\/03\/08\/por-obra-en-av-2-a-la-secretaria-de-seguridad-y-transito-se-ingresara-por-calle-6\/\" aria-label=\"Leer m\u00e1s sobre Por obra en av. 2, a la Secretar\u00eda de Seguridad y Tr\u00e1nsito se ingresar\u00e1 por calle 6\">Leer m\u00e1s<\/a><\/p>\n","protected":false},"author":1,"featured_media":89126,"comment_status":"closed","ping_status":"open","sticky":false,"template":"","format":"standard","meta":{"_monsterinsights_skip_tracking":false,"_monsterinsights_sitenote_active":false,"_monsterinsights_sitenote_note":"","_monsterinsights_sitenote_category":0,"jetpack_post_was_ever_published":false,"_jetpack_newsletter_access":"","_jetpack_dont_email_post_to_subs":false,"_jetpack_newsletter_tier_id":0,"_jetpack_memberships_contains_paywalled_content":false,"_jetpack_memberships_contains_paid_content":false,"footnotes":"","jetpack_publicize_message":"","jetpack_publicize_feature_enabled":true,"jetpack_social_post_already_shared":true,"jetpack_social_options":{"image_generator_settings":{"template":"highway","default_image_id":0,"font":"","enabled":false},"version":2},"_wpas_customize_per_network":false},"categories":[30],"tags":[244,14588],"class_list":["post-89125","post","type-post","status-publish","format-standard","has-post-thumbnail","hentry","category-municipio","tag-municipio-2","tag-secretaria-de-seguridad-y-transito","generate-columns","tablet-grid-50","mobile-grid-100","grid-parent","grid-50"],"jetpack_publicize_connections":[],"jetpack_featured_media_url":"https:\/\/www.hoymercedes.com.ar\/principal\/wp-content\/uploads\/2019\/03\/08-Avenida2-Obra.jpg","wps_subtitle":"","jetpack_sharing_enabled":true,"_links":{"self":[{"href":"https:\/\/www.hoymercedes.com.ar\/principal\/wp-json\/wp\/v2\/posts\/89125","targetHints":{"allow":["GET"]}}],"collection":[{"href":"https:\/\/www.hoymercedes.com.ar\/principal\/wp-json\/wp\/v2\/posts"}],"about":[{"href":"https:\/\/www.hoymercedes.com.ar\/principal\/wp-json\/wp\/v2\/types\/post"}],"author":[{"embeddable":true,"href":"https:\/\/www.hoymercedes.com.ar\/principal\/wp-json\/wp\/v2\/users\/1"}],"replies":[{"embeddable":true,"href":"https:\/\/www.hoymercedes.com.ar\/principal\/wp-json\/wp\/v2\/comments?post=89125"}],"version-history":[{"count":0,"href":"https:\/\/www.hoymercedes.com.ar\/principal\/wp-json\/wp\/v2\/posts\/89125\/revisions"}],"wp:featuredmedia":[{"embeddable":true,"href":"https:\/\/www.hoymercedes.com.ar\/principal\/wp-json\/wp\/v2\/media\/89126"}],"wp:attachment":[{"href":"https:\/\/www.hoymercedes.com.ar\/principal\/wp-json\/wp\/v2\/media?parent=89125"}],"wp:term":[{"taxonomy":"category","embeddable":true,"href":"https:\/\/www.hoymercedes.com.ar\/principal\/wp-json\/wp\/v2\/categories?post=89125"},{"taxonomy":"post_tag","embeddable":true,"href":"https:\/\/www.hoymercedes.com.ar\/principal\/wp-json\/wp\/v2\/tags?post=89125"}],"curies":[{"name":"wp","href":"https:\/\/api.w.org\/{rel}","templated":true}]}}