{"id":89129,"date":"2019-03-08T17:15:30","date_gmt":"2019-03-08T20:15:30","guid":{"rendered":"http:\/\/www.hoymercedes.com.ar\/principal\/?p=89129"},"modified":"2019-03-08T16:20:12","modified_gmt":"2019-03-08T19:20:12","slug":"que-sucede-con-la-basura-en-la-provincia-de-buenos-aires","status":"publish","type":"post","link":"https:\/\/www.hoymercedes.com.ar\/principal\/2019\/03\/08\/que-sucede-con-la-basura-en-la-provincia-de-buenos-aires\/","title":{"rendered":"\u00bfQu\u00e9 sucede con la basura en la Provincia de Buenos Aires?"},"content":{"rendered":"\n<p>Por Cristi\u00e1n Frers* &#8211; La generaci\u00f3n de\nresiduos s\u00f3lidos urbanos ha sido sin duda uno de los grandes desaf\u00edos de la\ngesti\u00f3n ambiental urbana tanto en el \u00e1rea metropolitana de Buenos Aires como en\nla Ciudad Aut\u00f3noma y en los distintos municipios.<\/p>\n\n\n\n<figure class=\"wp-block-image\"><img loading=\"lazy\" decoding=\"async\" width=\"750\" height=\"498\" data-attachment-id=\"89130\" data-permalink=\"https:\/\/www.hoymercedes.com.ar\/principal\/2019\/03\/08\/que-sucede-con-la-basura-en-la-provincia-de-buenos-aires\/08-ceamse-portada-archivo\/#main\" data-orig-file=\"https:\/\/www.hoymercedes.com.ar\/principal\/wp-content\/uploads\/2019\/03\/08-Ceamse-portada-archivo.jpg\" data-orig-size=\"750,498\" data-comments-opened=\"0\" data-image-meta=\"{&quot;aperture&quot;:&quot;0&quot;,&quot;credit&quot;:&quot;&quot;,&quot;camera&quot;:&quot;&quot;,&quot;caption&quot;:&quot;&quot;,&quot;created_timestamp&quot;:&quot;0&quot;,&quot;copyright&quot;:&quot;Greenpeace Argentina&quot;,&quot;focal_length&quot;:&quot;0&quot;,&quot;iso&quot;:&quot;0&quot;,&quot;shutter_speed&quot;:&quot;0&quot;,&quot;title&quot;:&quot;&quot;,&quot;orientation&quot;:&quot;1&quot;}\" data-image-title=\"08 Ceamse-portada archivo\" data-image-description=\"\" data-image-caption=\"\" data-large-file=\"https:\/\/www.hoymercedes.com.ar\/principal\/wp-content\/uploads\/2019\/03\/08-Ceamse-portada-archivo.jpg\" src=\"https:\/\/www.hoymercedes.com.ar\/principal\/wp-content\/uploads\/2019\/03\/08-Ceamse-portada-archivo.jpg\" alt=\"\" class=\"wp-image-89130\" srcset=\"https:\/\/www.hoymercedes.com.ar\/principal\/wp-content\/uploads\/2019\/03\/08-Ceamse-portada-archivo.jpg 750w, https:\/\/www.hoymercedes.com.ar\/principal\/wp-content\/uploads\/2019\/03\/08-Ceamse-portada-archivo-150x100.jpg 150w, https:\/\/www.hoymercedes.com.ar\/principal\/wp-content\/uploads\/2019\/03\/08-Ceamse-portada-archivo-630x418.jpg 630w, https:\/\/www.hoymercedes.com.ar\/principal\/wp-content\/uploads\/2019\/03\/08-Ceamse-portada-archivo-360x240.jpg 360w\" sizes=\"auto, (max-width: 750px) 100vw, 750px\" \/><\/figure>\n\n\n\n<p>Cada dos segundos, el pa\u00eds produce una\ntonelada de basura, una fracci\u00f3n grande de ella termina en rellenos sanitarios\nque est\u00e1n al borde del colapso.<\/p>\n\n\n\n<p>Pese a las escasas campa\u00f1as de\nconcientizaci\u00f3n, el tema de la basura sigue sin resolverse. La cantidad de\nresiduos s\u00f3lidos urbanos que se trasladas a los rellenos sanitarios aumento un\n41,87 %, entre los a\u00f1os 2010 y 2017. Bastante m\u00e1s que el promedio de la\npoblaci\u00f3n.<\/p>\n\n\n\n<p>Esta tendencia es sostenida y puede\nobservarse en 31 de los 34 municipios del Gran Buenos Aires. La zona genera\n18.500 toneladas de residuos s\u00f3lidos por d\u00eda, con casi 16 millones de\nhabitantes. Un 96 % de los desperdicios generados se deposita en rellenos\nsanitarios.<\/p>\n\n\n\n<p>Las cifras muestran lo que sucede cuando no\nse toman medidas para disminuir los desperdicios que se generan. No hay\npol\u00edticas de gesti\u00f3n de residuos sostenidas en el tiempo pero tampoco se logra\nla prevenci\u00f3n.<\/p>\n\n\n\n<p>Desde los Municipios del Conurbano y desde la\nProvincia de Buenos Aires, se indica que el aumento de las cifras registradas\nse debe a que los residuos que iban a basurales a cielo abierto, ahora son\nenviados a los tres rellenos sanitarios de la Provincia. El principal se\nencuentra en Jos\u00e9 Le\u00f3n Suarez, donde se entierra los de Ciudad Aut\u00f3noma de\nBuenos Aires y otros 35 Municipios. El segundo, en Gonz\u00e1lez Catan, recibe lo de\nla Matanza y un tercero en Ensenada, donde se aloja lo de ese partido m\u00e1s lo de\nla Plata, Brandsen, Magdalena y Berisso.<\/p>\n\n\n\n<p>Los Municipios no hacen ning\u00fan esfuerzo por\nminimizar la producci\u00f3n de basura como lo establece la ley nacional. Cada tanto\nse ven planes pilotos voluntaristas, pero no existen iniciativas concretas de\nparte de los partidos, as\u00ed como tampoco a nivel nacional.<\/p>\n\n\n\n<p>As\u00ed es como el juez Bonad\u00edo proceso a\ndistintos intendentes y ex intendentes de distintas localidades donde se est\u00e1n\nanalizando las obras que se encuentran comprometidas a partir de fondos de los\nProgramas Municipales para la Gesti\u00f3n Integral de Residuos S\u00f3lidos Urbanos\n(GIRSU) entre 2013 y 2015 <\/p>\n\n\n\n<p>La Gesti\u00f3n Integral de Residuos S\u00f3lidos\nUrbanos (GIRSU) se bas\u00f3 en programas municipales destinado a dar soluci\u00f3n\nefectiva a la problem\u00e1tica de la generaci\u00f3n de residuos de los distritos.\nAplicado desde la Subsecretar\u00eda de Obras P\u00fablicas y Medioambiente dentro de un\nesquema abarcativo, junto a otras acciones (barrido, limpieza mantenimiento de\nespacios verdes) destinadas a mantener la est\u00e9tica urbana que caracteriza las\nciudades.<\/p>\n\n\n\n<p>Entre estos intendentes se encuentra el\nintendente de Carmen de Areco, Marcelo A. Skansi \u2013 Provincia de Buenos Aires\nque no pudo justificar ni m\u00ednimamente el incumplimiento de los pasos del GIRSU.<\/p>\n\n\n\n<p>\u00bfC\u00f3mo reciclarla? Es una pregunta cuya\nrespuesta encierra uno de los problemas m\u00e1s serios que enfrentan las ciudades y\nen la Argentina no es la excepci\u00f3n. La clave se encuentra en profundizar el\ncambio cultural para dejar de pensar el residuo como un desecho y entenderlo\ncomo un recurso.<\/p>\n\n\n\n<p>\u00bfSab\u00edas que una botella de vidrio tarda miles\nde a\u00f1os en descomponerse? Entender el impacto que tiene no meter cada producto\nen el envase correcto es motivo m\u00e1s que suficiente para aprender c\u00f3mo reciclar\ncorrectamente.<\/p>\n\n\n\n<p><em>\u201c<\/em><em>Para qu\u00e9 voy a\nreciclar, si luego todo va al mismo sitio<\/em><em>\u201c,<\/em> es un t\u00f3pico al que muchos recurren para\nexcusar por qu\u00e9 no empiezan a&nbsp;<strong>separar la basura en casa<\/strong><strong>.<\/strong> Sin embargo, esta afirmaci\u00f3n no es m\u00e1s que uno de los motivos por\nlos cuales los residuos acaban mezclados bajo tierra, tardando miles de a\u00f1os en\ndescomponerse y da\u00f1ando gravemente al ambiente.<\/p>\n\n\n\n<p>A pesar de que el ser humano es el\nresponsable de producir una gran cantidad de residuos, parece que a veces a\u00fan\nnos resistimos a reciclar. As\u00ed lo \u00fanico que logramos es perjudicarnos a\nnosotros mismos y al ambiente,&nbsp;tanto en el corto\nplazo como en el futuro de los que vendr\u00e1n.&nbsp;Para cualquier madre o padre\nesta es una cuesti\u00f3n preocupante. \u00bfTe has preguntado alguna vez qu\u00e9 tipo de\nplaneta se encontrar\u00e1n tus hijos e hijas en unos a\u00f1os?<\/p>\n\n\n\n<p>*Cristi\u00e1n Frers \u2013 T\u00e9cnico Superior en Gesti\u00f3n\nAmbiental y T\u00e9cnico Superior en Comunicaci\u00f3n Social (Periodista).<\/p>\n","protected":false},"excerpt":{"rendered":"<p>Por Cristi\u00e1n Frers* &#8211; La generaci\u00f3n de residuos s\u00f3lidos urbanos ha sido sin duda uno de los grandes desaf\u00edos de &#8230; <a title=\"\u00bfQu\u00e9 sucede con la basura en la Provincia de Buenos Aires?\" class=\"read-more\" href=\"https:\/\/www.hoymercedes.com.ar\/principal\/2019\/03\/08\/que-sucede-con-la-basura-en-la-provincia-de-buenos-aires\/\" aria-label=\"Leer m\u00e1s sobre \u00bfQu\u00e9 sucede con la basura en la Provincia de Buenos Aires?\">Leer m\u00e1s<\/a><\/p>\n","protected":false},"author":1,"featured_media":89130,"comment_status":"closed","ping_status":"open","sticky":false,"template":"","format":"standard","meta":{"_monsterinsights_skip_tracking":false,"_monsterinsights_sitenote_active":false,"_monsterinsights_sitenote_note":"","_monsterinsights_sitenote_category":0,"jetpack_post_was_ever_published":false,"_jetpack_newsletter_access":"","_jetpack_dont_email_post_to_subs":false,"_jetpack_newsletter_tier_id":0,"_jetpack_memberships_contains_paywalled_content":false,"_jetpack_memberships_contains_paid_content":false,"footnotes":"","jetpack_publicize_message":"","jetpack_publicize_feature_enabled":true,"jetpack_social_post_already_shared":true,"jetpack_social_options":{"image_generator_settings":{"template":"highway","default_image_id":0,"font":"","enabled":false},"version":2},"_wpas_customize_per_network":false},"categories":[1],"tags":[6049,43,8748],"class_list":["post-89129","post","type-post","status-publish","format-standard","has-post-thumbnail","hentry","category-opinion","tag-basurales","tag-medio-ambiente","tag-opinion","generate-columns","tablet-grid-50","mobile-grid-100","grid-parent","grid-50"],"jetpack_publicize_connections":[],"jetpack_featured_media_url":"https:\/\/www.hoymercedes.com.ar\/principal\/wp-content\/uploads\/2019\/03\/08-Ceamse-portada-archivo.jpg","wps_subtitle":"Medio ambiente","jetpack_sharing_enabled":true,"_links":{"self":[{"href":"https:\/\/www.hoymercedes.com.ar\/principal\/wp-json\/wp\/v2\/posts\/89129","targetHints":{"allow":["GET"]}}],"collection":[{"href":"https:\/\/www.hoymercedes.com.ar\/principal\/wp-json\/wp\/v2\/posts"}],"about":[{"href":"https:\/\/www.hoymercedes.com.ar\/principal\/wp-json\/wp\/v2\/types\/post"}],"author":[{"embeddable":true,"href":"https:\/\/www.hoymercedes.com.ar\/principal\/wp-json\/wp\/v2\/users\/1"}],"replies":[{"embeddable":true,"href":"https:\/\/www.hoymercedes.com.ar\/principal\/wp-json\/wp\/v2\/comments?post=89129"}],"version-history":[{"count":0,"href":"https:\/\/www.hoymercedes.com.ar\/principal\/wp-json\/wp\/v2\/posts\/89129\/revisions"}],"wp:featuredmedia":[{"embeddable":true,"href":"https:\/\/www.hoymercedes.com.ar\/principal\/wp-json\/wp\/v2\/media\/89130"}],"wp:attachment":[{"href":"https:\/\/www.hoymercedes.com.ar\/principal\/wp-json\/wp\/v2\/media?parent=89129"}],"wp:term":[{"taxonomy":"category","embeddable":true,"href":"https:\/\/www.hoymercedes.com.ar\/principal\/wp-json\/wp\/v2\/categories?post=89129"},{"taxonomy":"post_tag","embeddable":true,"href":"https:\/\/www.hoymercedes.com.ar\/principal\/wp-json\/wp\/v2\/tags?post=89129"}],"curies":[{"name":"wp","href":"https:\/\/api.w.org\/{rel}","templated":true}]}}