{"id":89133,"date":"2019-03-08T13:04:14","date_gmt":"2019-03-08T16:04:14","guid":{"rendered":"http:\/\/www.hoymercedes.com.ar\/principal\/?p=89133"},"modified":"2019-03-08T16:09:49","modified_gmt":"2019-03-08T19:09:49","slug":"peligra-la-fuente-de-trabajo-de-los-arquitectos","status":"publish","type":"post","link":"https:\/\/www.hoymercedes.com.ar\/principal\/2019\/03\/08\/peligra-la-fuente-de-trabajo-de-los-arquitectos\/","title":{"rendered":"\u00abPeligra la fuente de trabajo de los arquitectos\u00bb"},"content":{"rendered":"\n<p>El Distrito 5 del Colegio de Arquitectos de la Provincia de Buenos Aires, informa a sus matriculados y a la ciudadan\u00eda en general que \u00abel d\u00eda 13 de febrero de 2019 el Consejo Superior del Colegio de Arquitectos de la Provincia de Buenos Aires ha dictado la Resoluci\u00f3n N\u00b0 07\/19 que le impone al arquitecto que se desempe\u00f1a en relaci\u00f3n de dependencia o mediando contrato de servicio con cualquier tipo de conjuntos inmobiliarios, la presentaci\u00f3n de informes por cada verificaci\u00f3n que realiza a los fines de la adecuaci\u00f3n de los proyectos a los contratos o reglamentos existentes, asimismo, deber\u00e1 presentar dicho informe al visado colegial y, consecuentemente, erogar aportes y tasas de visado (C.E.P.), estableciendo en esos casos una doble imposici\u00f3n\u00bb.<\/p>\n\n\n\n<p>Asimismo, agregan que \u00abtal Resoluci\u00f3n, que pretende modificar de manera ilegal el art. 5 del Decreto 6964\/65, condiciona dr\u00e1sticamente nuestro desempe\u00f1o profesional en tanto genera en el caso del arquitecto mayores costos de los que deben asumir otros profesionales con competencias afines y para dichas urbanizaciones una doble imposici\u00f3n\u00bb.<\/p>\n\n\n\n<p>\u00abCabe aclarar, que el Distrito 5 del Colegio de Arquitectos de la Provincia de Buenos Aires, con fecha 12 de febrero de 2019, y con anterioridad al tratamiento y aprobaci\u00f3n de la Resoluci\u00f3n en cuesti\u00f3n, realiz\u00f3 una presentaci\u00f3n formal al Consejo Superior haciendo saber la postura y fundamentos de oposici\u00f3n a la misma. Consecuentemente y en atenci\u00f3n a la defensa del ejercicio profesional de nuestros matriculados, instaremos de ser necesario, las acciones judiciales pertinentes a los fines de dejar sin efecto la Resoluci\u00f3n dictada\u00bb, agregan en la comunicaci\u00f3n enviada a los medios.<br><\/p>\n","protected":false},"excerpt":{"rendered":"<p>El Distrito 5 del Colegio de Arquitectos de la Provincia de Buenos Aires, informa a sus matriculados y a la &#8230; <a title=\"\u00abPeligra la fuente de trabajo de los arquitectos\u00bb\" class=\"read-more\" href=\"https:\/\/www.hoymercedes.com.ar\/principal\/2019\/03\/08\/peligra-la-fuente-de-trabajo-de-los-arquitectos\/\" aria-label=\"Leer m\u00e1s sobre \u00abPeligra la fuente de trabajo de los arquitectos\u00bb\">Leer m\u00e1s<\/a><\/p>\n","protected":false},"author":1,"featured_media":81079,"comment_status":"closed","ping_status":"open","sticky":false,"template":"","format":"standard","meta":{"_monsterinsights_skip_tracking":false,"_monsterinsights_sitenote_active":false,"_monsterinsights_sitenote_note":"","_monsterinsights_sitenote_category":0,"jetpack_post_was_ever_published":false,"_jetpack_newsletter_access":"","_jetpack_dont_email_post_to_subs":false,"_jetpack_newsletter_tier_id":0,"_jetpack_memberships_contains_paywalled_content":false,"_jetpack_memberships_contains_paid_content":false,"footnotes":"","jetpack_publicize_message":"","jetpack_publicize_feature_enabled":true,"jetpack_social_post_already_shared":true,"jetpack_social_options":{"image_generator_settings":{"template":"highway","default_image_id":0,"font":"","enabled":false},"version":2},"_wpas_customize_per_network":false},"categories":[8],"tags":[6816,10458,8748],"class_list":["post-89133","post","type-post","status-publish","format-standard","has-post-thumbnail","hentry","category-sociedad","tag-colegio-de-arquitectos","tag-comunicacion","tag-opinion","generate-columns","tablet-grid-50","mobile-grid-100","grid-parent","grid-50"],"jetpack_publicize_connections":[],"jetpack_featured_media_url":"https:\/\/www.hoymercedes.com.ar\/principal\/wp-content\/uploads\/2018\/09\/14-fachada-arquitectos.jpg","wps_subtitle":"Comunicaci\u00f3n enviada por el Colegio de Arquitectos","jetpack_sharing_enabled":true,"_links":{"self":[{"href":"https:\/\/www.hoymercedes.com.ar\/principal\/wp-json\/wp\/v2\/posts\/89133","targetHints":{"allow":["GET"]}}],"collection":[{"href":"https:\/\/www.hoymercedes.com.ar\/principal\/wp-json\/wp\/v2\/posts"}],"about":[{"href":"https:\/\/www.hoymercedes.com.ar\/principal\/wp-json\/wp\/v2\/types\/post"}],"author":[{"embeddable":true,"href":"https:\/\/www.hoymercedes.com.ar\/principal\/wp-json\/wp\/v2\/users\/1"}],"replies":[{"embeddable":true,"href":"https:\/\/www.hoymercedes.com.ar\/principal\/wp-json\/wp\/v2\/comments?post=89133"}],"version-history":[{"count":0,"href":"https:\/\/www.hoymercedes.com.ar\/principal\/wp-json\/wp\/v2\/posts\/89133\/revisions"}],"wp:featuredmedia":[{"embeddable":true,"href":"https:\/\/www.hoymercedes.com.ar\/principal\/wp-json\/wp\/v2\/media\/81079"}],"wp:attachment":[{"href":"https:\/\/www.hoymercedes.com.ar\/principal\/wp-json\/wp\/v2\/media?parent=89133"}],"wp:term":[{"taxonomy":"category","embeddable":true,"href":"https:\/\/www.hoymercedes.com.ar\/principal\/wp-json\/wp\/v2\/categories?post=89133"},{"taxonomy":"post_tag","embeddable":true,"href":"https:\/\/www.hoymercedes.com.ar\/principal\/wp-json\/wp\/v2\/tags?post=89133"}],"curies":[{"name":"wp","href":"https:\/\/api.w.org\/{rel}","templated":true}]}}