{"id":89136,"date":"2019-03-08T17:45:20","date_gmt":"2019-03-08T20:45:20","guid":{"rendered":"http:\/\/www.hoymercedes.com.ar\/principal\/?p=89136"},"modified":"2019-03-08T16:19:59","modified_gmt":"2019-03-08T19:19:59","slug":"musica-para-las-mujeres-del-anexo-femenino-de-la-unidad-5","status":"publish","type":"post","link":"https:\/\/www.hoymercedes.com.ar\/principal\/2019\/03\/08\/musica-para-las-mujeres-del-anexo-femenino-de-la-unidad-5\/","title":{"rendered":"M\u00fasica para las mujeres del Anexo Femenino de la Unidad 5"},"content":{"rendered":"\n<p>En la tarde del jueves, las internas del Anexo Femenino de la Unidad Penitenciaria N\u00b0 5 disfrutaron de un espect\u00e1culo musical para conmemorar el D\u00eda Internacional de la Mujer. Son tres las actividades de la c\u00e1rcel arm\u00f3 para las internas, la primera fue en conjunto con Abogados, la tercera ser\u00e1 una jornada deportiva, mientras que la segunda fue musicalizada por Fernanda Ottolini. <\/p>\n\n\n\n<figure class=\"wp-block-image\"><img loading=\"lazy\" decoding=\"async\" width=\"750\" height=\"500\" data-attachment-id=\"89144\" data-permalink=\"https:\/\/www.hoymercedes.com.ar\/principal\/2019\/03\/08\/musica-para-las-mujeres-del-anexo-femenino-de-la-unidad-5\/08-carcel-mujeres\/#main\" data-orig-file=\"https:\/\/www.hoymercedes.com.ar\/principal\/wp-content\/uploads\/2019\/03\/08-carcel-mujeres.jpg\" data-orig-size=\"750,500\" data-comments-opened=\"0\" data-image-meta=\"{&quot;aperture&quot;:&quot;0&quot;,&quot;credit&quot;:&quot;&quot;,&quot;camera&quot;:&quot;&quot;,&quot;caption&quot;:&quot;&quot;,&quot;created_timestamp&quot;:&quot;0&quot;,&quot;copyright&quot;:&quot;&quot;,&quot;focal_length&quot;:&quot;0&quot;,&quot;iso&quot;:&quot;0&quot;,&quot;shutter_speed&quot;:&quot;0&quot;,&quot;title&quot;:&quot;&quot;,&quot;orientation&quot;:&quot;0&quot;}\" data-image-title=\"08 carcel mujeres\" data-image-description=\"\" data-image-caption=\"\" data-large-file=\"https:\/\/www.hoymercedes.com.ar\/principal\/wp-content\/uploads\/2019\/03\/08-carcel-mujeres.jpg\" src=\"https:\/\/www.hoymercedes.com.ar\/principal\/wp-content\/uploads\/2019\/03\/08-carcel-mujeres.jpg\" alt=\"\" class=\"wp-image-89144\" srcset=\"https:\/\/www.hoymercedes.com.ar\/principal\/wp-content\/uploads\/2019\/03\/08-carcel-mujeres.jpg 750w, https:\/\/www.hoymercedes.com.ar\/principal\/wp-content\/uploads\/2019\/03\/08-carcel-mujeres-150x100.jpg 150w, https:\/\/www.hoymercedes.com.ar\/principal\/wp-content\/uploads\/2019\/03\/08-carcel-mujeres-630x420.jpg 630w, https:\/\/www.hoymercedes.com.ar\/principal\/wp-content\/uploads\/2019\/03\/08-carcel-mujeres-720x480.jpg 720w, https:\/\/www.hoymercedes.com.ar\/principal\/wp-content\/uploads\/2019\/03\/08-carcel-mujeres-360x240.jpg 360w\" sizes=\"auto, (max-width: 750px) 100vw, 750px\" \/><\/figure>\n\n\n\n<p>Junto a las internas, Fernanda cant\u00f3 y anim\u00f3 a las mujeres privadas de su libertad alojadas en el Anexo Femenino de la c\u00e1rcel de Mercedes. Ellas bailaron y contaron las diferentes canciones y se rieron y disfrutaron de cada chiste del show. <\/p>\n\n\n\n<p>El Director de la Unidad Fabi\u00e1n G\u00f3mez, le agradeci\u00f3 a Fernanda Ottolini su visita y disposici\u00f3n para este d\u00eda, haciendo hincapi\u00e9 en que todas las expresiones culturales que se suman a la vida de las detenidas sirven para tener una perspectiva diferente de lo que les toca atravesar. Adem\u00e1s resalt\u00f3 que la artista vino de manera desinteresada a participar de la jornada especial.<br><\/p>\n","protected":false},"excerpt":{"rendered":"<p>En la tarde del jueves, las internas del Anexo Femenino de la Unidad Penitenciaria N\u00b0 5 disfrutaron de un espect\u00e1culo &#8230; <a title=\"M\u00fasica para las mujeres del Anexo Femenino de la Unidad 5\" class=\"read-more\" href=\"https:\/\/www.hoymercedes.com.ar\/principal\/2019\/03\/08\/musica-para-las-mujeres-del-anexo-femenino-de-la-unidad-5\/\" aria-label=\"Leer m\u00e1s sobre M\u00fasica para las mujeres del Anexo Femenino de la Unidad 5\">Leer m\u00e1s<\/a><\/p>\n","protected":false},"author":1,"featured_media":89144,"comment_status":"closed","ping_status":"open","sticky":false,"template":"","format":"standard","meta":{"_monsterinsights_skip_tracking":false,"_monsterinsights_sitenote_active":false,"_monsterinsights_sitenote_note":"","_monsterinsights_sitenote_category":0,"jetpack_post_was_ever_published":false,"_jetpack_newsletter_access":"","_jetpack_dont_email_post_to_subs":false,"_jetpack_newsletter_tier_id":0,"_jetpack_memberships_contains_paywalled_content":false,"_jetpack_memberships_contains_paid_content":false,"footnotes":"","jetpack_publicize_message":"","jetpack_publicize_feature_enabled":true,"jetpack_social_post_already_shared":true,"jetpack_social_options":{"image_generator_settings":{"template":"highway","default_image_id":0,"font":"","enabled":false},"version":2},"_wpas_customize_per_network":false},"categories":[8],"tags":[1011,525,11738],"class_list":["post-89136","post","type-post","status-publish","format-standard","has-post-thumbnail","hentry","category-sociedad","tag-carcel","tag-dia-de-la-mujer","tag-unidad-penitenciaria-n-5","generate-columns","tablet-grid-50","mobile-grid-100","grid-parent","grid-50"],"jetpack_publicize_connections":[],"jetpack_featured_media_url":"https:\/\/www.hoymercedes.com.ar\/principal\/wp-content\/uploads\/2019\/03\/08-carcel-mujeres.jpg","wps_subtitle":"Celebraci\u00f3n por el D\u00eda de la Mujer","jetpack_sharing_enabled":true,"_links":{"self":[{"href":"https:\/\/www.hoymercedes.com.ar\/principal\/wp-json\/wp\/v2\/posts\/89136","targetHints":{"allow":["GET"]}}],"collection":[{"href":"https:\/\/www.hoymercedes.com.ar\/principal\/wp-json\/wp\/v2\/posts"}],"about":[{"href":"https:\/\/www.hoymercedes.com.ar\/principal\/wp-json\/wp\/v2\/types\/post"}],"author":[{"embeddable":true,"href":"https:\/\/www.hoymercedes.com.ar\/principal\/wp-json\/wp\/v2\/users\/1"}],"replies":[{"embeddable":true,"href":"https:\/\/www.hoymercedes.com.ar\/principal\/wp-json\/wp\/v2\/comments?post=89136"}],"version-history":[{"count":0,"href":"https:\/\/www.hoymercedes.com.ar\/principal\/wp-json\/wp\/v2\/posts\/89136\/revisions"}],"wp:featuredmedia":[{"embeddable":true,"href":"https:\/\/www.hoymercedes.com.ar\/principal\/wp-json\/wp\/v2\/media\/89144"}],"wp:attachment":[{"href":"https:\/\/www.hoymercedes.com.ar\/principal\/wp-json\/wp\/v2\/media?parent=89136"}],"wp:term":[{"taxonomy":"category","embeddable":true,"href":"https:\/\/www.hoymercedes.com.ar\/principal\/wp-json\/wp\/v2\/categories?post=89136"},{"taxonomy":"post_tag","embeddable":true,"href":"https:\/\/www.hoymercedes.com.ar\/principal\/wp-json\/wp\/v2\/tags?post=89136"}],"curies":[{"name":"wp","href":"https:\/\/api.w.org\/{rel}","templated":true}]}}