{"id":89180,"date":"2019-03-08T20:39:59","date_gmt":"2019-03-08T23:39:59","guid":{"rendered":"http:\/\/www.hoymercedes.com.ar\/principal\/?p=89180"},"modified":"2019-03-08T20:41:13","modified_gmt":"2019-03-08T23:41:13","slug":"facundo-galovar-insiste-con-la-revancha-ante-walter-seqqueira","status":"publish","type":"post","link":"https:\/\/www.hoymercedes.com.ar\/principal\/2019\/03\/08\/facundo-galovar-insiste-con-la-revancha-ante-walter-seqqueira\/","title":{"rendered":"Facundo Galovar insiste con la revancha ante Walter Seqqueira"},"content":{"rendered":"\n<p><strong>Por Iv\u00e1n Alday.<\/strong> En la jornada de este lunes, el p\u00fagil oriundo de Yerba Buena, provincia de Tucum\u00e1n, fue contactado con <a href=\"https:\/\/www.facebook.com\/hashtag\/tdea?epa=HASHTAG\" target=\"_blank\" rel=\"noopener\">#TDEA<\/a> , a muy poco de cumplirse dos meses del atractivo combate que desarroll\u00f3 frente al mercedino Walter Sequeira, el pasado 11 de enero, en instalaciones del Torre\u00f3n del Monje, que termin\u00f3 con triunfo del \u00abYacar\u00e9\u00bb en las tarjetas y tras 10 asaltos que mantuvieron en vilo al p\u00fablico presente.<\/p>\n\n\n\n<figure class=\"wp-block-image\"><img loading=\"lazy\" decoding=\"async\" width=\"960\" height=\"720\" data-attachment-id=\"89181\" data-permalink=\"https:\/\/www.hoymercedes.com.ar\/principal\/2019\/03\/08\/facundo-galovar-insiste-con-la-revancha-ante-walter-seqqueira\/sequeira-galovar\/#main\" data-orig-file=\"https:\/\/www.hoymercedes.com.ar\/principal\/wp-content\/uploads\/2019\/03\/Sequeira-Galovar.jpg\" data-orig-size=\"960,720\" data-comments-opened=\"0\" data-image-meta=\"{&quot;aperture&quot;:&quot;0&quot;,&quot;credit&quot;:&quot;&quot;,&quot;camera&quot;:&quot;&quot;,&quot;caption&quot;:&quot;&quot;,&quot;created_timestamp&quot;:&quot;0&quot;,&quot;copyright&quot;:&quot;&quot;,&quot;focal_length&quot;:&quot;0&quot;,&quot;iso&quot;:&quot;0&quot;,&quot;shutter_speed&quot;:&quot;0&quot;,&quot;title&quot;:&quot;&quot;,&quot;orientation&quot;:&quot;0&quot;}\" data-image-title=\"Sequeira Galovar\" data-image-description=\"\" data-image-caption=\"\" data-large-file=\"https:\/\/www.hoymercedes.com.ar\/principal\/wp-content\/uploads\/2019\/03\/Sequeira-Galovar.jpg\" src=\"https:\/\/www.hoymercedes.com.ar\/principal\/wp-content\/uploads\/2019\/03\/Sequeira-Galovar.jpg\" alt=\"\" class=\"wp-image-89181\" srcset=\"https:\/\/www.hoymercedes.com.ar\/principal\/wp-content\/uploads\/2019\/03\/Sequeira-Galovar.jpg 960w, https:\/\/www.hoymercedes.com.ar\/principal\/wp-content\/uploads\/2019\/03\/Sequeira-Galovar-150x113.jpg 150w, https:\/\/www.hoymercedes.com.ar\/principal\/wp-content\/uploads\/2019\/03\/Sequeira-Galovar-630x473.jpg 630w, https:\/\/www.hoymercedes.com.ar\/principal\/wp-content\/uploads\/2019\/03\/Sequeira-Galovar-320x240.jpg 320w, https:\/\/www.hoymercedes.com.ar\/principal\/wp-content\/uploads\/2019\/03\/Sequeira-Galovar-100x75.jpg 100w\" sizes=\"auto, (max-width: 960px) 100vw, 960px\" \/><\/figure>\n\n\n\n<p>\u00abPaco\u00bb, de 25 a\u00f1os de edad, analiz\u00f3 su \u00faltima presentaci\u00f3n: \u00abpara mi punto de vista, el resultado era c\u00f3mo m\u00ednimo un empate, nunca me sent\u00ed perdedor\u00bb. <\/p>\n\n\n\n<p>Conforme a su \u00f3ptica manifiesta \u00abmaneje los tiempos de cada asalto, llevando el ritmo del combate\u00bb. Consultado sobre la preparaci\u00f3n para la segunda edici\u00f3n de este pleito que busca convertirse en un cl\u00e1sico del boxeo nacional dijo: \u00abestoy entrenando y poni\u00e9ndome a punto para una posible fecha (19 de Abril).<\/p>\n\n\n\n<p>Aclara que para la realizaci\u00f3n del evento marplatense fue informado con 10 d\u00edas de antelaci\u00f3n junto a su equipo y agrega que \u00abpese a los tiempos, su trabajo en el cuadril\u00e1tero fue bueno, ahora sol\u00f3 piensa en obtener un r\u00e1pido desquite y vencer por nocaut\u00bb.<\/p>\n\n\n\n<p>Con una mano respetable en el pugilismo Galovar tuvo en su r\u00e9cord profesional FAB noqueando a rivales como el entonces invicto bonaerense Lucas Cortez -en un round-, el porte\u00f1o Dami\u00e1n Garc\u00eda -en tres-, el santafesino Jorge Caraballo -en uno-, el rionegrino Juan Amaya -en siete-, domin\u00f3 al bonaerense Roberto Moreno, y tras fulminar a Juan Ju\u00e1rez en el primero, fue detenido por el entrerriano Wenceslao Mansilla en el quinto, previo a \u00c1lamos su experiencia Internacional.<\/p>\n\n\n\n<p>Sobre el escenario del combate manifiesta \u00abno tener problemas, prefiriendo un lugar neutro para ambos\u00bb.<\/p>\n\n\n\n<p>Concluye este contacto diciendo \u00abojal\u00e1 se de la revancha que me prometieron Sequeira y Rodriguez en el vestuario del Torre\u00f3n\u00bb. Por el lado del mercedino, representando al Macro Boxing Team contin\u00faa sus entrenamientos en Mercedes para luego instalarse en la Ciudad Aut\u00f3noma de Buenos Aires en donde se definir\u00e1 el camino a seguir en este 2019 que tiene dos retos: uno es el desquite con Galovar y el segundo un desafio por el Cetro Nacional Medio Pesado ante \u00abSiru\u00bb Acosta.<\/p>\n","protected":false},"excerpt":{"rendered":"<p>Por Iv\u00e1n Alday. En la jornada de este lunes, el p\u00fagil oriundo de Yerba Buena, provincia de Tucum\u00e1n, fue contactado &#8230; <a title=\"Facundo Galovar insiste con la revancha ante Walter Seqqueira\" class=\"read-more\" href=\"https:\/\/www.hoymercedes.com.ar\/principal\/2019\/03\/08\/facundo-galovar-insiste-con-la-revancha-ante-walter-seqqueira\/\" aria-label=\"Leer m\u00e1s sobre Facundo Galovar insiste con la revancha ante Walter Seqqueira\">Leer m\u00e1s<\/a><\/p>\n","protected":false},"author":1,"featured_media":89181,"comment_status":"closed","ping_status":"open","sticky":false,"template":"","format":"standard","meta":{"_monsterinsights_skip_tracking":false,"_monsterinsights_sitenote_active":false,"_monsterinsights_sitenote_note":"","_monsterinsights_sitenote_category":0,"jetpack_post_was_ever_published":false,"_jetpack_newsletter_access":"","_jetpack_dont_email_post_to_subs":false,"_jetpack_newsletter_tier_id":0,"_jetpack_memberships_contains_paywalled_content":false,"_jetpack_memberships_contains_paid_content":false,"footnotes":"","jetpack_publicize_message":"","jetpack_publicize_feature_enabled":true,"jetpack_social_post_already_shared":true,"jetpack_social_options":{"image_generator_settings":{"template":"highway","default_image_id":0,"font":"","enabled":false},"version":2},"_wpas_customize_per_network":false},"categories":[21],"tags":[1279,14594,14595],"class_list":["post-89180","post","type-post","status-publish","format-standard","has-post-thumbnail","hentry","category-deportes","tag-boxeo","tag-facundo-galovar","tag-paco-galovar","generate-columns","tablet-grid-50","mobile-grid-100","grid-parent","grid-50"],"jetpack_publicize_connections":[],"jetpack_featured_media_url":"https:\/\/www.hoymercedes.com.ar\/principal\/wp-content\/uploads\/2019\/03\/Sequeira-Galovar.jpg","wps_subtitle":"Boxeo","jetpack_sharing_enabled":true,"_links":{"self":[{"href":"https:\/\/www.hoymercedes.com.ar\/principal\/wp-json\/wp\/v2\/posts\/89180","targetHints":{"allow":["GET"]}}],"collection":[{"href":"https:\/\/www.hoymercedes.com.ar\/principal\/wp-json\/wp\/v2\/posts"}],"about":[{"href":"https:\/\/www.hoymercedes.com.ar\/principal\/wp-json\/wp\/v2\/types\/post"}],"author":[{"embeddable":true,"href":"https:\/\/www.hoymercedes.com.ar\/principal\/wp-json\/wp\/v2\/users\/1"}],"replies":[{"embeddable":true,"href":"https:\/\/www.hoymercedes.com.ar\/principal\/wp-json\/wp\/v2\/comments?post=89180"}],"version-history":[{"count":0,"href":"https:\/\/www.hoymercedes.com.ar\/principal\/wp-json\/wp\/v2\/posts\/89180\/revisions"}],"wp:featuredmedia":[{"embeddable":true,"href":"https:\/\/www.hoymercedes.com.ar\/principal\/wp-json\/wp\/v2\/media\/89181"}],"wp:attachment":[{"href":"https:\/\/www.hoymercedes.com.ar\/principal\/wp-json\/wp\/v2\/media?parent=89180"}],"wp:term":[{"taxonomy":"category","embeddable":true,"href":"https:\/\/www.hoymercedes.com.ar\/principal\/wp-json\/wp\/v2\/categories?post=89180"},{"taxonomy":"post_tag","embeddable":true,"href":"https:\/\/www.hoymercedes.com.ar\/principal\/wp-json\/wp\/v2\/tags?post=89180"}],"curies":[{"name":"wp","href":"https:\/\/api.w.org\/{rel}","templated":true}]}}