{"id":89225,"date":"2019-03-09T14:12:02","date_gmt":"2019-03-09T17:12:02","guid":{"rendered":"http:\/\/www.hoymercedes.com.ar\/principal\/?p=89225"},"modified":"2019-03-09T13:20:11","modified_gmt":"2019-03-09T16:20:11","slug":"radicalismo-entregara-distinciones-catalina-carusso-de-morra-a-ocho-mujeres-mercedinas","status":"publish","type":"post","link":"https:\/\/www.hoymercedes.com.ar\/principal\/2019\/03\/09\/radicalismo-entregara-distinciones-catalina-carusso-de-morra-a-ocho-mujeres-mercedinas\/","title":{"rendered":"Radicalismo entregar\u00e1 distinciones \u00abCatalina Carusso de Morra\u00bb a ocho mujeres mercedinas"},"content":{"rendered":"\n<p>Con motivo de haberse conmemorado el 8 de marzo, el D\u00eda Internacional de la Mujer, la Uni\u00f3n C\u00edvica Radical de Mercedes entregar\u00e1 las distinciones anuales evocando a la Intendenta Interina Catalina Carusso de Morra. Ser\u00e1n ocho las mujeres que reciban el reconocimiento el d\u00eda 15 de marzo, 20 horas, en el Comit\u00e9 de avenida 29. <\/p>\n\n\n\n<p>\u00abLa distinci\u00f3n se denomina \u201cCatalina Carusso de Morra\u201d, ya que la Uni\u00f3n C\u00edvica Radical, tiene el honor de haber contado con ella, quien fuera la primer y \u00fanica mujer intendente de nuestra ciudad. \u00c9ste, no va a ser un acto partidario, va a ser un acto de homenaje a todas las mujeres mercedinas\u00bb, explicaron desde el centenario partido. <\/p>\n\n\n\n<p>Este a\u00f1o recibir\u00e1n el reconocimiento: Sara Est\u00e9vez, Alejandra Chiminelli, Estella Petry, Celide Blas, Mariel Guerrero, M\u00f3nica Brown, Berta Chudnobsky (La Abuela Berta) y Susana Castagneto. <\/p>\n\n\n\n<p>El acto ser\u00e1 el pr\u00f3ximo viernes 15 de marzo a las 20 hs, en el Comit\u00e9 de Distrito de la UCR en Avda. 29 N\u00b0 714 entre 30 y 32.<br><\/p>\n","protected":false},"excerpt":{"rendered":"<p>Con motivo de haberse conmemorado el 8 de marzo, el D\u00eda Internacional de la Mujer, la Uni\u00f3n C\u00edvica Radical de &#8230; <a title=\"Radicalismo entregar\u00e1 distinciones \u00abCatalina Carusso de Morra\u00bb a ocho mujeres mercedinas\" class=\"read-more\" href=\"https:\/\/www.hoymercedes.com.ar\/principal\/2019\/03\/09\/radicalismo-entregara-distinciones-catalina-carusso-de-morra-a-ocho-mujeres-mercedinas\/\" aria-label=\"Leer m\u00e1s sobre Radicalismo entregar\u00e1 distinciones \u00abCatalina Carusso de Morra\u00bb a ocho mujeres mercedinas\">Leer m\u00e1s<\/a><\/p>\n","protected":false},"author":1,"featured_media":73668,"comment_status":"closed","ping_status":"open","sticky":false,"template":"","format":"standard","meta":{"_monsterinsights_skip_tracking":false,"_monsterinsights_sitenote_active":false,"_monsterinsights_sitenote_note":"","_monsterinsights_sitenote_category":0,"jetpack_post_was_ever_published":false,"_jetpack_newsletter_access":"","_jetpack_dont_email_post_to_subs":false,"_jetpack_newsletter_tier_id":0,"_jetpack_memberships_contains_paywalled_content":false,"_jetpack_memberships_contains_paid_content":false,"footnotes":"","jetpack_publicize_message":"","jetpack_publicize_feature_enabled":true,"jetpack_social_post_already_shared":true,"jetpack_social_options":{"image_generator_settings":{"template":"highway","default_image_id":0,"font":"","enabled":false},"version":2},"_wpas_customize_per_network":false},"categories":[8],"tags":[525,14602,408],"class_list":["post-89225","post","type-post","status-publish","format-standard","has-post-thumbnail","hentry","category-sociedad","tag-dia-de-la-mujer","tag-distincion-catalina-carusso-de-morra","tag-ucr","generate-columns","tablet-grid-50","mobile-grid-100","grid-parent","grid-50"],"jetpack_publicize_connections":[],"jetpack_featured_media_url":"https:\/\/www.hoymercedes.com.ar\/principal\/wp-content\/uploads\/2018\/03\/20-Catalina-Carusso-de-Morra.jpg","wps_subtitle":"Homenaje a las mujeres","jetpack_sharing_enabled":true,"_links":{"self":[{"href":"https:\/\/www.hoymercedes.com.ar\/principal\/wp-json\/wp\/v2\/posts\/89225","targetHints":{"allow":["GET"]}}],"collection":[{"href":"https:\/\/www.hoymercedes.com.ar\/principal\/wp-json\/wp\/v2\/posts"}],"about":[{"href":"https:\/\/www.hoymercedes.com.ar\/principal\/wp-json\/wp\/v2\/types\/post"}],"author":[{"embeddable":true,"href":"https:\/\/www.hoymercedes.com.ar\/principal\/wp-json\/wp\/v2\/users\/1"}],"replies":[{"embeddable":true,"href":"https:\/\/www.hoymercedes.com.ar\/principal\/wp-json\/wp\/v2\/comments?post=89225"}],"version-history":[{"count":0,"href":"https:\/\/www.hoymercedes.com.ar\/principal\/wp-json\/wp\/v2\/posts\/89225\/revisions"}],"wp:featuredmedia":[{"embeddable":true,"href":"https:\/\/www.hoymercedes.com.ar\/principal\/wp-json\/wp\/v2\/media\/73668"}],"wp:attachment":[{"href":"https:\/\/www.hoymercedes.com.ar\/principal\/wp-json\/wp\/v2\/media?parent=89225"}],"wp:term":[{"taxonomy":"category","embeddable":true,"href":"https:\/\/www.hoymercedes.com.ar\/principal\/wp-json\/wp\/v2\/categories?post=89225"},{"taxonomy":"post_tag","embeddable":true,"href":"https:\/\/www.hoymercedes.com.ar\/principal\/wp-json\/wp\/v2\/tags?post=89225"}],"curies":[{"name":"wp","href":"https:\/\/api.w.org\/{rel}","templated":true}]}}